{"id":650169,"date":"2023-10-27T18:28:56","date_gmt":"2023-10-27T14:28:56","guid":{"rendered":"https:\/\/arantv.az\/?p=650169"},"modified":"2023-10-27T18:28:56","modified_gmt":"2023-10-27T14:28:56","slug":"dovl%c9%99t-d%c9%99niz-v%c9%99-liman-agentliyi-idar%c9%99-hey%c9%99tinin-s%c9%99dri-arif-m%c9%99mm%c9%99dov-dosye","status":"publish","type":"post","link":"https:\/\/arantv.az\/?p=650169","title":{"rendered":"D\u00f6vl\u0259t D\u0259niz v\u0259 Liman Agentliyi \u0130dar\u0259 Hey\u0259tinin s\u0259dri Arif M\u0259mm\u0259dov &#8211; DOSYE"},"content":{"rendered":"<p>Prezident \u0130lham \u018fliyevin bu g\u00fcn imzalad\u0131\u011f\u0131 s\u0259r\u0259ncamla R\u0259q\u0259msal \u0130nki\u015faf v\u0259 N\u0259qliyyat Nazirliyinin tabeliyind\u0259 D\u00f6vl\u0259t D\u0259niz v\u0259 Liman Agentliyi \u0130dar\u0259 Hey\u0259tinin s\u0259dri Arif M\u0259mm\u0259dov\u00a0v\u0259zif\u0259sind\u0259n azad edilib.<\/p>\n<p><strong>ARANTV.AZ\u00a0 <\/strong>xat\u0131rlad\u0131r ki, Arif Balo\u011flan o\u011flu M\u0259mm\u0259dov 1982-ci ild\u0259 Bak\u0131 \u015f\u0259h\u0259rind\u0259 anadan olub.<\/p>\n<p>2003-c\u00fc ild\u0259 Bak\u0131 D\u00f6vl\u0259t Universitetinin Beyn\u0259lxalq m\u00fcnasib\u0259tl\u0259r \u00fczr\u0259 bakalavr, 2005-ci ild\u0259 is\u0259 s\u00f6z\u00fcged\u0259n ali t\u0259hsil oca\u011f\u0131n\u0131 h\u0259min ixtisas \u00fczr\u0259 magistratura s\u0259viyy\u0259sind\u0259 f\u0259rql\u0259nm\u0259 diplomlar\u0131 il\u0259 bitirib.<\/p>\n<p>2010-cu ild\u0259 \u00c7exiyan\u0131n Praqa Metropolitan Universitetinin Beyn\u0259lxalq m\u00fcnasib\u0259tl\u0259r v\u0259 Avropa ara\u015fd\u0131rmalar\u0131 ixtisas\u0131 \u00fczr\u0259 magistratura s\u0259viyy\u0259sind\u0259 t\u0259hsil alaraq f\u0259rql\u0259nm\u0259 diplomuna layiq g\u00f6r\u00fcl\u00fcb.<\/p>\n<p>2017-ci ild\u0259 Kanadada Ottava Universitetinin Tefler \u0130dar\u0259\u00e7ilik M\u0259kt\u0259bind\u0259 Biznes \u0130dar\u0259\u00e7iliyi \u00fczr\u0259 magistr d\u0259r\u0259c\u0259si al\u0131b.<\/p>\n<p>Sabiq s\u0259dr 2004-2007-ci ill\u0259rd\u0259 Az\u0259rbaycan Respublikas\u0131 Xarici \u0130\u015fl\u0259r Nazirliyind\u0259 atta\u015fe, 2007-2012-ci ill\u0259rd\u0259 Az\u0259rbaycan Respublikas\u0131n\u0131n \u00c7exiyadak\u0131 s\u0259firliyind\u0259 \u00fc\u00e7\u00fcnc\u00fc v\u0259 ikinci katib, 2012-2016-ci ill\u0259rd\u0259 is\u0259 Az\u0259rbaycan Respublikas\u0131n\u0131n Kanadadak\u0131 s\u0259firliyind\u0259 birinci katib olub.<\/p>\n<p>2017-2018-ci ill\u0259rd\u0259 Az\u0259rbaycan Respublikas\u0131 Xarici \u0130\u015fl\u0259r Nazirliyind\u0259 Humanitar m\u0259s\u0259l\u0259l\u0259r \u015f\u00f6b\u0259sinin m\u00fcdiri v\u0259zif\u0259sind\u0259 \u00e7al\u0131\u015f\u0131b.<\/p>\n<p>2018-ci ilin mart ay\u0131ndan 2020-ci ilin aprelin\u0259 kimi Az\u0259rbaycan Respublikas\u0131n\u0131n \u0130sve\u00e7r\u0259d\u0259ki s\u0259firliyind\u0259 m\u00fc\u015favir olub.<\/p>\n<p>O h\u0259m\u00e7inin, 2020-ci ilin aprelind\u0259n 2021-ci ilin may ay\u0131na kimi Az\u0259rbaycan Respublikas\u0131 Prezidentinin Administrasiyas\u0131nda b\u00f6y\u00fck m\u0259sl\u0259h\u0259t\u00e7i v\u0259 sektor m\u00fcdiri v\u0259zif\u0259l\u0259rind\u0259 \u00e7al\u0131\u015f\u0131b.<\/p>\n<p>2021-ci ilin may ay\u0131nda N\u0259qliyyat, Rabit\u0259, Y\u00fcks\u0259k Texnologiyalar Nazirliyinin N\u0259qliyyat siyas\u0259ti \u015f\u00f6b\u0259sinin m\u00fcdiri v\u0259zif\u0259sind\u0259 \u00e7al\u0131\u015fma\u011fa ba\u015flay\u0131b.<\/p>\n<p>Arif M\u0259mm\u0259dov Az\u0259rbaycan Respublikas\u0131 Prezidentinin 2021-ci il 27 oktyabr tarixli S\u0259r\u0259ncam\u0131 il\u0259 R\u0259q\u0259msal \u0130nki\u015faf v\u0259 N\u0259qliyyat Nazirliyinin tabeliyind\u0259ki D\u00f6vl\u0259t D\u0259niz v\u0259 Liman Agentliyinin \u0130dar\u0259 Hey\u0259tinin s\u0259dri v\u0259zif\u0259sin\u0259 t\u0259yin olunmu\u015fdu.<\/p>\n<p>Rus v\u0259 ingilis dill\u0259rini bilir.<\/p>\n<p>Ail\u0259lidir, bir \u00f6vlad\u0131 var.<\/p>\n","protected":false},"excerpt":{"rendered":"<p>Prezident \u0130lham \u018fliyevin bu g\u00fcn imzalad\u0131\u011f\u0131 s\u0259r\u0259ncamla R\u0259q\u0259msal \u0130nki\u015faf v\u0259 N\u0259qliyyat Nazirliyinin tabeliyind\u0259 D\u00f6vl\u0259t D\u0259niz v\u0259 Liman Agentliyi \u0130dar\u0259 Hey\u0259tinin s\u0259dri Arif M\u0259mm\u0259dov\u00a0v\u0259zif\u0259sind\u0259n azad edilib. ARANTV.AZ\u00a0 xat\u0131rlad\u0131r ki, Arif Balo\u011flan o\u011flu M\u0259mm\u0259dov 1982-ci ild\u0259 Bak\u0131 \u015f\u0259h\u0259rind\u0259 anadan olub. 2003-c\u00fc ild\u0259 Bak\u0131 D\u00f6vl\u0259t Universitetinin Beyn\u0259lxalq m\u00fcnasib\u0259tl\u0259r \u00fczr\u0259 bakalavr, 2005-ci ild\u0259 is\u0259 s\u00f6z\u00fcged\u0259n ali t\u0259hsil oca\u011f\u0131n\u0131 h\u0259min ixtisas \u00fczr\u0259 magistratura s\u0259viyy\u0259sind\u0259 f\u0259rql\u0259nm\u0259 diplomlar\u0131 il\u0259 bitirib. 2010-cu ild\u0259 \u00c7exiyan\u0131n Praqa Metropolitan Universitetinin Beyn\u0259lxalq m\u00fcnasib\u0259tl\u0259r v\u0259 Avropa ara\u015fd\u0131rmalar\u0131 ixtisas\u0131 \u00fczr\u0259 magistratura s\u0259viyy\u0259sind\u0259 t\u0259hsil alaraq f\u0259rql\u0259nm\u0259 diplomuna layiq g\u00f6r\u00fcl\u00fcb. 2017-ci ild\u0259 Kanadada Ottava Universitetinin Tefler&hellip;<\/p>\n","protected":false},"author":2,"featured_media":650172,"comment_status":"closed","ping_status":"closed","sticky":false,"template":"","format":"standard","meta":{"om_disable_all_campaigns":false,"_monsterinsights_skip_tracking":false,"_monsterinsights_sitenote_active":false,"_monsterinsights_sitenote_note":"","_monsterinsights_sitenote_category":0},"categories":[4],"tags":[],"aioseo_notices":[],"gutentor_comment":0,"rttpg_featured_image_url":{"full":["https:\/\/arantv.az\/wp-content\/uploads\/2023\/10\/FotoJet-35-2.jpg",620,413,false],"landscape":["https:\/\/arantv.az\/wp-content\/uploads\/2023\/10\/FotoJet-35-2.jpg",620,413,false],"portraits":["https:\/\/arantv.az\/wp-content\/uploads\/2023\/10\/FotoJet-35-2.jpg",620,413,false],"thumbnail":["https:\/\/arantv.az\/wp-content\/uploads\/2023\/10\/FotoJet-35-2-500x280.jpg",500,280,true],"medium":["https:\/\/arantv.az\/wp-content\/uploads\/2023\/10\/FotoJet-35-2-548x365.jpg",548,365,true],"large":["https:\/\/arantv.az\/wp-content\/uploads\/2023\/10\/FotoJet-35-2.jpg",620,413,false],"1536x1536":["https:\/\/arantv.az\/wp-content\/uploads\/2023\/10\/FotoJet-35-2.jpg",620,413,false],"2048x2048":["https:\/\/arantv.az\/wp-content\/uploads\/2023\/10\/FotoJet-35-2.jpg",620,413,false],"post-thumbnail":["https:\/\/arantv.az\/wp-content\/uploads\/2023\/10\/FotoJet-35-2-240x172.jpg",240,172,true],"advps-thumb-one":["https:\/\/arantv.az\/wp-content\/uploads\/2023\/10\/FotoJet-35-2.jpg",620,413,false]},"rttpg_author":{"display_name":"V\u00fcsal Rafiqo\u011flu","author_link":"https:\/\/arantv.az\/?author=2"},"rttpg_comment":0,"rttpg_category":"<a href=\"https:\/\/arantv.az\/?cat=4\" rel=\"category\">Siyas\u0259t<\/a>","rttpg_excerpt":"Prezident \u0130lham \u018fliyevin bu g\u00fcn imzalad\u0131\u011f\u0131 s\u0259r\u0259ncamla R\u0259q\u0259msal \u0130nki\u015faf v\u0259 N\u0259qliyyat Nazirliyinin tabeliyind\u0259 D\u00f6vl\u0259t D\u0259niz v\u0259 Liman Agentliyi \u0130dar\u0259 Hey\u0259tinin s\u0259dri Arif M\u0259mm\u0259dov\u00a0v\u0259zif\u0259sind\u0259n azad edilib. ARANTV.AZ\u00a0 xat\u0131rlad\u0131r ki, Arif Balo\u011flan o\u011flu M\u0259mm\u0259dov 1982-ci ild\u0259 Bak\u0131 \u015f\u0259h\u0259rind\u0259 anadan olub. 2003-c\u00fc ild\u0259 Bak\u0131 D\u00f6vl\u0259t Universitetinin Beyn\u0259lxalq m\u00fcnasib\u0259tl\u0259r \u00fczr\u0259 bakalavr, 2005-ci ild\u0259 is\u0259 s\u00f6z\u00fcged\u0259n ali t\u0259hsil oca\u011f\u0131n\u0131 h\u0259min&hellip;","_links":{"self":[{"href":"https:\/\/arantv.az\/index.php?rest_route=\/wp\/v2\/posts\/650169"}],"collection":[{"href":"https:\/\/arantv.az\/index.php?rest_route=\/wp\/v2\/posts"}],"about":[{"href":"https:\/\/arantv.az\/index.php?rest_route=\/wp\/v2\/types\/post"}],"author":[{"embeddable":true,"href":"https:\/\/arantv.az\/index.php?rest_route=\/wp\/v2\/users\/2"}],"replies":[{"embeddable":true,"href":"https:\/\/arantv.az\/index.php?rest_route=%2Fwp%2Fv2%2Fcomments&post=650169"}],"version-history":[{"count":0,"href":"https:\/\/arantv.az\/index.php?rest_route=\/wp\/v2\/posts\/650169\/revisions"}],"wp:featuredmedia":[{"embeddable":true,"href":"https:\/\/arantv.az\/index.php?rest_route=\/wp\/v2\/media\/650172"}],"wp:attachment":[{"href":"https:\/\/arantv.az\/index.php?rest_route=%2Fwp%2Fv2%2Fmedia&parent=650169"}],"wp:term":[{"taxonomy":"category","embeddable":true,"href":"https:\/\/arantv.az\/index.php?rest_route=%2Fwp%2Fv2%2Fcategories&post=650169"},{"taxonomy":"post_tag","embeddable":true,"href":"https:\/\/arantv.az\/index.php?rest_route=%2Fwp%2Fv2%2Ftags&post=650169"}],"curies":[{"name":"wp","href":"https:\/\/api.w.org\/{rel}","templated":true}]}}