{"id":650179,"date":"2023-10-27T18:30:48","date_gmt":"2023-10-27T14:30:48","guid":{"rendered":"https:\/\/arantv.az\/?p=650179"},"modified":"2023-10-27T18:30:48","modified_gmt":"2023-10-27T14:30:48","slug":"pasinyanin-utopik-sulh-k%c9%99sism%c9%99si-s%c9%99rh","status":"publish","type":"post","link":"https:\/\/arantv.az\/?p=650179","title":{"rendered":"Pa\u015finyan\u0131n utopik \u201cs\u00fclh k\u0259si\u015fm\u0259si\u201d &#8211; \u015e\u018fRH"},"content":{"rendered":"<p>Tbilisid\u0259 G\u00fcrc\u00fcstan, Az\u0259rbaycan v\u0259 Erm\u0259nistan ba\u015f nazirl\u0259rinin i\u015ftirak\u0131 il\u0259 ke\u00e7iril\u0259n \u0130p\u0259k Yolu Beyn\u0259lxalq Forumunda Nikol Pa\u015finyan s\u00fclh \u00fc\u00e7\u00fcn tezisl\u0259rini s\u0259sl\u0259ndirib.<\/p>\n<p>Pa\u015finyan \u201cS\u00fclh\u00fcn k\u0259si\u015fm\u0259si\u201d ad\u0131 alt\u0131nda t\u0259qdim etdiyi layih\u0259d\u0259 regional kommunikasiyalar\u0131n a\u00e7\u0131lmas\u0131n\u0131, f\u0259al iqtisadi, siyasi v\u0259 m\u0259d\u0259ni m\u0259s\u0259l\u0259l\u0259ri vahid paketd\u0259 g\u00f6st\u0259rib.<\/p>\n<p>Pa\u015finyandan iqtibas: \u201cC\u0259nubi Qafqaza s\u00fclh laz\u0131md\u0131r, \u00f6lk\u0259l\u0259r a\u00e7\u0131q s\u0259rh\u0259dl\u0259rl\u0259 ya\u015fay\u0131rlar. \u00d6lk\u0259l\u0259r f\u0259al iqtisadi, siyasi, m\u0259d\u0259ni v\u0259 insan \u0259laq\u0259l\u0259ril\u0259 ba\u011fl\u0131d\u0131r, b\u00fct\u00fcn m\u0259s\u0259l\u0259l\u0259rin diplomatik v\u0259 dialoq yolu il\u0259 h\u0259lli \u00fczr\u0259 t\u0259cr\u00fcb\u0259si v\u0259 \u0259n\u0259n\u0259l\u0259ri toplay\u0131blar. B\u00fct\u00fcn bunlar yollar olmadan m\u00fcmk\u00fcn deyil. Bu layih\u0259nin \u0259sas m\u0259nas\u0131 Erm\u0259nistan, T\u00fcrkiy\u0259, Az\u0259rbaycan v\u0259 \u0130ran aras\u0131nda kommunikasiyalar\u0131n inki\u015faf\u0131d\u0131r\u201d.<\/p>\n<p>Pa\u015finyan\u0131n s\u00fclh qov\u015fa\u011f\u0131 m\u00fc\u0259yy\u0259n zahiri g\u00f6rk\u0259m\u0259 malik olsa da, batin c\u0259h\u0259td\u0259n xeyli \u015f\u00fcbh\u0259li g\u00f6r\u00fcn\u00fcr.<\/p>\n<p><strong>Birinci s\u0259b\u0259b<\/strong><\/p>\n<p>Erm\u0259nistan regionda kommunikasiyalar\u0131n a\u00e7\u0131lmas\u0131 \u00fc\u00e7\u00fcn he\u00e7 bir real add\u0131m atmay\u0131b, uza\u011fa getm\u0259k laz\u0131m deyil, Z\u0259ng\u0259zur d\u0259hlizi layih\u0259sinin kontekstind\u0259 bunun ayd\u0131n ni\u015fan\u0259l\u0259rini g\u00f6rm\u0259k m\u00fcmk\u00fcnd\u00fcr. Pa\u015finyan\u0131n \u00f6hd\u0259likl\u0259rd\u0259n boyun qa\u00e7\u0131rmas\u0131 yeni fakt deyil, Z\u0259ng\u0259zur d\u0259hlizi il\u0259 ba\u011fl\u0131 is\u0259 manipulyasiya edir. Fikir vers\u0259k, g\u00f6r\u0259rik ki, Pa\u015finyan Z\u0259ng\u0259zur d\u0259hlizi layih\u0259sinin ad\u0131n\u0131 \u00e7\u0259kmir, \u00fcmumi fonda regional kommunikasiyalar\u0131n a\u00e7\u0131q olmas\u0131n\u0131n vacibliyind\u0259n b\u0259hs edir. Bunun \u00f6z\u00fc qeyri-m\u00fc\u0259yy\u0259n m\u00f6vqedir.<\/p>\n<p><strong>\u0130kinci s\u0259b\u0259b<\/strong><\/p>\n<p>Pa\u015finyan Erm\u0259nistan\u0131n regional layih\u0259l\u0259rd\u0259ki i\u015ftirak\u0131n\u0131 stimulla\u015fd\u0131racaq layih\u0259sind\u0259 Rusiyan\u0131 k\u0259nara qoyur. Halbuki, regionda Rusiyan\u0131n i\u015ftirak\u0131 olmadan bel\u0259 layih\u0259l\u0259rin ba\u015f tutmas\u0131 \u00e7\u0259tindir. \u00dcst\u0259g\u0259l, Pa\u015finyan bunu Erm\u0259nistanla Rusiya aras\u0131ndak\u0131 g\u0259rgin m\u00fcnasib\u0259tl\u0259rin fonunda deyirs\u0259, bu, ba\u015fqa oyun\u00e7ular\u0131 Moskvaya qar\u015f\u0131 qoymaq c\u0259hdidir.<\/p>\n<p><strong>\u00dc\u00e7\u00fcnc\u00fc s\u0259b\u0259b<\/strong><\/p>\n<p>Pa\u015finyan\u0131n regional d\u0259mir yollar\u0131 v\u0259 avtomobil kommunikasiyalar\u0131 il\u0259 \u0259laq\u0259dar layih\u0259si Fars K\u00f6rf\u0259zi-Qara d\u0259niz mar\u015frutunun birl\u0259\u015fdirilm\u0259si \u00fc\u00e7\u00fcn naqil tapma\u011fa y\u00f6n\u0259lib. Bu is\u0259 Az\u0259rbaycan\u0131n Z\u0259ng\u0259zur d\u0259hlizi layih\u0259sinin strateji \u0259saslar\u0131 il\u0259 uy\u011funluq t\u0259\u015fkil etmir. El\u0259 \u0130ran, Hindistan\u0131n da m\u0259qs\u0259dl\u0259ri Z\u0259ng\u0259zur d\u0259hlizi layih\u0259sini k\u0259narda qoymaq \u00fc\u00e7\u00fcn Fars K\u00f6rf\u0259zi-Qara d\u0259niz x\u0259ttini realla\u015fd\u0131rmaqd\u0131r.<\/p>\n<p><strong>D\u00f6rd\u00fcnc\u00fc s\u0259b\u0259b<\/strong><\/p>\n<p>Pa\u015finyan\u0131n layih\u0259sinin maliyy\u0259 qaynaqlar\u0131n\u0131 tapmaq \u00e7\u0259tindir. Haz\u0131r Z\u0259ng\u0259zur d\u0259hlizi layih\u0259si var ik\u0259n, Pa\u015finyan\u0131n m\u00fcr\u0259kk\u0259b relyefli co\u011frafiyada y\u00fcz kilometrl\u0259rl\u0259 yollar\u0131n, d\u0259miryolunun v\u0259 sair \u00e7\u0259kilm\u0259sini ist\u0259m\u0259si Erm\u0259nistan\u0131n qeyri-m\u00fc\u0259yy\u0259n proqram\u0131 kimi ba\u015fa d\u00fc\u015f\u00fclm\u0259lidir.<\/p>\n<p>Erm\u0259nistan bu zamana q\u0259d\u0259r \u0259n q\u0131sa yolun \u00e7\u0259kili\u015fini d\u0259 h\u0259ll ed\u0259 bilm\u0259yib &#8211; uzun ill\u0259rdir \u0130randan magistral yol, d\u0259miryol x\u0259tti \u00e7\u0259km\u0259k ist\u0259y\u0259n Erm\u0259nistan buna v\u0259sait tapmad\u0131.<\/p>\n<p>Bu m\u0259nada Pa\u015finyan\u0131n ideyas\u0131n\u0131n realla\u015faca\u011f\u0131 inand\u0131r\u0131c\u0131 deyil, h\u0259tta ba\u015f nazirin t\u0259qdim etdiyi plan utopik bir xarakterd\u0259dir.<\/p>\n","protected":false},"excerpt":{"rendered":"<p>Tbilisid\u0259 G\u00fcrc\u00fcstan, Az\u0259rbaycan v\u0259 Erm\u0259nistan ba\u015f nazirl\u0259rinin i\u015ftirak\u0131 il\u0259 ke\u00e7iril\u0259n \u0130p\u0259k Yolu Beyn\u0259lxalq Forumunda Nikol Pa\u015finyan s\u00fclh \u00fc\u00e7\u00fcn tezisl\u0259rini s\u0259sl\u0259ndirib. Pa\u015finyan \u201cS\u00fclh\u00fcn k\u0259si\u015fm\u0259si\u201d ad\u0131 alt\u0131nda t\u0259qdim etdiyi layih\u0259d\u0259 regional kommunikasiyalar\u0131n a\u00e7\u0131lmas\u0131n\u0131, f\u0259al iqtisadi, siyasi v\u0259 m\u0259d\u0259ni m\u0259s\u0259l\u0259l\u0259ri vahid paketd\u0259 g\u00f6st\u0259rib. Pa\u015finyandan iqtibas: \u201cC\u0259nubi Qafqaza s\u00fclh laz\u0131md\u0131r, \u00f6lk\u0259l\u0259r a\u00e7\u0131q s\u0259rh\u0259dl\u0259rl\u0259 ya\u015fay\u0131rlar. \u00d6lk\u0259l\u0259r f\u0259al iqtisadi, siyasi, m\u0259d\u0259ni v\u0259 insan \u0259laq\u0259l\u0259ril\u0259 ba\u011fl\u0131d\u0131r, b\u00fct\u00fcn m\u0259s\u0259l\u0259l\u0259rin diplomatik v\u0259 dialoq yolu il\u0259 h\u0259lli \u00fczr\u0259 t\u0259cr\u00fcb\u0259si v\u0259 \u0259n\u0259n\u0259l\u0259ri toplay\u0131blar. B\u00fct\u00fcn bunlar yollar olmadan m\u00fcmk\u00fcn deyil. Bu layih\u0259nin \u0259sas m\u0259nas\u0131 Erm\u0259nistan, T\u00fcrkiy\u0259, Az\u0259rbaycan v\u0259 \u0130ran aras\u0131nda kommunikasiyalar\u0131n inki\u015faf\u0131d\u0131r\u201d.&hellip;<\/p>\n","protected":false},"author":2,"featured_media":650180,"comment_status":"closed","ping_status":"closed","sticky":false,"template":"","format":"standard","meta":{"om_disable_all_campaigns":false,"_monsterinsights_skip_tracking":false,"_monsterinsights_sitenote_active":false,"_monsterinsights_sitenote_note":"","_monsterinsights_sitenote_category":0},"categories":[4],"tags":[],"aioseo_notices":[],"gutentor_comment":0,"rttpg_featured_image_url":{"full":["https:\/\/arantv.az\/wp-content\/uploads\/2023\/10\/41101_b.jpg",620,413,false],"landscape":["https:\/\/arantv.az\/wp-content\/uploads\/2023\/10\/41101_b.jpg",620,413,false],"portraits":["https:\/\/arantv.az\/wp-content\/uploads\/2023\/10\/41101_b.jpg",620,413,false],"thumbnail":["https:\/\/arantv.az\/wp-content\/uploads\/2023\/10\/41101_b-500x280.jpg",500,280,true],"medium":["https:\/\/arantv.az\/wp-content\/uploads\/2023\/10\/41101_b-548x365.jpg",548,365,true],"large":["https:\/\/arantv.az\/wp-content\/uploads\/2023\/10\/41101_b.jpg",620,413,false],"1536x1536":["https:\/\/arantv.az\/wp-content\/uploads\/2023\/10\/41101_b.jpg",620,413,false],"2048x2048":["https:\/\/arantv.az\/wp-content\/uploads\/2023\/10\/41101_b.jpg",620,413,false],"post-thumbnail":["https:\/\/arantv.az\/wp-content\/uploads\/2023\/10\/41101_b-240x172.jpg",240,172,true],"advps-thumb-one":["https:\/\/arantv.az\/wp-content\/uploads\/2023\/10\/41101_b.jpg",620,413,false]},"rttpg_author":{"display_name":"V\u00fcsal Rafiqo\u011flu","author_link":"https:\/\/arantv.az\/?author=2"},"rttpg_comment":0,"rttpg_category":"<a href=\"https:\/\/arantv.az\/?cat=4\" rel=\"category\">Siyas\u0259t<\/a>","rttpg_excerpt":"Tbilisid\u0259 G\u00fcrc\u00fcstan, Az\u0259rbaycan v\u0259 Erm\u0259nistan ba\u015f nazirl\u0259rinin i\u015ftirak\u0131 il\u0259 ke\u00e7iril\u0259n \u0130p\u0259k Yolu Beyn\u0259lxalq Forumunda Nikol Pa\u015finyan s\u00fclh \u00fc\u00e7\u00fcn tezisl\u0259rini s\u0259sl\u0259ndirib. Pa\u015finyan \u201cS\u00fclh\u00fcn k\u0259si\u015fm\u0259si\u201d ad\u0131 alt\u0131nda t\u0259qdim etdiyi layih\u0259d\u0259 regional kommunikasiyalar\u0131n a\u00e7\u0131lmas\u0131n\u0131, f\u0259al iqtisadi, siyasi v\u0259 m\u0259d\u0259ni m\u0259s\u0259l\u0259l\u0259ri vahid paketd\u0259 g\u00f6st\u0259rib. Pa\u015finyandan iqtibas: \u201cC\u0259nubi Qafqaza s\u00fclh laz\u0131md\u0131r, \u00f6lk\u0259l\u0259r a\u00e7\u0131q s\u0259rh\u0259dl\u0259rl\u0259 ya\u015fay\u0131rlar. \u00d6lk\u0259l\u0259r f\u0259al iqtisadi, siyasi, m\u0259d\u0259ni&hellip;","_links":{"self":[{"href":"https:\/\/arantv.az\/index.php?rest_route=\/wp\/v2\/posts\/650179"}],"collection":[{"href":"https:\/\/arantv.az\/index.php?rest_route=\/wp\/v2\/posts"}],"about":[{"href":"https:\/\/arantv.az\/index.php?rest_route=\/wp\/v2\/types\/post"}],"author":[{"embeddable":true,"href":"https:\/\/arantv.az\/index.php?rest_route=\/wp\/v2\/users\/2"}],"replies":[{"embeddable":true,"href":"https:\/\/arantv.az\/index.php?rest_route=%2Fwp%2Fv2%2Fcomments&post=650179"}],"version-history":[{"count":0,"href":"https:\/\/arantv.az\/index.php?rest_route=\/wp\/v2\/posts\/650179\/revisions"}],"wp:featuredmedia":[{"embeddable":true,"href":"https:\/\/arantv.az\/index.php?rest_route=\/wp\/v2\/media\/650180"}],"wp:attachment":[{"href":"https:\/\/arantv.az\/index.php?rest_route=%2Fwp%2Fv2%2Fmedia&parent=650179"}],"wp:term":[{"taxonomy":"category","embeddable":true,"href":"https:\/\/arantv.az\/index.php?rest_route=%2Fwp%2Fv2%2Fcategories&post=650179"},{"taxonomy":"post_tag","embeddable":true,"href":"https:\/\/arantv.az\/index.php?rest_route=%2Fwp%2Fv2%2Ftags&post=650179"}],"curies":[{"name":"wp","href":"https:\/\/api.w.org\/{rel}","templated":true}]}}