{"id":650183,"date":"2023-10-27T18:31:29","date_gmt":"2023-10-27T14:31:29","guid":{"rendered":"https:\/\/arantv.az\/?p=650183"},"modified":"2023-10-27T18:31:29","modified_gmt":"2023-10-27T14:31:29","slug":"ilham-%c9%99liyev-slovakiyadaki-s%c9%99firimizi-d%c9%99yisdi","status":"publish","type":"post","link":"https:\/\/arantv.az\/?p=650183","title":{"rendered":"\u0130lham \u018fliyev Slovakiyadak\u0131 s\u0259firimizi d\u0259yi\u015fdi"},"content":{"rendered":"<p>Prezident\u00a0<strong>\u0130lham \u018fliyev<\/strong>\u00a0R\u00f6v\u015f\u0259n N\u00fcsr\u0259t o\u011flu Sad\u0131qb\u0259ylinin Az\u0259rbaycan Respublikas\u0131n\u0131n Slovakiya Respublikas\u0131nda f\u00f6vq\u0259lad\u0259 v\u0259 s\u0259lahiyy\u0259tli s\u0259firi v\u0259zif\u0259sind\u0259n geri \u00e7a\u011f\u0131r\u0131lmas\u0131 haqq\u0131nda S\u0259r\u0259ncam imzalay\u0131b.<\/p>\n<p>Bu bar\u0259d\u0259\u00a0<a href=\"https:\/\/president.az\/az\/articles\/view\/62012\" target=\"_blank\" rel=\"noopener\"><strong>President.az<\/strong><\/a>\u00a0x\u0259b\u0259r verir.<\/p>\n<p>D\u00f6vl\u0259t ba\u015f\u00e7\u0131s\u0131n\u0131n dig\u0259r\u00a0<a href=\"https:\/\/president.az\/az\/articles\/view\/62013\" target=\"_blank\" rel=\"noopener\"><strong>S\u0259r\u0259ncam\u0131<\/strong>\u00a0<\/a>il\u0259 V\u00fcsal Hac\u0131mahmud o\u011flu Abdullayev Az\u0259rbaycan Respublikas\u0131n\u0131n Slovakiya Respublikas\u0131nda f\u00f6vq\u0259lad\u0259 v\u0259 s\u0259lahiyy\u0259tli s\u0259firi t\u0259yin edilib.<\/p>\n","protected":false},"excerpt":{"rendered":"<p>Prezident\u00a0\u0130lham \u018fliyev\u00a0R\u00f6v\u015f\u0259n N\u00fcsr\u0259t o\u011flu Sad\u0131qb\u0259ylinin Az\u0259rbaycan Respublikas\u0131n\u0131n Slovakiya Respublikas\u0131nda f\u00f6vq\u0259lad\u0259 v\u0259 s\u0259lahiyy\u0259tli s\u0259firi v\u0259zif\u0259sind\u0259n geri \u00e7a\u011f\u0131r\u0131lmas\u0131 haqq\u0131nda S\u0259r\u0259ncam imzalay\u0131b. Bu bar\u0259d\u0259\u00a0President.az\u00a0x\u0259b\u0259r verir. D\u00f6vl\u0259t ba\u015f\u00e7\u0131s\u0131n\u0131n dig\u0259r\u00a0S\u0259r\u0259ncam\u0131\u00a0il\u0259 V\u00fcsal Hac\u0131mahmud o\u011flu Abdullayev Az\u0259rbaycan Respublikas\u0131n\u0131n Slovakiya Respublikas\u0131nda f\u00f6vq\u0259lad\u0259 v\u0259 s\u0259lahiyy\u0259tli s\u0259firi t\u0259yin edilib.<\/p>\n","protected":false},"author":2,"featured_media":650185,"comment_status":"closed","ping_status":"closed","sticky":false,"template":"","format":"standard","meta":{"om_disable_all_campaigns":false,"_monsterinsights_skip_tracking":false,"_monsterinsights_sitenote_active":false,"_monsterinsights_sitenote_note":"","_monsterinsights_sitenote_category":0},"categories":[4],"tags":[],"aioseo_notices":[],"gutentor_comment":0,"rttpg_featured_image_url":{"full":["https:\/\/arantv.az\/wp-content\/uploads\/2023\/10\/06-8.jpg",620,413,false],"landscape":["https:\/\/arantv.az\/wp-content\/uploads\/2023\/10\/06-8.jpg",620,413,false],"portraits":["https:\/\/arantv.az\/wp-content\/uploads\/2023\/10\/06-8.jpg",620,413,false],"thumbnail":["https:\/\/arantv.az\/wp-content\/uploads\/2023\/10\/06-8-500x280.jpg",500,280,true],"medium":["https:\/\/arantv.az\/wp-content\/uploads\/2023\/10\/06-8-548x365.jpg",548,365,true],"large":["https:\/\/arantv.az\/wp-content\/uploads\/2023\/10\/06-8.jpg",620,413,false],"1536x1536":["https:\/\/arantv.az\/wp-content\/uploads\/2023\/10\/06-8.jpg",620,413,false],"2048x2048":["https:\/\/arantv.az\/wp-content\/uploads\/2023\/10\/06-8.jpg",620,413,false],"post-thumbnail":["https:\/\/arantv.az\/wp-content\/uploads\/2023\/10\/06-8-240x172.jpg",240,172,true],"advps-thumb-one":["https:\/\/arantv.az\/wp-content\/uploads\/2023\/10\/06-8.jpg",620,413,false]},"rttpg_author":{"display_name":"V\u00fcsal Rafiqo\u011flu","author_link":"https:\/\/arantv.az\/?author=2"},"rttpg_comment":0,"rttpg_category":"<a href=\"https:\/\/arantv.az\/?cat=4\" rel=\"category\">Siyas\u0259t<\/a>","rttpg_excerpt":"Prezident\u00a0\u0130lham \u018fliyev\u00a0R\u00f6v\u015f\u0259n N\u00fcsr\u0259t o\u011flu Sad\u0131qb\u0259ylinin Az\u0259rbaycan Respublikas\u0131n\u0131n Slovakiya Respublikas\u0131nda f\u00f6vq\u0259lad\u0259 v\u0259 s\u0259lahiyy\u0259tli s\u0259firi v\u0259zif\u0259sind\u0259n geri \u00e7a\u011f\u0131r\u0131lmas\u0131 haqq\u0131nda S\u0259r\u0259ncam imzalay\u0131b. Bu bar\u0259d\u0259\u00a0President.az\u00a0x\u0259b\u0259r verir. D\u00f6vl\u0259t ba\u015f\u00e7\u0131s\u0131n\u0131n dig\u0259r\u00a0S\u0259r\u0259ncam\u0131\u00a0il\u0259 V\u00fcsal Hac\u0131mahmud o\u011flu Abdullayev Az\u0259rbaycan Respublikas\u0131n\u0131n Slovakiya Respublikas\u0131nda f\u00f6vq\u0259lad\u0259 v\u0259 s\u0259lahiyy\u0259tli s\u0259firi t\u0259yin edilib.","_links":{"self":[{"href":"https:\/\/arantv.az\/index.php?rest_route=\/wp\/v2\/posts\/650183"}],"collection":[{"href":"https:\/\/arantv.az\/index.php?rest_route=\/wp\/v2\/posts"}],"about":[{"href":"https:\/\/arantv.az\/index.php?rest_route=\/wp\/v2\/types\/post"}],"author":[{"embeddable":true,"href":"https:\/\/arantv.az\/index.php?rest_route=\/wp\/v2\/users\/2"}],"replies":[{"embeddable":true,"href":"https:\/\/arantv.az\/index.php?rest_route=%2Fwp%2Fv2%2Fcomments&post=650183"}],"version-history":[{"count":0,"href":"https:\/\/arantv.az\/index.php?rest_route=\/wp\/v2\/posts\/650183\/revisions"}],"wp:featuredmedia":[{"embeddable":true,"href":"https:\/\/arantv.az\/index.php?rest_route=\/wp\/v2\/media\/650185"}],"wp:attachment":[{"href":"https:\/\/arantv.az\/index.php?rest_route=%2Fwp%2Fv2%2Fmedia&parent=650183"}],"wp:term":[{"taxonomy":"category","embeddable":true,"href":"https:\/\/arantv.az\/index.php?rest_route=%2Fwp%2Fv2%2Fcategories&post=650183"},{"taxonomy":"post_tag","embeddable":true,"href":"https:\/\/arantv.az\/index.php?rest_route=%2Fwp%2Fv2%2Ftags&post=650183"}],"curies":[{"name":"wp","href":"https:\/\/api.w.org\/{rel}","templated":true}]}}