{"id":650184,"date":"2023-10-27T18:31:56","date_gmt":"2023-10-27T14:31:56","guid":{"rendered":"https:\/\/arantv.az\/?p=650184"},"modified":"2023-10-27T18:31:56","modified_gmt":"2023-10-27T14:31:56","slug":"prezident-dovl%c9%99t-d%c9%99niz-v%c9%99-liman-agentliyi-idar%c9%99-hey%c9%99tinin-s%c9%99drini-s%c9%99fir-t%c9%99yin-etdi","status":"publish","type":"post","link":"https:\/\/arantv.az\/?p=650184","title":{"rendered":"Prezident D\u00f6vl\u0259t D\u0259niz v\u0259 Liman Agentliyi \u0130dar\u0259 Hey\u0259tinin s\u0259drini s\u0259fir t\u0259yin etdi"},"content":{"rendered":"<p>Prezident\u00a0<strong>\u0130lham \u018fliyev<\/strong>\u00a0Arif Balo\u011flan o\u011flu M\u0259mm\u0259dovu Az\u0259rbaycan Respublikas\u0131 R\u0259q\u0259msal \u0130nki\u015faf v\u0259 N\u0259qliyyat Nazirliyinin tabeliyind\u0259 D\u00f6vl\u0259t D\u0259niz v\u0259 Liman Agentliyi \u0130dar\u0259 Hey\u0259tinin s\u0259dri v\u0259zif\u0259sind\u0259n azad edilm\u0259si haqq\u0131nda S\u0259r\u0259ncam imzalay\u0131b.<\/p>\n<p>Bu bar\u0259d\u0259\u00a0<a href=\"https:\/\/president.az\/az\/articles\/view\/62010\" target=\"_blank\" rel=\"noopener\"><strong>President.az<\/strong><\/a>\u00a0x\u0259b\u0259r verir.<\/p>\n<p>D\u00f6vl\u0259t ba\u015f\u00e7\u0131s\u0131n\u0131n dig\u0259r\u00a0<a href=\"https:\/\/president.az\/az\/articles\/view\/62011\" target=\"_blank\" rel=\"noopener\"><strong>S\u0259r\u0259ncam\u0131<\/strong><\/a>\u00a0il\u0259 Arif M\u0259mm\u0259dov Az\u0259rbaycan Respublikas\u0131n\u0131n Yunan\u0131stan Respublikas\u0131nda f\u00f6vq\u0259lad\u0259 v\u0259 s\u0259lahiyy\u0259tli s\u0259firi t\u0259yin edilib.<\/p>\n","protected":false},"excerpt":{"rendered":"<p>Prezident\u00a0\u0130lham \u018fliyev\u00a0Arif Balo\u011flan o\u011flu M\u0259mm\u0259dovu Az\u0259rbaycan Respublikas\u0131 R\u0259q\u0259msal \u0130nki\u015faf v\u0259 N\u0259qliyyat Nazirliyinin tabeliyind\u0259 D\u00f6vl\u0259t D\u0259niz v\u0259 Liman Agentliyi \u0130dar\u0259 Hey\u0259tinin s\u0259dri v\u0259zif\u0259sind\u0259n azad edilm\u0259si haqq\u0131nda S\u0259r\u0259ncam imzalay\u0131b. Bu bar\u0259d\u0259\u00a0President.az\u00a0x\u0259b\u0259r verir. D\u00f6vl\u0259t ba\u015f\u00e7\u0131s\u0131n\u0131n dig\u0259r\u00a0S\u0259r\u0259ncam\u0131\u00a0il\u0259 Arif M\u0259mm\u0259dov Az\u0259rbaycan Respublikas\u0131n\u0131n Yunan\u0131stan Respublikas\u0131nda f\u00f6vq\u0259lad\u0259 v\u0259 s\u0259lahiyy\u0259tli s\u0259firi t\u0259yin edilib.<\/p>\n","protected":false},"author":2,"featured_media":650187,"comment_status":"closed","ping_status":"closed","sticky":false,"template":"","format":"standard","meta":{"om_disable_all_campaigns":false,"_monsterinsights_skip_tracking":false,"_monsterinsights_sitenote_active":false,"_monsterinsights_sitenote_note":"","_monsterinsights_sitenote_category":0},"categories":[4],"tags":[],"aioseo_notices":[],"gutentor_comment":0,"rttpg_featured_image_url":{"full":["https:\/\/arantv.az\/wp-content\/uploads\/2023\/10\/155129491_10164622835490315_3143305307096763887_o.jpg",620,413,false],"landscape":["https:\/\/arantv.az\/wp-content\/uploads\/2023\/10\/155129491_10164622835490315_3143305307096763887_o.jpg",620,413,false],"portraits":["https:\/\/arantv.az\/wp-content\/uploads\/2023\/10\/155129491_10164622835490315_3143305307096763887_o.jpg",620,413,false],"thumbnail":["https:\/\/arantv.az\/wp-content\/uploads\/2023\/10\/155129491_10164622835490315_3143305307096763887_o-500x280.jpg",500,280,true],"medium":["https:\/\/arantv.az\/wp-content\/uploads\/2023\/10\/155129491_10164622835490315_3143305307096763887_o-548x365.jpg",548,365,true],"large":["https:\/\/arantv.az\/wp-content\/uploads\/2023\/10\/155129491_10164622835490315_3143305307096763887_o.jpg",620,413,false],"1536x1536":["https:\/\/arantv.az\/wp-content\/uploads\/2023\/10\/155129491_10164622835490315_3143305307096763887_o.jpg",620,413,false],"2048x2048":["https:\/\/arantv.az\/wp-content\/uploads\/2023\/10\/155129491_10164622835490315_3143305307096763887_o.jpg",620,413,false],"post-thumbnail":["https:\/\/arantv.az\/wp-content\/uploads\/2023\/10\/155129491_10164622835490315_3143305307096763887_o-240x172.jpg",240,172,true],"advps-thumb-one":["https:\/\/arantv.az\/wp-content\/uploads\/2023\/10\/155129491_10164622835490315_3143305307096763887_o.jpg",620,413,false]},"rttpg_author":{"display_name":"V\u00fcsal Rafiqo\u011flu","author_link":"https:\/\/arantv.az\/?author=2"},"rttpg_comment":0,"rttpg_category":"<a href=\"https:\/\/arantv.az\/?cat=4\" rel=\"category\">Siyas\u0259t<\/a>","rttpg_excerpt":"Prezident\u00a0\u0130lham \u018fliyev\u00a0Arif Balo\u011flan o\u011flu M\u0259mm\u0259dovu Az\u0259rbaycan Respublikas\u0131 R\u0259q\u0259msal \u0130nki\u015faf v\u0259 N\u0259qliyyat Nazirliyinin tabeliyind\u0259 D\u00f6vl\u0259t D\u0259niz v\u0259 Liman Agentliyi \u0130dar\u0259 Hey\u0259tinin s\u0259dri v\u0259zif\u0259sind\u0259n azad edilm\u0259si haqq\u0131nda S\u0259r\u0259ncam imzalay\u0131b. Bu bar\u0259d\u0259\u00a0President.az\u00a0x\u0259b\u0259r verir. D\u00f6vl\u0259t ba\u015f\u00e7\u0131s\u0131n\u0131n dig\u0259r\u00a0S\u0259r\u0259ncam\u0131\u00a0il\u0259 Arif M\u0259mm\u0259dov Az\u0259rbaycan Respublikas\u0131n\u0131n Yunan\u0131stan Respublikas\u0131nda f\u00f6vq\u0259lad\u0259 v\u0259 s\u0259lahiyy\u0259tli s\u0259firi t\u0259yin edilib.","_links":{"self":[{"href":"https:\/\/arantv.az\/index.php?rest_route=\/wp\/v2\/posts\/650184"}],"collection":[{"href":"https:\/\/arantv.az\/index.php?rest_route=\/wp\/v2\/posts"}],"about":[{"href":"https:\/\/arantv.az\/index.php?rest_route=\/wp\/v2\/types\/post"}],"author":[{"embeddable":true,"href":"https:\/\/arantv.az\/index.php?rest_route=\/wp\/v2\/users\/2"}],"replies":[{"embeddable":true,"href":"https:\/\/arantv.az\/index.php?rest_route=%2Fwp%2Fv2%2Fcomments&post=650184"}],"version-history":[{"count":0,"href":"https:\/\/arantv.az\/index.php?rest_route=\/wp\/v2\/posts\/650184\/revisions"}],"wp:featuredmedia":[{"embeddable":true,"href":"https:\/\/arantv.az\/index.php?rest_route=\/wp\/v2\/media\/650187"}],"wp:attachment":[{"href":"https:\/\/arantv.az\/index.php?rest_route=%2Fwp%2Fv2%2Fmedia&parent=650184"}],"wp:term":[{"taxonomy":"category","embeddable":true,"href":"https:\/\/arantv.az\/index.php?rest_route=%2Fwp%2Fv2%2Fcategories&post=650184"},{"taxonomy":"post_tag","embeddable":true,"href":"https:\/\/arantv.az\/index.php?rest_route=%2Fwp%2Fv2%2Ftags&post=650184"}],"curies":[{"name":"wp","href":"https:\/\/api.w.org\/{rel}","templated":true}]}}