{"id":650195,"date":"2023-10-27T18:34:12","date_gmt":"2023-10-27T14:34:12","guid":{"rendered":"https:\/\/arantv.az\/?p=650195"},"modified":"2023-10-27T18:34:12","modified_gmt":"2023-10-27T14:34:12","slug":"antiterror-t%c9%99dbirl%c9%99rind%c9%99-s%c9%99hid-olan-h%c9%99rbcil%c9%99rin-ail%c9%99-uzvl%c9%99rin%c9%99-prezidentin-ayliq-t%c9%99qaudu-t%c9%99yin-edilib","status":"publish","type":"post","link":"https:\/\/arantv.az\/?p=650195","title":{"rendered":"Antiterror t\u0259dbirl\u0259rind\u0259 \u015f\u0259hid olan h\u0259rb\u00e7il\u0259rin ail\u0259 \u00fczvl\u0259rin\u0259 Prezidentin ayl\u0131q t\u0259qa\u00fcd\u00fc t\u0259yin edilib"},"content":{"rendered":"<p>Az\u0259rbaycan Silahl\u0131 Q\u00fcvv\u0259l\u0259rinin sentyabr\u0131n 19-20-d\u0259 Qaraba\u011fda h\u0259yata ke\u00e7irdiyi antiterror t\u0259dbirl\u0259ri zaman\u0131 \u015f\u0259hid olan h\u0259rbi qulluq\u00e7ular\u0131n ail\u0259 \u00fczvl\u0259rind\u0259n ibar\u0259t 549 \u015f\u0259xs\u0259 Prezidentin ayl\u0131q t\u0259qa\u00fcd\u00fc t\u0259yin olunub.<\/p>\n<p>Bu bar\u0259d\u0259 \u201cReport\u201dun sor\u011fusuna cavab olaraq \u018fm\u0259k v\u0259 \u018fhalinin Sosial M\u00fcdafi\u0259si Nazirliyind\u0259n bildirilib.<\/p>\n<p>Qeyd olunub ki, nazirliyin tabeliyind\u0259ki D\u00f6vl\u0259t Sosial M\u00fcdafi\u0259 Fondu art\u0131q bununla ba\u011fl\u0131 q\u0259rar q\u0259bul edib.<\/p>\n<p>M\u0259lumata g\u00f6r\u0259, habel\u0259 \u015f\u0259hidl\u0259rin 234 v\u0259r\u0259s\u0259sin\u0259, el\u0259c\u0259 d\u0259 antiterror t\u0259dbirl\u0259ri zaman\u0131 x\u0259sar\u0259t alan h\u0259rb\u00e7il\u0259rd\u0259n 38 n\u0259f\u0259r\u0259 d\u00f6vl\u0259t icbari \u015f\u0259xsi s\u0131\u011forta \u00f6d\u0259ni\u015fi t\u0259yin edilib v\u0259 bu istiqam\u0259td\u0259 i\u015fl\u0259r davam edir.<\/p>\n<p>\u201c\u015e\u0259hid ail\u0259l\u0259rin\u0259 pensiya v\u0259 m\u00fcavin\u0259tl\u0259rin d\u0259 t\u0259yin olunmas\u0131 \u00fc\u00e7\u00fcn aidiyy\u0259ti qurumlardan m\u0259lumatlar toplanmaqla i\u015fl\u0259r apar\u0131l\u0131r. Sosial \u00f6d\u0259ni\u015fl\u0259r \u015f\u0259hid ail\u0259l\u0259rin\u0259 m\u00fcraci\u0259t olunmadan, e-sisteml\u0259r \u00fcz\u0259rind\u0259n proaktiv qaydada t\u0259yin olunur v\u0259 onlar\u0131n adlar\u0131na kartlar sifari\u015f edilir\u201d, &#8211; nazirlikd\u0259n bildirilib.<\/p>\n<p>Xat\u0131rladaq ki, lokal antiterror t\u0259dbirl\u0259ri zaman\u0131 Az\u0259rbaycan Silahl\u0131 Q\u00fcvv\u0259l\u0259rinin 192 h\u0259rbi qulluq\u00e7usu \u015f\u0259hid olub. \u015e\u0259hid h\u0259rb\u00e7il\u0259rd\u0259n 180 n\u0259f\u0259r M\u00fcdafi\u0259 Nazirliyinin, 12 n\u0259f\u0259r is\u0259 Daxili \u0130\u015fl\u0259r Nazirliyinin h\u0259rbi qulluq\u00e7ular\u0131d\u0131r. \u015e\u0259hid olanlardan bir n\u0259f\u0259r d\u0259 m\u00fclki \u015f\u0259xsdir. Eyni zamanda, 511 h\u0259rbi qulluq\u00e7u v\u0259 bir m\u00fclki \u015f\u0259xs yaralan\u0131b.<\/p>\n","protected":false},"excerpt":{"rendered":"<p>Az\u0259rbaycan Silahl\u0131 Q\u00fcvv\u0259l\u0259rinin sentyabr\u0131n 19-20-d\u0259 Qaraba\u011fda h\u0259yata ke\u00e7irdiyi antiterror t\u0259dbirl\u0259ri zaman\u0131 \u015f\u0259hid olan h\u0259rbi qulluq\u00e7ular\u0131n ail\u0259 \u00fczvl\u0259rind\u0259n ibar\u0259t 549 \u015f\u0259xs\u0259 Prezidentin ayl\u0131q t\u0259qa\u00fcd\u00fc t\u0259yin olunub. Bu bar\u0259d\u0259 \u201cReport\u201dun sor\u011fusuna cavab olaraq \u018fm\u0259k v\u0259 \u018fhalinin Sosial M\u00fcdafi\u0259si Nazirliyind\u0259n bildirilib. Qeyd olunub ki, nazirliyin tabeliyind\u0259ki D\u00f6vl\u0259t Sosial M\u00fcdafi\u0259 Fondu art\u0131q bununla ba\u011fl\u0131 q\u0259rar q\u0259bul edib. M\u0259lumata g\u00f6r\u0259, habel\u0259 \u015f\u0259hidl\u0259rin 234 v\u0259r\u0259s\u0259sin\u0259, el\u0259c\u0259 d\u0259 antiterror t\u0259dbirl\u0259ri zaman\u0131 x\u0259sar\u0259t alan h\u0259rb\u00e7il\u0259rd\u0259n 38 n\u0259f\u0259r\u0259 d\u00f6vl\u0259t icbari \u015f\u0259xsi s\u0131\u011forta \u00f6d\u0259ni\u015fi t\u0259yin edilib v\u0259 bu istiqam\u0259td\u0259 i\u015fl\u0259r davam edir. \u201c\u015e\u0259hid ail\u0259l\u0259rin\u0259 pensiya v\u0259 m\u00fcavin\u0259tl\u0259rin d\u0259 t\u0259yin olunmas\u0131&hellip;<\/p>\n","protected":false},"author":2,"featured_media":650198,"comment_status":"closed","ping_status":"closed","sticky":false,"template":"","format":"standard","meta":{"om_disable_all_campaigns":false,"_monsterinsights_skip_tracking":false,"_monsterinsights_sitenote_active":false,"_monsterinsights_sitenote_note":"","_monsterinsights_sitenote_category":0},"categories":[4],"tags":[],"aioseo_notices":[],"gutentor_comment":0,"rttpg_featured_image_url":{"full":["https:\/\/arantv.az\/wp-content\/uploads\/2023\/10\/49deff91-7c3b-3cb0-9098-7fdde37f0693_850.jpg",620,413,false],"landscape":["https:\/\/arantv.az\/wp-content\/uploads\/2023\/10\/49deff91-7c3b-3cb0-9098-7fdde37f0693_850.jpg",620,413,false],"portraits":["https:\/\/arantv.az\/wp-content\/uploads\/2023\/10\/49deff91-7c3b-3cb0-9098-7fdde37f0693_850.jpg",620,413,false],"thumbnail":["https:\/\/arantv.az\/wp-content\/uploads\/2023\/10\/49deff91-7c3b-3cb0-9098-7fdde37f0693_850-500x280.jpg",500,280,true],"medium":["https:\/\/arantv.az\/wp-content\/uploads\/2023\/10\/49deff91-7c3b-3cb0-9098-7fdde37f0693_850-548x365.jpg",548,365,true],"large":["https:\/\/arantv.az\/wp-content\/uploads\/2023\/10\/49deff91-7c3b-3cb0-9098-7fdde37f0693_850.jpg",620,413,false],"1536x1536":["https:\/\/arantv.az\/wp-content\/uploads\/2023\/10\/49deff91-7c3b-3cb0-9098-7fdde37f0693_850.jpg",620,413,false],"2048x2048":["https:\/\/arantv.az\/wp-content\/uploads\/2023\/10\/49deff91-7c3b-3cb0-9098-7fdde37f0693_850.jpg",620,413,false],"post-thumbnail":["https:\/\/arantv.az\/wp-content\/uploads\/2023\/10\/49deff91-7c3b-3cb0-9098-7fdde37f0693_850-240x172.jpg",240,172,true],"advps-thumb-one":["https:\/\/arantv.az\/wp-content\/uploads\/2023\/10\/49deff91-7c3b-3cb0-9098-7fdde37f0693_850.jpg",620,413,false]},"rttpg_author":{"display_name":"V\u00fcsal Rafiqo\u011flu","author_link":"https:\/\/arantv.az\/?author=2"},"rttpg_comment":0,"rttpg_category":"<a href=\"https:\/\/arantv.az\/?cat=4\" rel=\"category\">Siyas\u0259t<\/a>","rttpg_excerpt":"Az\u0259rbaycan Silahl\u0131 Q\u00fcvv\u0259l\u0259rinin sentyabr\u0131n 19-20-d\u0259 Qaraba\u011fda h\u0259yata ke\u00e7irdiyi antiterror t\u0259dbirl\u0259ri zaman\u0131 \u015f\u0259hid olan h\u0259rbi qulluq\u00e7ular\u0131n ail\u0259 \u00fczvl\u0259rind\u0259n ibar\u0259t 549 \u015f\u0259xs\u0259 Prezidentin ayl\u0131q t\u0259qa\u00fcd\u00fc t\u0259yin olunub. Bu bar\u0259d\u0259 \u201cReport\u201dun sor\u011fusuna cavab olaraq \u018fm\u0259k v\u0259 \u018fhalinin Sosial M\u00fcdafi\u0259si Nazirliyind\u0259n bildirilib. Qeyd olunub ki, nazirliyin tabeliyind\u0259ki D\u00f6vl\u0259t Sosial M\u00fcdafi\u0259 Fondu art\u0131q bununla ba\u011fl\u0131 q\u0259rar q\u0259bul edib. M\u0259lumata g\u00f6r\u0259,&hellip;","_links":{"self":[{"href":"https:\/\/arantv.az\/index.php?rest_route=\/wp\/v2\/posts\/650195"}],"collection":[{"href":"https:\/\/arantv.az\/index.php?rest_route=\/wp\/v2\/posts"}],"about":[{"href":"https:\/\/arantv.az\/index.php?rest_route=\/wp\/v2\/types\/post"}],"author":[{"embeddable":true,"href":"https:\/\/arantv.az\/index.php?rest_route=\/wp\/v2\/users\/2"}],"replies":[{"embeddable":true,"href":"https:\/\/arantv.az\/index.php?rest_route=%2Fwp%2Fv2%2Fcomments&post=650195"}],"version-history":[{"count":0,"href":"https:\/\/arantv.az\/index.php?rest_route=\/wp\/v2\/posts\/650195\/revisions"}],"wp:featuredmedia":[{"embeddable":true,"href":"https:\/\/arantv.az\/index.php?rest_route=\/wp\/v2\/media\/650198"}],"wp:attachment":[{"href":"https:\/\/arantv.az\/index.php?rest_route=%2Fwp%2Fv2%2Fmedia&parent=650195"}],"wp:term":[{"taxonomy":"category","embeddable":true,"href":"https:\/\/arantv.az\/index.php?rest_route=%2Fwp%2Fv2%2Fcategories&post=650195"},{"taxonomy":"post_tag","embeddable":true,"href":"https:\/\/arantv.az\/index.php?rest_route=%2Fwp%2Fv2%2Ftags&post=650195"}],"curies":[{"name":"wp","href":"https:\/\/api.w.org\/{rel}","templated":true}]}}