{"id":650213,"date":"2023-10-27T18:46:27","date_gmt":"2023-10-27T14:46:27","guid":{"rendered":"https:\/\/arantv.az\/?p=650213"},"modified":"2023-10-27T18:46:27","modified_gmt":"2023-10-27T14:46:27","slug":"az%c9%99rbaycanda-son-bes-ild%c9%99-121-polis-xidm%c9%99td%c9%99n-azad-edilib","status":"publish","type":"post","link":"https:\/\/arantv.az\/?p=650213","title":{"rendered":"Az\u0259rbaycanda son be\u015f ild\u0259 121 polis xidm\u0259td\u0259n azad edilib"},"content":{"rendered":"<p>\u00d6t\u0259n 5 ild\u0259 xidm\u0259ti intizam v\u0259 etik davran\u0131\u015f qaydalar\u0131n\u0131 pozmu\u015f 1 286 polis \u0259m\u0259kda\u015f\u0131 bar\u0259sind\u0259 ara\u015fd\u0131rmalar apar\u0131l\u0131b.<\/p>\n<p>Bunu Daxili \u0130\u015fl\u0259r Nazirliyind\u0259 cari ilin 9 ay\u0131n\u0131n yekunlar\u0131n\u0131n m\u00fczakir\u0259sin\u0259 h\u0259sr olunmu\u015f onlayn formatda Kollegiya iclas\u0131nda nazir Vilay\u0259t Eyvazov deyib.<\/p>\n<p>O bildirib ki, bu m\u00fcdd\u0259td\u0259 121 n\u0259f\u0259r xidm\u0259td\u0259n xaric edilib, 139 n\u0259f\u0259r tutdu\u011fu v\u0259zif\u0259d\u0259n azad olunub. 1.026 n\u0259f\u0259r haqq\u0131nda ba\u015fqa n\u00f6v m\u0259suliyy\u0259t t\u0259dbirl\u0259ri g\u00f6r\u00fcl\u00fcb. Cari ilin \u00f6t\u0259n d\u00f6vr\u00fcnd\u0259 is\u0259 polis\u0259 g\u0259tirilmi\u015f \u015f\u0259xsl\u0259r\u0259 qar\u015f\u0131 kobudlu\u011fa yol vermi\u015f 7 \u0259m\u0259kda\u015f\u0131n xidm\u0259td\u0259n xaric edilib, 16 \u0259m\u0259kda\u015f\u0131n tutdu\u011fu v\u0259zif\u0259d\u0259n azad olunub, daha 21 \u0259m\u0259kda\u015fa ba\u015fqa n\u00f6v intizam t\u0259nbehl\u0259rinin verilib.<\/p>\n","protected":false},"excerpt":{"rendered":"<p>\u00d6t\u0259n 5 ild\u0259 xidm\u0259ti intizam v\u0259 etik davran\u0131\u015f qaydalar\u0131n\u0131 pozmu\u015f 1 286 polis \u0259m\u0259kda\u015f\u0131 bar\u0259sind\u0259 ara\u015fd\u0131rmalar apar\u0131l\u0131b. Bunu Daxili \u0130\u015fl\u0259r Nazirliyind\u0259 cari ilin 9 ay\u0131n\u0131n yekunlar\u0131n\u0131n m\u00fczakir\u0259sin\u0259 h\u0259sr olunmu\u015f onlayn formatda Kollegiya iclas\u0131nda nazir Vilay\u0259t Eyvazov deyib. O bildirib ki, bu m\u00fcdd\u0259td\u0259 121 n\u0259f\u0259r xidm\u0259td\u0259n xaric edilib, 139 n\u0259f\u0259r tutdu\u011fu v\u0259zif\u0259d\u0259n azad olunub. 1.026 n\u0259f\u0259r haqq\u0131nda ba\u015fqa n\u00f6v m\u0259suliyy\u0259t t\u0259dbirl\u0259ri g\u00f6r\u00fcl\u00fcb. Cari ilin \u00f6t\u0259n d\u00f6vr\u00fcnd\u0259 is\u0259 polis\u0259 g\u0259tirilmi\u015f \u015f\u0259xsl\u0259r\u0259 qar\u015f\u0131 kobudlu\u011fa yol vermi\u015f 7 \u0259m\u0259kda\u015f\u0131n xidm\u0259td\u0259n xaric edilib, 16 \u0259m\u0259kda\u015f\u0131n tutdu\u011fu v\u0259zif\u0259d\u0259n azad olunub, daha 21 \u0259m\u0259kda\u015fa ba\u015fqa n\u00f6v intizam&hellip;<\/p>\n","protected":false},"author":2,"featured_media":441657,"comment_status":"closed","ping_status":"closed","sticky":false,"template":"","format":"standard","meta":{"om_disable_all_campaigns":false,"_monsterinsights_skip_tracking":false,"_monsterinsights_sitenote_active":false,"_monsterinsights_sitenote_note":"","_monsterinsights_sitenote_category":0},"categories":[19],"tags":[],"aioseo_notices":[],"gutentor_comment":0,"rttpg_featured_image_url":{"full":["https:\/\/arantv.az\/wp-content\/uploads\/2022\/02\/polis_11645430941.png",549,383,false],"landscape":["https:\/\/arantv.az\/wp-content\/uploads\/2022\/02\/polis_11645430941.png",549,383,false],"portraits":["https:\/\/arantv.az\/wp-content\/uploads\/2022\/02\/polis_11645430941.png",549,383,false],"thumbnail":["https:\/\/arantv.az\/wp-content\/uploads\/2022\/02\/polis_11645430941-500x280.png",500,280,true],"medium":["https:\/\/arantv.az\/wp-content\/uploads\/2022\/02\/polis_11645430941-523x365.png",523,365,true],"large":["https:\/\/arantv.az\/wp-content\/uploads\/2022\/02\/polis_11645430941.png",549,383,false],"1536x1536":["https:\/\/arantv.az\/wp-content\/uploads\/2022\/02\/polis_11645430941.png",549,383,false],"2048x2048":["https:\/\/arantv.az\/wp-content\/uploads\/2022\/02\/polis_11645430941.png",549,383,false],"post-thumbnail":["https:\/\/arantv.az\/wp-content\/uploads\/2022\/02\/polis_11645430941-240x172.png",240,172,true],"advps-thumb-one":["https:\/\/arantv.az\/wp-content\/uploads\/2022\/02\/polis_11645430941.png",549,383,false]},"rttpg_author":{"display_name":"V\u00fcsal Rafiqo\u011flu","author_link":"https:\/\/arantv.az\/?author=2"},"rttpg_comment":0,"rttpg_category":"<a href=\"https:\/\/arantv.az\/?cat=19\" rel=\"category\">G\u00fcnd\u0259m<\/a>","rttpg_excerpt":"\u00d6t\u0259n 5 ild\u0259 xidm\u0259ti intizam v\u0259 etik davran\u0131\u015f qaydalar\u0131n\u0131 pozmu\u015f 1 286 polis \u0259m\u0259kda\u015f\u0131 bar\u0259sind\u0259 ara\u015fd\u0131rmalar apar\u0131l\u0131b. Bunu Daxili \u0130\u015fl\u0259r Nazirliyind\u0259 cari ilin 9 ay\u0131n\u0131n yekunlar\u0131n\u0131n m\u00fczakir\u0259sin\u0259 h\u0259sr olunmu\u015f onlayn formatda Kollegiya iclas\u0131nda nazir Vilay\u0259t Eyvazov deyib. O bildirib ki, bu m\u00fcdd\u0259td\u0259 121 n\u0259f\u0259r xidm\u0259td\u0259n xaric edilib, 139 n\u0259f\u0259r tutdu\u011fu v\u0259zif\u0259d\u0259n azad olunub. 1.026 n\u0259f\u0259r&hellip;","_links":{"self":[{"href":"https:\/\/arantv.az\/index.php?rest_route=\/wp\/v2\/posts\/650213"}],"collection":[{"href":"https:\/\/arantv.az\/index.php?rest_route=\/wp\/v2\/posts"}],"about":[{"href":"https:\/\/arantv.az\/index.php?rest_route=\/wp\/v2\/types\/post"}],"author":[{"embeddable":true,"href":"https:\/\/arantv.az\/index.php?rest_route=\/wp\/v2\/users\/2"}],"replies":[{"embeddable":true,"href":"https:\/\/arantv.az\/index.php?rest_route=%2Fwp%2Fv2%2Fcomments&post=650213"}],"version-history":[{"count":0,"href":"https:\/\/arantv.az\/index.php?rest_route=\/wp\/v2\/posts\/650213\/revisions"}],"wp:featuredmedia":[{"embeddable":true,"href":"https:\/\/arantv.az\/index.php?rest_route=\/wp\/v2\/media\/441657"}],"wp:attachment":[{"href":"https:\/\/arantv.az\/index.php?rest_route=%2Fwp%2Fv2%2Fmedia&parent=650213"}],"wp:term":[{"taxonomy":"category","embeddable":true,"href":"https:\/\/arantv.az\/index.php?rest_route=%2Fwp%2Fv2%2Fcategories&post=650213"},{"taxonomy":"post_tag","embeddable":true,"href":"https:\/\/arantv.az\/index.php?rest_route=%2Fwp%2Fv2%2Ftags&post=650213"}],"curies":[{"name":"wp","href":"https:\/\/api.w.org\/{rel}","templated":true}]}}