{"id":650217,"date":"2023-10-27T19:33:47","date_gmt":"2023-10-27T15:33:47","guid":{"rendered":"https:\/\/arantv.az\/?p=650217"},"modified":"2023-10-27T19:33:47","modified_gmt":"2023-10-27T15:33:47","slug":"s%c9%99hiyy%c9%99-nazirliyind%c9%99-c%c9%99rrahi-%c9%99m%c9%99liyyatlar-icra-ed%c9%99n-ozb%c9%99kistanli-h%c9%99kiml%c9%99rl%c9%99-gorus-kecirildi","status":"publish","type":"post","link":"https:\/\/arantv.az\/?p=650217","title":{"rendered":"S\u0259hiyy\u0259 Nazirliyind\u0259 c\u0259rrahi \u0259m\u0259liyyatlar icra ed\u0259n \u00f6zb\u0259kistanl\u0131 h\u0259kiml\u0259rl\u0259 g\u00f6r\u00fc\u015f ke\u00e7irildi"},"content":{"rendered":"<p>Az\u0259rbaycan S\u0259hiyy\u0259 Nazirliyind\u0259 \u201c\u00d6zb\u0259kistan-Az\u0259rbaycan S\u0259hiyy\u0259 Dekadas\u0131\u201d\u00a0\u00e7\u0259r\u00e7iv\u0259sind\u0259 \u00f6zb\u0259kistanl\u0131 h\u0259mkarlar\u0131 il\u0259 birg\u0259 tibbi \u0259m\u0259liyyatlar ke\u00e7irm\u0259k \u00fc\u00e7\u00fcn \u00d6zb\u0259kistana ezam olunan h\u0259kim m\u00fct\u0259x\u0259ssisl\u0259rl\u0259 g\u00f6r\u00fc\u015f ke\u00e7irilib.<\/p>\n<p>Bu bar\u0259d\u0259 S\u0259hiyy\u0259 Nazirliyi m\u0259lumat yay\u0131b.<\/p>\n<p>Bildirilib ki, g\u00f6r\u00fc\u015fd\u0259 ilk n\u00f6vb\u0259d\u0259 Az\u0259rbaycan v\u0259 \u00d6zb\u0259kistan\u0131n s\u0259hiyy\u0259 sah\u0259sinin inki\u015faf\u0131na xidm\u0259t ed\u0259c\u0259k bu t\u0259dbirin ke\u00e7irilm\u0259sind\u0259 g\u00f6st\u0259ril\u0259n y\u00fcks\u0259sk d\u0259st\u0259y\u0259 g\u00f6r\u0259, Heyd\u0259r \u018fliyev Fonduna v\u0259 \u00f6lk\u0259nin birinci vitse-prezidentin\u0259 minn\u0259tdarl\u0131q ifad\u0259 edilib.<\/p>\n<p>U\u011furlu c\u0259rrahiyy\u0259 \u0259m\u0259liyyatlar\u0131 v\u0259 tibbi m\u00fcayin\u0259l\u0259r apard\u0131qlar\u0131na g\u00f6r\u0259 h\u0259kiml\u0259r\u0259 t\u0259\u015f\u0259kk\u00fcr\u00fcn\u00fc bildir\u0259n Teymur Musayev bildirib:<\/p>\n<p>\u201cH\u0259r iki \u00f6lk\u0259nin prezidentl\u0259rinin r\u0259hb\u0259rliyi alt\u0131nda Az\u0259rbaycan-\u00d6zb\u0259kistan aras\u0131nda u\u011furlu \u0259m\u0259kda\u015fl\u0131q \u00fc\u00e7\u00fcn g\u00fccl\u00fc fundamental \u0259saslar yarad\u0131l\u0131b, bu \u0259laq\u0259l\u0259rin daha da inki\u015faf etdirilm\u0259si, dostluq v\u0259 t\u0259r\u0259fda\u015fl\u0131q m\u00fcnasib\u0259tl\u0259rinin m\u00f6hk\u0259ml\u0259ndirilm\u0259si istiqam\u0259tind\u0259 m\u00fch\u00fcm i\u015fl\u0259r g\u00f6r\u00fcl\u00fcb.<\/p>\n<p>T\u0259r\u0259fda\u015fl\u0131q \u0259laq\u0259l\u0259rinin dig\u0259r sah\u0259l\u0259rl\u0259 yana\u015f\u0131 s\u0259hiyy\u0259 sektorunda da getdikc\u0259 g\u00fccl\u0259ndirilm\u0259sini qeyd ed\u0259n nazir bildib:<\/p>\n<p>\u201c\u00dcmummilli lider Heyd\u0259r \u018fliyevin 100 illik yubileyin\u0259 h\u0259sr olunan \u201c\u00d6zb\u0259kistan-Az\u0259rbaycan S\u0259hiyy\u0259 Dekadas\u0131\u201dn\u0131n ke\u00e7irilm\u0259si bu \u0259laq\u0259l\u0259rin bariz n\u00fcmun\u0259sidir. Y\u00fcks\u0259k s\u0259viyy\u0259d\u0259 t\u0259\u015fkil olunan dekada v\u0259 forum \u00f6lk\u0259l\u0259r aras\u0131nda s\u0259hiyy\u0259 sah\u0259sind\u0259 m\u00fcnasib\u0259tl\u0259ri yeni m\u00fcst\u0259viy\u0259 ke\u00e7irm\u0259kl\u0259, bu istiqam\u0259td\u0259 u\u011furlu inki\u015faf perspektivl\u0259ri v\u0259 g\u0259l\u0259c\u0259kd\u0259 qar\u015f\u0131l\u0131ql\u0131 \u0259m\u0259kda\u015fl\u0131q imkanlar\u0131n\u0131 m\u00fc\u0259yy\u0259nl\u0259\u015fdirm\u0259k \u00fc\u00e7\u00fcn m\u00f6hk\u0259m \u0259saslar yarad\u0131b\u201d.<\/p>\n<p>\u201cDekada \u00e7\u0259r\u00e7iv\u0259sind\u0259 birg\u0259 apar\u0131lan u\u011furlu c\u0259rrahi \u0259m\u0259liyyatlar, m\u00fcalic\u0259 v\u0259 m\u00fcayin\u0259 t\u0259dbirl\u0259rinin h\u0259r iki \u00f6lk\u0259nin h\u0259kim m\u00fct\u0259x\u0259ssisl\u0259rinin praktiki tibbi t\u0259cr\u00fcb\u0259 m\u00fcbadil\u0259sinin h\u0259yata ke\u00e7irilm\u0259si, pe\u015f\u0259karl\u0131q, bilik v\u0259 bacar\u0131qlar\u0131n\u0131n art\u0131r\u0131lmas\u0131 il\u0259 yana\u015f\u0131 \u0259halinin y\u00fcks\u0259k s\u0259viyy\u0259d\u0259 sa\u011flaml\u0131\u011f\u0131n\u0131n qorunmas\u0131nda m\u00fch\u00fcm add\u0131md\u0131r\u201d, &#8211; dey\u0259 nazir vur\u011fulay\u0131b.<\/p>\n<p>H\u0259yata ke\u00e7iril\u0259n t\u0259dbirl\u0259r bar\u0259d\u0259 m\u0259lumat ver\u0259n h\u0259kiml\u0259r bildiribl\u0259r ki, \u201c\u00d6zb\u0259kistan-Az\u0259rbaycan S\u0259hiyy\u0259 Dekadas\u0131\u201d \u00e7\u0259r\u00e7iv\u0259sind\u0259 Az\u0259rbaycandan olan 14 h\u0259kim t\u0259r\u0259find\u0259n \u00f6zb\u0259kistanl\u0131 h\u0259mkarlar\u0131 il\u0259 birg\u0259 yerli \u0259haliy\u0259 m\u00fcasir tibbi avadanl\u0131qlar vasit\u0259sil\u0259, y\u00fcks\u0259k pe\u015f\u0259karl\u0131qla 100-d\u0259n art\u0131q m\u00fcxt\u0259lif c\u0259rrahiyy\u0259 \u0259m\u0259liyyatlar\u0131 icra edilib, m\u00fcayin\u0259 v\u0259 m\u00fcalic\u0259l\u0259ri h\u0259yata ke\u00e7irilib.<\/p>\n<p>Paytaxt Da\u015fk\u0259ndl\u0259 yana\u015f\u0131 \u00d6zb\u0259kistan\u0131n S\u0259m\u0259rq\u0259nd, Xar\u0259zm, Buxara, N\u0259vai v\u0259 dig\u0259r b\u00f6lg\u0259l\u0259rind\u0259 neonatal minimal invaziv c\u0259rrahiyy\u0259, u\u015faq c\u0259rrahiyy\u0259si, transplantologiya, minimal invaziv laparoskopik v\u0259 histeroskopik c\u0259rrahiyy\u0259, travmatologiya v\u0259 ortopediya, onkologiya, oftalmologiya v\u0259 a\u011f\u0131r rekonstruktiv \u0259m\u0259liyyatlar\u0131n icra edildiyi bildirilib.<\/p>\n<p>Sonda s\u0259hiyy\u0259 dekadas\u0131 \u00e7\u0259r\u00e7iv\u0259sind\u0259 tibbi \u0259m\u0259liyyatlar\u0131n ke\u00e7irilm\u0259si \u00fc\u00e7\u00fcn \u00d6zb\u0259kistana ezam olunan h\u0259kim m\u00fct\u0259x\u0259ssisl\u0259r S\u0259hiyy\u0259 Nazirliyinin diplomlar\u0131 il\u0259 t\u0259ltif edilibl\u0259r.<\/p>\n","protected":false},"excerpt":{"rendered":"<p>Az\u0259rbaycan S\u0259hiyy\u0259 Nazirliyind\u0259 \u201c\u00d6zb\u0259kistan-Az\u0259rbaycan S\u0259hiyy\u0259 Dekadas\u0131\u201d\u00a0\u00e7\u0259r\u00e7iv\u0259sind\u0259 \u00f6zb\u0259kistanl\u0131 h\u0259mkarlar\u0131 il\u0259 birg\u0259 tibbi \u0259m\u0259liyyatlar ke\u00e7irm\u0259k \u00fc\u00e7\u00fcn \u00d6zb\u0259kistana ezam olunan h\u0259kim m\u00fct\u0259x\u0259ssisl\u0259rl\u0259 g\u00f6r\u00fc\u015f ke\u00e7irilib. Bu bar\u0259d\u0259 S\u0259hiyy\u0259 Nazirliyi m\u0259lumat yay\u0131b. Bildirilib ki, g\u00f6r\u00fc\u015fd\u0259 ilk n\u00f6vb\u0259d\u0259 Az\u0259rbaycan v\u0259 \u00d6zb\u0259kistan\u0131n s\u0259hiyy\u0259 sah\u0259sinin inki\u015faf\u0131na xidm\u0259t ed\u0259c\u0259k bu t\u0259dbirin ke\u00e7irilm\u0259sind\u0259 g\u00f6st\u0259ril\u0259n y\u00fcks\u0259sk d\u0259st\u0259y\u0259 g\u00f6r\u0259, Heyd\u0259r \u018fliyev Fonduna v\u0259 \u00f6lk\u0259nin birinci vitse-prezidentin\u0259 minn\u0259tdarl\u0131q ifad\u0259 edilib. U\u011furlu c\u0259rrahiyy\u0259 \u0259m\u0259liyyatlar\u0131 v\u0259 tibbi m\u00fcayin\u0259l\u0259r apard\u0131qlar\u0131na g\u00f6r\u0259 h\u0259kiml\u0259r\u0259 t\u0259\u015f\u0259kk\u00fcr\u00fcn\u00fc bildir\u0259n Teymur Musayev bildirib: \u201cH\u0259r iki \u00f6lk\u0259nin prezidentl\u0259rinin r\u0259hb\u0259rliyi alt\u0131nda Az\u0259rbaycan-\u00d6zb\u0259kistan aras\u0131nda u\u011furlu \u0259m\u0259kda\u015fl\u0131q \u00fc\u00e7\u00fcn g\u00fccl\u00fc fundamental \u0259saslar yarad\u0131l\u0131b, bu \u0259laq\u0259l\u0259rin daha da&hellip;<\/p>\n","protected":false},"author":2,"featured_media":650219,"comment_status":"closed","ping_status":"closed","sticky":false,"template":"","format":"standard","meta":{"om_disable_all_campaigns":false,"_monsterinsights_skip_tracking":false,"_monsterinsights_sitenote_active":false,"_monsterinsights_sitenote_note":"","_monsterinsights_sitenote_category":0},"categories":[4],"tags":[],"aioseo_notices":[],"gutentor_comment":0,"rttpg_featured_image_url":{"full":["https:\/\/arantv.az\/wp-content\/uploads\/2023\/10\/m3.jpg",620,413,false],"landscape":["https:\/\/arantv.az\/wp-content\/uploads\/2023\/10\/m3.jpg",620,413,false],"portraits":["https:\/\/arantv.az\/wp-content\/uploads\/2023\/10\/m3.jpg",620,413,false],"thumbnail":["https:\/\/arantv.az\/wp-content\/uploads\/2023\/10\/m3-500x280.jpg",500,280,true],"medium":["https:\/\/arantv.az\/wp-content\/uploads\/2023\/10\/m3-548x365.jpg",548,365,true],"large":["https:\/\/arantv.az\/wp-content\/uploads\/2023\/10\/m3.jpg",620,413,false],"1536x1536":["https:\/\/arantv.az\/wp-content\/uploads\/2023\/10\/m3.jpg",620,413,false],"2048x2048":["https:\/\/arantv.az\/wp-content\/uploads\/2023\/10\/m3.jpg",620,413,false],"post-thumbnail":["https:\/\/arantv.az\/wp-content\/uploads\/2023\/10\/m3-240x172.jpg",240,172,true],"advps-thumb-one":["https:\/\/arantv.az\/wp-content\/uploads\/2023\/10\/m3.jpg",620,413,false]},"rttpg_author":{"display_name":"V\u00fcsal Rafiqo\u011flu","author_link":"https:\/\/arantv.az\/?author=2"},"rttpg_comment":0,"rttpg_category":"<a href=\"https:\/\/arantv.az\/?cat=4\" rel=\"category\">Siyas\u0259t<\/a>","rttpg_excerpt":"Az\u0259rbaycan S\u0259hiyy\u0259 Nazirliyind\u0259 \u201c\u00d6zb\u0259kistan-Az\u0259rbaycan S\u0259hiyy\u0259 Dekadas\u0131\u201d\u00a0\u00e7\u0259r\u00e7iv\u0259sind\u0259 \u00f6zb\u0259kistanl\u0131 h\u0259mkarlar\u0131 il\u0259 birg\u0259 tibbi \u0259m\u0259liyyatlar ke\u00e7irm\u0259k \u00fc\u00e7\u00fcn \u00d6zb\u0259kistana ezam olunan h\u0259kim m\u00fct\u0259x\u0259ssisl\u0259rl\u0259 g\u00f6r\u00fc\u015f ke\u00e7irilib. Bu bar\u0259d\u0259 S\u0259hiyy\u0259 Nazirliyi m\u0259lumat yay\u0131b. Bildirilib ki, g\u00f6r\u00fc\u015fd\u0259 ilk n\u00f6vb\u0259d\u0259 Az\u0259rbaycan v\u0259 \u00d6zb\u0259kistan\u0131n s\u0259hiyy\u0259 sah\u0259sinin inki\u015faf\u0131na xidm\u0259t ed\u0259c\u0259k bu t\u0259dbirin ke\u00e7irilm\u0259sind\u0259 g\u00f6st\u0259ril\u0259n y\u00fcks\u0259sk d\u0259st\u0259y\u0259 g\u00f6r\u0259, Heyd\u0259r \u018fliyev Fonduna v\u0259 \u00f6lk\u0259nin birinci vitse-prezidentin\u0259 minn\u0259tdarl\u0131q&hellip;","_links":{"self":[{"href":"https:\/\/arantv.az\/index.php?rest_route=\/wp\/v2\/posts\/650217"}],"collection":[{"href":"https:\/\/arantv.az\/index.php?rest_route=\/wp\/v2\/posts"}],"about":[{"href":"https:\/\/arantv.az\/index.php?rest_route=\/wp\/v2\/types\/post"}],"author":[{"embeddable":true,"href":"https:\/\/arantv.az\/index.php?rest_route=\/wp\/v2\/users\/2"}],"replies":[{"embeddable":true,"href":"https:\/\/arantv.az\/index.php?rest_route=%2Fwp%2Fv2%2Fcomments&post=650217"}],"version-history":[{"count":0,"href":"https:\/\/arantv.az\/index.php?rest_route=\/wp\/v2\/posts\/650217\/revisions"}],"wp:featuredmedia":[{"embeddable":true,"href":"https:\/\/arantv.az\/index.php?rest_route=\/wp\/v2\/media\/650219"}],"wp:attachment":[{"href":"https:\/\/arantv.az\/index.php?rest_route=%2Fwp%2Fv2%2Fmedia&parent=650217"}],"wp:term":[{"taxonomy":"category","embeddable":true,"href":"https:\/\/arantv.az\/index.php?rest_route=%2Fwp%2Fv2%2Fcategories&post=650217"},{"taxonomy":"post_tag","embeddable":true,"href":"https:\/\/arantv.az\/index.php?rest_route=%2Fwp%2Fv2%2Ftags&post=650217"}],"curies":[{"name":"wp","href":"https:\/\/api.w.org\/{rel}","templated":true}]}}