{"id":650218,"date":"2023-10-27T19:34:03","date_gmt":"2023-10-27T15:34:03","guid":{"rendered":"https:\/\/arantv.az\/?p=650218"},"modified":"2023-10-27T19:34:03","modified_gmt":"2023-10-27T15:34:03","slug":"ceyhun-bayramov-iraq-respublikasi-numay%c9%99nd%c9%99l%c9%99r-surasinin-numay%c9%99nd%c9%99-hey%c9%99ti-il%c9%99-gorusub-foto","status":"publish","type":"post","link":"https:\/\/arantv.az\/?p=650218","title":{"rendered":"Ceyhun Bayramov \u0130raq Respublikas\u0131 N\u00fcmay\u0259nd\u0259l\u0259r \u015euras\u0131n\u0131n n\u00fcmay\u0259nd\u0259 hey\u0259ti il\u0259 g\u00f6r\u00fc\u015f\u00fcb &#8211; FOTO"},"content":{"rendered":"<p>Xarici i\u015fl\u0259r naziri Ceyhun Bayramov \u0130raq Respublikas\u0131 N\u00fcmay\u0259nd\u0259l\u0259r \u015euras\u0131n\u0131n (Parlament) \u00fczv\u00fc El\u015fad Salihinin r\u0259hb\u0259rlik etdiyi n\u00fcmay\u0259nd\u0259 hey\u0259tini q\u0259bul edib.<\/p>\n<p>Bu bar\u0259d\u0259 Xarici \u0130\u015fl\u0259r Nazirliyind\u0259n (X\u0130N) m\u0259lumat verilib.<\/p>\n<p>Bildirilib ki, g\u00f6r\u00fc\u015f zaman\u0131 Az\u0259rbaycan-\u0130raq m\u00fcnasib\u0259tl\u0259rind\u0259 son zamanlar artan dinamizm, bu x\u00fcsusda, cari ilin mart v\u0259 iyul aylar\u0131nda m\u00fcvafiq olaraq, \u0130raq Prezidenti v\u0259 xarici i\u015fl\u0259r nazirinin Az\u0259rbaycana s\u0259f\u0259rl\u0259ri v\u0259 bu s\u0259f\u0259rl\u0259r \u00e7\u0259r\u00e7iv\u0259sind\u0259 ba\u015f tutan ali v\u0259 y\u00fcks\u0259k s\u0259viyy\u0259li g\u00f6r\u00fc\u015fl\u0259r m\u0259mnunluqla xat\u0131rlan\u0131b.<\/p>\n<p>Az\u0259rbaycan il\u0259 \u0130raq aras\u0131nda m\u00f6vcud siyasi dialoqun, iqtisadi-ticar\u0259t \u0259laq\u0259l\u0259rinin, parlamentl\u0259raras\u0131 v\u0259 regionlararas\u0131 \u0259m\u0259kda\u015fl\u0131\u011f\u0131n v\u0259 m\u0259d\u0259ni m\u00fcbadil\u0259l\u0259rin davaml\u0131 \u015f\u0259kild\u0259 s\u00fcrd\u00fcr\u00fclm\u0259sinin \u00f6n\u0259mind\u0259n b\u0259hs olunub.<\/p>\n<div id=\"22889818619\"><\/div>\n<p>H\u0259r iki \u00f6lk\u0259d\u0259ki m\u00f6vcud diplomatik t\u0259msil\u00e7ilikl\u0259rd\u0259n \u0259lav\u0259, m\u0259d\u0259niyy\u0259t m\u0259rk\u0259zl\u0259ri vasit\u0259sil\u0259 humanitar m\u00fcbadil\u0259l\u0259rin t\u0259\u015fviqinin xalqlar\u0131m\u0131z\u0131n bir-birin\u0259 daha da yax\u0131nla\u015fmas\u0131na t\u00f6hf\u0259 ver\u0259 bil\u0259c\u0259yi qeyd olunub.<\/p>\n<p>G\u00f6r\u00fc\u015f zaman\u0131 h\u0259m\u00e7inin, qar\u015f\u0131l\u0131ql\u0131 maraq do\u011furan dig\u0259r ikit\u0259r\u0259fli v\u0259 regional m\u0259s\u0259l\u0259l\u0259r \u0259traf\u0131nda fikir m\u00fcbadil\u0259si apar\u0131l\u0131b.<\/p>\n<p>&nbsp;<\/p>\n<div class=\"gallery\">\n<div class=\"gallery-i\"><img src=\"https:\/\/cdn.oxu.az\/uploads\/W1siZiIsIjIwMjMvMTAvMjcvMTgvNTgvNTAvYTYyOGU3NzEtNTMyZi00MDljLWI0NjktMDRlOGJhZjIwNDZlL1RBR18zOTg3IGNvcHkuanBnIl0sWyJwIiwiZW5jb2RlIiwianBnIiwiLXF1YWxpdHkgODAiXSxbInAiLCJ0aHVtYiIsIjU5MHg1OTBcdTAwM2UiXV0?sha=99bf5cc4eabe2f37\" alt=\"\" \/><\/p>\n<div class=\"gallery-i-caption\"><\/div>\n<\/div>\n<div class=\"gallery-i\"><img src=\"https:\/\/cdn.oxu.az\/uploads\/W1siZiIsIjIwMjMvMTAvMjcvMTgvNTkvMDgvMTc2OGJiYjUtYWEwZC00ZGEyLThkYTgtNzRiNWRhZjliYjNmL1RBR18zOTg0IGNvcHkuanBnIl0sWyJwIiwiZW5jb2RlIiwianBnIiwiLXF1YWxpdHkgODAiXSxbInAiLCJ0aHVtYiIsIjU5MHg1OTBcdTAwM2UiXV0?sha=99360092e117245e\" alt=\"\" \/><\/div>\n<\/div>\n","protected":false},"excerpt":{"rendered":"<p>Xarici i\u015fl\u0259r naziri Ceyhun Bayramov \u0130raq Respublikas\u0131 N\u00fcmay\u0259nd\u0259l\u0259r \u015euras\u0131n\u0131n (Parlament) \u00fczv\u00fc El\u015fad Salihinin r\u0259hb\u0259rlik etdiyi n\u00fcmay\u0259nd\u0259 hey\u0259tini q\u0259bul edib. Bu bar\u0259d\u0259 Xarici \u0130\u015fl\u0259r Nazirliyind\u0259n (X\u0130N) m\u0259lumat verilib. Bildirilib ki, g\u00f6r\u00fc\u015f zaman\u0131 Az\u0259rbaycan-\u0130raq m\u00fcnasib\u0259tl\u0259rind\u0259 son zamanlar artan dinamizm, bu x\u00fcsusda, cari ilin mart v\u0259 iyul aylar\u0131nda m\u00fcvafiq olaraq, \u0130raq Prezidenti v\u0259 xarici i\u015fl\u0259r nazirinin Az\u0259rbaycana s\u0259f\u0259rl\u0259ri v\u0259 bu s\u0259f\u0259rl\u0259r \u00e7\u0259r\u00e7iv\u0259sind\u0259 ba\u015f tutan ali v\u0259 y\u00fcks\u0259k s\u0259viyy\u0259li g\u00f6r\u00fc\u015fl\u0259r m\u0259mnunluqla xat\u0131rlan\u0131b. Az\u0259rbaycan il\u0259 \u0130raq aras\u0131nda m\u00f6vcud siyasi dialoqun, iqtisadi-ticar\u0259t \u0259laq\u0259l\u0259rinin, parlamentl\u0259raras\u0131 v\u0259 regionlararas\u0131 \u0259m\u0259kda\u015fl\u0131\u011f\u0131n v\u0259 m\u0259d\u0259ni m\u00fcbadil\u0259l\u0259rin davaml\u0131 \u015f\u0259kild\u0259 s\u00fcrd\u00fcr\u00fclm\u0259sinin \u00f6n\u0259mind\u0259n b\u0259hs olunub.&hellip;<\/p>\n","protected":false},"author":2,"featured_media":650221,"comment_status":"closed","ping_status":"closed","sticky":false,"template":"","format":"standard","meta":{"om_disable_all_campaigns":false,"_monsterinsights_skip_tracking":false,"_monsterinsights_sitenote_active":false,"_monsterinsights_sitenote_note":"","_monsterinsights_sitenote_category":0},"categories":[4],"tags":[],"aioseo_notices":[],"gutentor_comment":0,"rttpg_featured_image_url":{"full":["https:\/\/arantv.az\/wp-content\/uploads\/2023\/10\/TAG_3977-copy.jpg",620,413,false],"landscape":["https:\/\/arantv.az\/wp-content\/uploads\/2023\/10\/TAG_3977-copy.jpg",620,413,false],"portraits":["https:\/\/arantv.az\/wp-content\/uploads\/2023\/10\/TAG_3977-copy.jpg",620,413,false],"thumbnail":["https:\/\/arantv.az\/wp-content\/uploads\/2023\/10\/TAG_3977-copy-500x280.jpg",500,280,true],"medium":["https:\/\/arantv.az\/wp-content\/uploads\/2023\/10\/TAG_3977-copy-548x365.jpg",548,365,true],"large":["https:\/\/arantv.az\/wp-content\/uploads\/2023\/10\/TAG_3977-copy.jpg",620,413,false],"1536x1536":["https:\/\/arantv.az\/wp-content\/uploads\/2023\/10\/TAG_3977-copy.jpg",620,413,false],"2048x2048":["https:\/\/arantv.az\/wp-content\/uploads\/2023\/10\/TAG_3977-copy.jpg",620,413,false],"post-thumbnail":["https:\/\/arantv.az\/wp-content\/uploads\/2023\/10\/TAG_3977-copy-240x172.jpg",240,172,true],"advps-thumb-one":["https:\/\/arantv.az\/wp-content\/uploads\/2023\/10\/TAG_3977-copy.jpg",620,413,false]},"rttpg_author":{"display_name":"V\u00fcsal Rafiqo\u011flu","author_link":"https:\/\/arantv.az\/?author=2"},"rttpg_comment":0,"rttpg_category":"<a href=\"https:\/\/arantv.az\/?cat=4\" rel=\"category\">Siyas\u0259t<\/a>","rttpg_excerpt":"Xarici i\u015fl\u0259r naziri Ceyhun Bayramov \u0130raq Respublikas\u0131 N\u00fcmay\u0259nd\u0259l\u0259r \u015euras\u0131n\u0131n (Parlament) \u00fczv\u00fc El\u015fad Salihinin r\u0259hb\u0259rlik etdiyi n\u00fcmay\u0259nd\u0259 hey\u0259tini q\u0259bul edib. Bu bar\u0259d\u0259 Xarici \u0130\u015fl\u0259r Nazirliyind\u0259n (X\u0130N) m\u0259lumat verilib. Bildirilib ki, g\u00f6r\u00fc\u015f zaman\u0131 Az\u0259rbaycan-\u0130raq m\u00fcnasib\u0259tl\u0259rind\u0259 son zamanlar artan dinamizm, bu x\u00fcsusda, cari ilin mart v\u0259 iyul aylar\u0131nda m\u00fcvafiq olaraq, \u0130raq Prezidenti v\u0259 xarici i\u015fl\u0259r nazirinin Az\u0259rbaycana s\u0259f\u0259rl\u0259ri&hellip;","_links":{"self":[{"href":"https:\/\/arantv.az\/index.php?rest_route=\/wp\/v2\/posts\/650218"}],"collection":[{"href":"https:\/\/arantv.az\/index.php?rest_route=\/wp\/v2\/posts"}],"about":[{"href":"https:\/\/arantv.az\/index.php?rest_route=\/wp\/v2\/types\/post"}],"author":[{"embeddable":true,"href":"https:\/\/arantv.az\/index.php?rest_route=\/wp\/v2\/users\/2"}],"replies":[{"embeddable":true,"href":"https:\/\/arantv.az\/index.php?rest_route=%2Fwp%2Fv2%2Fcomments&post=650218"}],"version-history":[{"count":0,"href":"https:\/\/arantv.az\/index.php?rest_route=\/wp\/v2\/posts\/650218\/revisions"}],"wp:featuredmedia":[{"embeddable":true,"href":"https:\/\/arantv.az\/index.php?rest_route=\/wp\/v2\/media\/650221"}],"wp:attachment":[{"href":"https:\/\/arantv.az\/index.php?rest_route=%2Fwp%2Fv2%2Fmedia&parent=650218"}],"wp:term":[{"taxonomy":"category","embeddable":true,"href":"https:\/\/arantv.az\/index.php?rest_route=%2Fwp%2Fv2%2Fcategories&post=650218"},{"taxonomy":"post_tag","embeddable":true,"href":"https:\/\/arantv.az\/index.php?rest_route=%2Fwp%2Fv2%2Ftags&post=650218"}],"curies":[{"name":"wp","href":"https:\/\/api.w.org\/{rel}","templated":true}]}}