{"id":650230,"date":"2023-10-28T09:03:10","date_gmt":"2023-10-28T05:03:10","guid":{"rendered":"https:\/\/arantv.az\/?p=650230"},"modified":"2023-10-28T09:03:10","modified_gmt":"2023-10-28T05:03:10","slug":"sumqayitda-silahli-hucum-zamani-ol%c9%99nl%c9%99rin-v%c9%99-yaralananlarin-kimliyi-m%c9%99lum-oldu-yenil%c9%99nib-foto","status":"publish","type":"post","link":"https:\/\/arantv.az\/?p=650230","title":{"rendered":"Sumqay\u0131tda silahl\u0131 h\u00fccum zaman\u0131 \u00f6l\u0259nl\u0259rin v\u0259 yaralananlar\u0131n kimliyi m\u0259lum oldu &#8211; YEN\u0130L\u018fN\u0130B + FOTO"},"content":{"rendered":"<p>Sumqay\u0131tdak\u0131 silahl\u0131 basq\u0131n\u0131n daha bir ne\u00e7\u0259 t\u0259f\u0259rr\u00fcat\u0131 m\u0259lum olub.<\/p>\n<p>APA\u00a0 x\u0259b\u0259r verir ki, h\u00fccumda 1985-ci il t\u0259v\u0259ll\u00fcdl\u00fc Karaka\u015f Suzanna v\u0259 1950-ci il t\u0259v\u0259ll\u00fcdl\u00fc F\u0259r\u0259cov Da\u011fb\u0259yi \u00f6l\u00fcb.<\/p>\n<p>\u0130lkin m\u0259lumata g\u00f6r\u0259 yaral\u0131lar F\u0259r\u0259cov T\u0259rlan v\u0259 Karaka\u015f Serkan reanimasiyadad\u0131r. Serkan\u0131n v\u0259ziyy\u0259ti a\u011f\u0131rd\u0131r.<\/p>\n<p><strong>06:51<\/strong><\/p>\n<p>Sumqay\u0131tda ev\u0259 silahl\u0131 h\u00fccum olub, \u00f6l\u0259n v\u0259 yaralananlar var.<\/p>\n<p>\u201cReport\u201dun m\u0259lumat\u0131na g\u00f6r\u0259, hadis\u0259 16-c\u0131 mikrorayonda yerl\u0259\u015f\u0259n Corat ba\u011flar\u0131 ya\u015fay\u0131\u015f massivind\u0259, f\u0259rdi ya\u015fay\u0131\u015f evind\u0259 ba\u015f verib.<\/p>\n<p>Bel\u0259 ki, ev\u0259 silahl\u0131 h\u00fccum zaman\u0131 ail\u0259nin iki \u00fczv\u00fc \u00f6ld\u00fcr\u00fcl\u00fcb, yaral\u0131lar var. Haz\u0131rda yaral\u0131lar\u0131n say\u0131 d\u0259qiql\u0259\u015fdirilir.<\/p>\n<p>Hadis\u0259 yerin\u0259 h\u00fcquq-m\u00fchafiz\u0259 orqanlar\u0131n\u0131n \u0259m\u0259kda\u015flar\u0131 v\u0259 t\u0259cili yard\u0131m briqadas\u0131 c\u0259lb olunub.<\/p>\n<p>Haz\u0131rda z\u0259ruri istintaq t\u0259dbirl\u0259ri davam etdirilir.<\/p>\n<p>&nbsp;<\/p>\n<div class=\"gallery\">\n<div class=\"gallery-i\"><img src=\"https:\/\/cdn.oxu.az\/uploads\/W1siZiIsIjIwMjMvMTAvMjgvMDYvNTcvMDAvZTY3YThjMGItMjFkZC00NGNjLWJmMmQtZTc2ZDMzNjM2ZmExLzVhMjQ4MTM0LWViZDUtM2M1Ny1hZDExLWY5ZGJhMGQ2NjNiZC5qcGciXSxbInAiLCJlbmNvZGUiLCJqcGciLCItcXVhbGl0eSA4MCJdLFsicCIsInRodW1iIiwiNTkweDU5MFx1MDAzZSJdXQ?sha=cdc86766c3ad13f9\" alt=\"\" \/><\/p>\n<div class=\"gallery-i-caption\"><\/div>\n<\/div>\n<div class=\"gallery-i\"><img src=\"https:\/\/cdn.oxu.az\/uploads\/W1siZiIsIjIwMjMvMTAvMjgvMDcvMjQvMTQvNDBhNWU5OTctYTZjYy00ZGZlLWJmYTQtMDhiYzVmYWI1Y2NjLzYyZGJiZmQxLTlhMjYtMzAzMS04OTRiLWU3ZjZmODE1M2YxZS5qcGciXSxbInAiLCJlbmNvZGUiLCJqcGciLCItcXVhbGl0eSA4MCJdLFsicCIsInRodW1iIiwiNTkweDU5MFx1MDAzZSJdXQ?sha=dbff8a3e2cf118e1\" alt=\"\" \/><\/div>\n<\/div>\n","protected":false},"excerpt":{"rendered":"<p>Sumqay\u0131tdak\u0131 silahl\u0131 basq\u0131n\u0131n daha bir ne\u00e7\u0259 t\u0259f\u0259rr\u00fcat\u0131 m\u0259lum olub. APA\u00a0 x\u0259b\u0259r verir ki, h\u00fccumda 1985-ci il t\u0259v\u0259ll\u00fcdl\u00fc Karaka\u015f Suzanna v\u0259 1950-ci il t\u0259v\u0259ll\u00fcdl\u00fc F\u0259r\u0259cov Da\u011fb\u0259yi \u00f6l\u00fcb. \u0130lkin m\u0259lumata g\u00f6r\u0259 yaral\u0131lar F\u0259r\u0259cov T\u0259rlan v\u0259 Karaka\u015f Serkan reanimasiyadad\u0131r. Serkan\u0131n v\u0259ziyy\u0259ti a\u011f\u0131rd\u0131r. 06:51 Sumqay\u0131tda ev\u0259 silahl\u0131 h\u00fccum olub, \u00f6l\u0259n v\u0259 yaralananlar var. \u201cReport\u201dun m\u0259lumat\u0131na g\u00f6r\u0259, hadis\u0259 16-c\u0131 mikrorayonda yerl\u0259\u015f\u0259n Corat ba\u011flar\u0131 ya\u015fay\u0131\u015f massivind\u0259, f\u0259rdi ya\u015fay\u0131\u015f evind\u0259 ba\u015f verib. Bel\u0259 ki, ev\u0259 silahl\u0131 h\u00fccum zaman\u0131 ail\u0259nin iki \u00fczv\u00fc \u00f6ld\u00fcr\u00fcl\u00fcb, yaral\u0131lar var. Haz\u0131rda yaral\u0131lar\u0131n say\u0131 d\u0259qiql\u0259\u015fdirilir. Hadis\u0259 yerin\u0259 h\u00fcquq-m\u00fchafiz\u0259 orqanlar\u0131n\u0131n \u0259m\u0259kda\u015flar\u0131 v\u0259 t\u0259cili yard\u0131m briqadas\u0131&hellip;<\/p>\n","protected":false},"author":2,"featured_media":650232,"comment_status":"closed","ping_status":"closed","sticky":false,"template":"","format":"standard","meta":{"om_disable_all_campaigns":false,"_monsterinsights_skip_tracking":false,"_monsterinsights_sitenote_active":false,"_monsterinsights_sitenote_note":"","_monsterinsights_sitenote_category":0},"categories":[5],"tags":[],"aioseo_notices":[],"gutentor_comment":0,"rttpg_featured_image_url":{"full":["https:\/\/arantv.az\/wp-content\/uploads\/2023\/10\/FotoJet-4-15.jpg",620,413,false],"landscape":["https:\/\/arantv.az\/wp-content\/uploads\/2023\/10\/FotoJet-4-15.jpg",620,413,false],"portraits":["https:\/\/arantv.az\/wp-content\/uploads\/2023\/10\/FotoJet-4-15.jpg",620,413,false],"thumbnail":["https:\/\/arantv.az\/wp-content\/uploads\/2023\/10\/FotoJet-4-15-500x280.jpg",500,280,true],"medium":["https:\/\/arantv.az\/wp-content\/uploads\/2023\/10\/FotoJet-4-15-548x365.jpg",548,365,true],"large":["https:\/\/arantv.az\/wp-content\/uploads\/2023\/10\/FotoJet-4-15.jpg",620,413,false],"1536x1536":["https:\/\/arantv.az\/wp-content\/uploads\/2023\/10\/FotoJet-4-15.jpg",620,413,false],"2048x2048":["https:\/\/arantv.az\/wp-content\/uploads\/2023\/10\/FotoJet-4-15.jpg",620,413,false],"post-thumbnail":["https:\/\/arantv.az\/wp-content\/uploads\/2023\/10\/FotoJet-4-15-240x172.jpg",240,172,true],"advps-thumb-one":["https:\/\/arantv.az\/wp-content\/uploads\/2023\/10\/FotoJet-4-15.jpg",620,413,false]},"rttpg_author":{"display_name":"V\u00fcsal Rafiqo\u011flu","author_link":"https:\/\/arantv.az\/?author=2"},"rttpg_comment":0,"rttpg_category":"<a href=\"https:\/\/arantv.az\/?cat=5\" rel=\"category\">Hadis\u0259<\/a>","rttpg_excerpt":"Sumqay\u0131tdak\u0131 silahl\u0131 basq\u0131n\u0131n daha bir ne\u00e7\u0259 t\u0259f\u0259rr\u00fcat\u0131 m\u0259lum olub. APA\u00a0 x\u0259b\u0259r verir ki, h\u00fccumda 1985-ci il t\u0259v\u0259ll\u00fcdl\u00fc Karaka\u015f Suzanna v\u0259 1950-ci il t\u0259v\u0259ll\u00fcdl\u00fc F\u0259r\u0259cov Da\u011fb\u0259yi \u00f6l\u00fcb. \u0130lkin m\u0259lumata g\u00f6r\u0259 yaral\u0131lar F\u0259r\u0259cov T\u0259rlan v\u0259 Karaka\u015f Serkan reanimasiyadad\u0131r. Serkan\u0131n v\u0259ziyy\u0259ti a\u011f\u0131rd\u0131r. 06:51 Sumqay\u0131tda ev\u0259 silahl\u0131 h\u00fccum olub, \u00f6l\u0259n v\u0259 yaralananlar var. \u201cReport\u201dun m\u0259lumat\u0131na g\u00f6r\u0259, hadis\u0259 16-c\u0131 mikrorayonda&hellip;","_links":{"self":[{"href":"https:\/\/arantv.az\/index.php?rest_route=\/wp\/v2\/posts\/650230"}],"collection":[{"href":"https:\/\/arantv.az\/index.php?rest_route=\/wp\/v2\/posts"}],"about":[{"href":"https:\/\/arantv.az\/index.php?rest_route=\/wp\/v2\/types\/post"}],"author":[{"embeddable":true,"href":"https:\/\/arantv.az\/index.php?rest_route=\/wp\/v2\/users\/2"}],"replies":[{"embeddable":true,"href":"https:\/\/arantv.az\/index.php?rest_route=%2Fwp%2Fv2%2Fcomments&post=650230"}],"version-history":[{"count":0,"href":"https:\/\/arantv.az\/index.php?rest_route=\/wp\/v2\/posts\/650230\/revisions"}],"wp:featuredmedia":[{"embeddable":true,"href":"https:\/\/arantv.az\/index.php?rest_route=\/wp\/v2\/media\/650232"}],"wp:attachment":[{"href":"https:\/\/arantv.az\/index.php?rest_route=%2Fwp%2Fv2%2Fmedia&parent=650230"}],"wp:term":[{"taxonomy":"category","embeddable":true,"href":"https:\/\/arantv.az\/index.php?rest_route=%2Fwp%2Fv2%2Fcategories&post=650230"},{"taxonomy":"post_tag","embeddable":true,"href":"https:\/\/arantv.az\/index.php?rest_route=%2Fwp%2Fv2%2Ftags&post=650230"}],"curies":[{"name":"wp","href":"https:\/\/api.w.org\/{rel}","templated":true}]}}