{"id":650237,"date":"2023-10-28T09:04:55","date_gmt":"2023-10-28T05:04:55","guid":{"rendered":"https:\/\/arantv.az\/?p=650237"},"modified":"2023-10-28T09:04:55","modified_gmt":"2023-10-28T05:04:55","slug":"z%c9%99ngilan-sakini-h%c9%99yatimizin-%c9%99n-qururlu-anlarini-yasayiriq","status":"publish","type":"post","link":"https:\/\/arantv.az\/?p=650237","title":{"rendered":"Z\u0259ngilan sakini: \u201cH\u0259yat\u0131m\u0131z\u0131n \u0259n q\u00fcrurlu anlar\u0131n\u0131 ya\u015fay\u0131r\u0131q\u201d"},"content":{"rendered":"<p>\u201cH\u0259yat\u0131m\u0131z\u0131n \u0259n q\u00fcrurlu anlar\u0131n\u0131 ya\u015fay\u0131r\u0131q\u201d.<\/p>\n<p>\u201cReport\u201d x\u0259b\u0259r verir ki, bunu jurnalistl\u0259r\u0259 Z\u0259ngilan rayonu, A\u011fal\u0131 k\u0259nd sakini, ke\u00e7mi\u015f m\u0259cburi k\u00f6\u00e7k\u00fcn \u015eamil Quliyev deyib.<\/p>\n<p>\u201c\u00c7ox sevindirici, q\u00fcrurlu hald\u0131r ki, 30 ild\u0259n sonra \u00f6z torpaqlar\u0131m\u0131za qay\u0131td\u0131q. Allah Prezidentimizin can\u0131n\u0131 sa\u011f el\u0259sin! Biz Ali Ba\u015f Komandan\u0131m\u0131z\u0131n v\u0259 r\u0259\u015fad\u0259tli Ordumuzun say\u0259sind\u0259 bu torpaqlara geri qay\u0131td\u0131q. Bu sevinc hissini dill\u0259 ifad\u0259 etm\u0259k m\u00fcmk\u00fcn deyil.<\/p>\n<p>H\u0259yat\u0131m\u0131z\u0131n \u0259n sevincli g\u00fcnl\u0259ridir. Allah \u015f\u0259hidl\u0259rimiz\u0259 r\u0259hm\u0259t el\u0259sin, qazil\u0259rimiz\u0259 \u015f\u0259fa versin. Bu g\u00fcnd\u0259n \u00f6mr\u00fcm\u00fcz\u00fcn sonunad\u0259k o torpaqlarda ya\u015fayaca\u011f\u0131q. Yurdu daha da abadla\u015fd\u0131raca\u011f\u0131q\u201d, &#8211; o deyib.<\/p>\n<div id=\"22889818619\">\n<div id=\"google_ads_iframe_\/22785635315\/22890818619_0__container__\"><\/div>\n<\/div>\n<p>\u015e.Quliyev bildirib ki, m\u00fc\u0259llimdir:<\/p>\n<p>\u201cZ\u0259ngilanda ixtisas\u0131m \u00fczr\u0259 i\u015fl\u0259m\u0259k ist\u0259yir\u0259m. \u015eagirdl\u0259rimiz\u0259 d\u0259rs \u00f6yr\u0259tm\u0259k, V\u0259t\u0259ni onlara daha da sevdirm\u0259k laz\u0131md\u0131r\u201d.<\/p>\n<p>Qeyd ed\u0259k ki, bu g\u00fcn Ab\u015feron rayonunun Masaz\u0131r k\u0259ndind\u0259n Z\u0259ngilan rayonunun yenid\u0259n sal\u0131nm\u0131\u015f A\u011fal\u0131 k\u0259ndin\u0259 n\u00f6vb\u0259ti k\u00f6\u00e7 karvan\u0131 yola sal\u0131n\u0131b. \u0130ndiy\u0259d\u0259k Bak\u0131, Sumqay\u0131t \u015f\u0259h\u0259rl\u0259rind\u0259 v\u0259 Ab\u015feron rayonunda m\u00fcv\u0259qq\u0259ti m\u0259skunla\u015fm\u0131\u015f 25 ail\u0259 &#8211; 127 n\u0259f\u0259r bundan sonra do\u011fma yurdda ya\u015fama\u011fa ba\u015flayacaq. Onlar erm\u0259nil\u0259rin i\u015f\u011fal d\u00f6vr\u00fcnd\u0259 tamamil\u0259 da\u011f\u0131td\u0131qlar\u0131 1-ci, 2-ci v\u0259 3-c\u00fc A\u011fal\u0131 k\u0259ndl\u0259rinin sakinl\u0259ridir.<\/p>\n","protected":false},"excerpt":{"rendered":"<p>\u201cH\u0259yat\u0131m\u0131z\u0131n \u0259n q\u00fcrurlu anlar\u0131n\u0131 ya\u015fay\u0131r\u0131q\u201d. \u201cReport\u201d x\u0259b\u0259r verir ki, bunu jurnalistl\u0259r\u0259 Z\u0259ngilan rayonu, A\u011fal\u0131 k\u0259nd sakini, ke\u00e7mi\u015f m\u0259cburi k\u00f6\u00e7k\u00fcn \u015eamil Quliyev deyib. \u201c\u00c7ox sevindirici, q\u00fcrurlu hald\u0131r ki, 30 ild\u0259n sonra \u00f6z torpaqlar\u0131m\u0131za qay\u0131td\u0131q. Allah Prezidentimizin can\u0131n\u0131 sa\u011f el\u0259sin! Biz Ali Ba\u015f Komandan\u0131m\u0131z\u0131n v\u0259 r\u0259\u015fad\u0259tli Ordumuzun say\u0259sind\u0259 bu torpaqlara geri qay\u0131td\u0131q. Bu sevinc hissini dill\u0259 ifad\u0259 etm\u0259k m\u00fcmk\u00fcn deyil. H\u0259yat\u0131m\u0131z\u0131n \u0259n sevincli g\u00fcnl\u0259ridir. Allah \u015f\u0259hidl\u0259rimiz\u0259 r\u0259hm\u0259t el\u0259sin, qazil\u0259rimiz\u0259 \u015f\u0259fa versin. Bu g\u00fcnd\u0259n \u00f6mr\u00fcm\u00fcz\u00fcn sonunad\u0259k o torpaqlarda ya\u015fayaca\u011f\u0131q. Yurdu daha da abadla\u015fd\u0131raca\u011f\u0131q\u201d, &#8211; o deyib. \u015e.Quliyev bildirib ki, m\u00fc\u0259llimdir: \u201cZ\u0259ngilanda ixtisas\u0131m \u00fczr\u0259&hellip;<\/p>\n","protected":false},"author":2,"featured_media":650240,"comment_status":"closed","ping_status":"closed","sticky":false,"template":"","format":"standard","meta":{"om_disable_all_campaigns":false,"_monsterinsights_skip_tracking":false,"_monsterinsights_sitenote_active":false,"_monsterinsights_sitenote_note":"","_monsterinsights_sitenote_category":0},"categories":[1],"tags":[],"aioseo_notices":[],"gutentor_comment":0,"rttpg_featured_image_url":{"full":["https:\/\/arantv.az\/wp-content\/uploads\/2023\/10\/FotoJet-51.jpg",620,413,false],"landscape":["https:\/\/arantv.az\/wp-content\/uploads\/2023\/10\/FotoJet-51.jpg",620,413,false],"portraits":["https:\/\/arantv.az\/wp-content\/uploads\/2023\/10\/FotoJet-51.jpg",620,413,false],"thumbnail":["https:\/\/arantv.az\/wp-content\/uploads\/2023\/10\/FotoJet-51-500x280.jpg",500,280,true],"medium":["https:\/\/arantv.az\/wp-content\/uploads\/2023\/10\/FotoJet-51-548x365.jpg",548,365,true],"large":["https:\/\/arantv.az\/wp-content\/uploads\/2023\/10\/FotoJet-51.jpg",620,413,false],"1536x1536":["https:\/\/arantv.az\/wp-content\/uploads\/2023\/10\/FotoJet-51.jpg",620,413,false],"2048x2048":["https:\/\/arantv.az\/wp-content\/uploads\/2023\/10\/FotoJet-51.jpg",620,413,false],"post-thumbnail":["https:\/\/arantv.az\/wp-content\/uploads\/2023\/10\/FotoJet-51-240x172.jpg",240,172,true],"advps-thumb-one":["https:\/\/arantv.az\/wp-content\/uploads\/2023\/10\/FotoJet-51.jpg",620,413,false]},"rttpg_author":{"display_name":"V\u00fcsal Rafiqo\u011flu","author_link":"https:\/\/arantv.az\/?author=2"},"rttpg_comment":0,"rttpg_category":"<a href=\"https:\/\/arantv.az\/?cat=1\" rel=\"category\">C\u0259miyy\u0259t<\/a>","rttpg_excerpt":"\u201cH\u0259yat\u0131m\u0131z\u0131n \u0259n q\u00fcrurlu anlar\u0131n\u0131 ya\u015fay\u0131r\u0131q\u201d. \u201cReport\u201d x\u0259b\u0259r verir ki, bunu jurnalistl\u0259r\u0259 Z\u0259ngilan rayonu, A\u011fal\u0131 k\u0259nd sakini, ke\u00e7mi\u015f m\u0259cburi k\u00f6\u00e7k\u00fcn \u015eamil Quliyev deyib. \u201c\u00c7ox sevindirici, q\u00fcrurlu hald\u0131r ki, 30 ild\u0259n sonra \u00f6z torpaqlar\u0131m\u0131za qay\u0131td\u0131q. Allah Prezidentimizin can\u0131n\u0131 sa\u011f el\u0259sin! Biz Ali Ba\u015f Komandan\u0131m\u0131z\u0131n v\u0259 r\u0259\u015fad\u0259tli Ordumuzun say\u0259sind\u0259 bu torpaqlara geri qay\u0131td\u0131q. Bu sevinc hissini dill\u0259 ifad\u0259&hellip;","_links":{"self":[{"href":"https:\/\/arantv.az\/index.php?rest_route=\/wp\/v2\/posts\/650237"}],"collection":[{"href":"https:\/\/arantv.az\/index.php?rest_route=\/wp\/v2\/posts"}],"about":[{"href":"https:\/\/arantv.az\/index.php?rest_route=\/wp\/v2\/types\/post"}],"author":[{"embeddable":true,"href":"https:\/\/arantv.az\/index.php?rest_route=\/wp\/v2\/users\/2"}],"replies":[{"embeddable":true,"href":"https:\/\/arantv.az\/index.php?rest_route=%2Fwp%2Fv2%2Fcomments&post=650237"}],"version-history":[{"count":0,"href":"https:\/\/arantv.az\/index.php?rest_route=\/wp\/v2\/posts\/650237\/revisions"}],"wp:featuredmedia":[{"embeddable":true,"href":"https:\/\/arantv.az\/index.php?rest_route=\/wp\/v2\/media\/650240"}],"wp:attachment":[{"href":"https:\/\/arantv.az\/index.php?rest_route=%2Fwp%2Fv2%2Fmedia&parent=650237"}],"wp:term":[{"taxonomy":"category","embeddable":true,"href":"https:\/\/arantv.az\/index.php?rest_route=%2Fwp%2Fv2%2Fcategories&post=650237"},{"taxonomy":"post_tag","embeddable":true,"href":"https:\/\/arantv.az\/index.php?rest_route=%2Fwp%2Fv2%2Ftags&post=650237"}],"curies":[{"name":"wp","href":"https:\/\/api.w.org\/{rel}","templated":true}]}}