{"id":650239,"date":"2023-10-28T09:05:07","date_gmt":"2023-10-28T05:05:07","guid":{"rendered":"https:\/\/arantv.az\/?p=650239"},"modified":"2023-10-28T09:05:07","modified_gmt":"2023-10-28T05:05:07","slug":"evl%c9%99rin-bir-addimliginda-qeyri-yasayis-obyekti-tikilir-video","status":"publish","type":"post","link":"https:\/\/arantv.az\/?p=650239","title":{"rendered":"Evl\u0259rin bir add\u0131ml\u0131\u011f\u0131nda qeyri-ya\u015fay\u0131\u015f obyekti tikilir &#8211; V\u0130DEO"},"content":{"rendered":"<article class=\"news\">\n<div class=\"news-inner\">\n<p>Ab\u015feron rayonu, X\u0131rdalan \u015f\u0259h\u0259rind\u0259 f\u0259rdi ya\u015fay\u0131\u015f evl\u0259rinin yax\u0131nl\u0131\u011f\u0131nda qeyri-ya\u015fay\u0131\u015f obyekl\u0259rinin tikintisin\u0259 ba\u015flan\u0131l\u0131b.<\/p>\n<p>Bel\u0259 ki, rayonun Hac\u0131 Zeynallabdin Ta\u011f\u0131yev k\u00fc\u00e7\u0259sind\u0259 ya\u015fayan sakinl\u0259r yaranm\u0131\u015f v\u0259ziyy\u0259td\u0259n naraz\u0131d\u0131r.<\/p>\n<p>Onlar\u0131n s\u00f6zl\u0259rin\u0259 g\u00f6r\u0259, tikili m\u0259nzill\u0259r\u0259 giri\u015f-\u00e7\u0131x\u0131\u015f\u0131 \u00e7\u0259tinl\u0259\u015fir, evl\u0259rin \u00f6n\u00fcn\u00fc k\u0259sir.<\/p>\n<p>\u018fmlak m\u0259s\u0259l\u0259l\u0259ri \u00fczr\u0259 ekspert Ramil Qas\u0131mzad\u0259 is\u0259 bildirib ki, ya\u015fay\u0131\u015f m\u0259nt\u0259q\u0259l\u0259rind\u0259 tikil\u0259n h\u0259min obyektin divar h\u00fcnd\u00fcrl\u00fcy\u00fc qon\u015fu il\u0259 m\u00fc\u0259yy\u0259n ara m\u0259saf\u0259sind\u0259 olmal\u0131d\u0131r.<\/p>\n<p>\u201cATV X\u0259b\u0259r\u201din m\u00f6vzu il\u0259 ba\u011fl\u0131 haz\u0131rlad\u0131\u011f\u0131 s\u00fcjeti t\u0259qdim edirik:<\/p>\n<div><iframe loading=\"lazy\" title=\"YouTube video player\" src=\"https:\/\/www.youtube.com\/embed\/qnRjzP0vxas?si=_a2-5or8TMBxEYeZ\" width=\"560\" height=\"315\" frameborder=\"0\" allowfullscreen=\"allowfullscreen\" data-mce-fragment=\"1\"><\/iframe><\/div>\n<\/div>\n<\/article>\n","protected":false},"excerpt":{"rendered":"<p>Ab\u015feron rayonu, X\u0131rdalan \u015f\u0259h\u0259rind\u0259 f\u0259rdi ya\u015fay\u0131\u015f evl\u0259rinin yax\u0131nl\u0131\u011f\u0131nda qeyri-ya\u015fay\u0131\u015f obyekl\u0259rinin tikintisin\u0259 ba\u015flan\u0131l\u0131b. Bel\u0259 ki, rayonun Hac\u0131 Zeynallabdin Ta\u011f\u0131yev k\u00fc\u00e7\u0259sind\u0259 ya\u015fayan sakinl\u0259r yaranm\u0131\u015f v\u0259ziyy\u0259td\u0259n naraz\u0131d\u0131r. Onlar\u0131n s\u00f6zl\u0259rin\u0259 g\u00f6r\u0259, tikili m\u0259nzill\u0259r\u0259 giri\u015f-\u00e7\u0131x\u0131\u015f\u0131 \u00e7\u0259tinl\u0259\u015fir, evl\u0259rin \u00f6n\u00fcn\u00fc k\u0259sir. \u018fmlak m\u0259s\u0259l\u0259l\u0259ri \u00fczr\u0259 ekspert Ramil Qas\u0131mzad\u0259 is\u0259 bildirib ki, ya\u015fay\u0131\u015f m\u0259nt\u0259q\u0259l\u0259rind\u0259 tikil\u0259n h\u0259min obyektin divar h\u00fcnd\u00fcrl\u00fcy\u00fc qon\u015fu il\u0259 m\u00fc\u0259yy\u0259n ara m\u0259saf\u0259sind\u0259 olmal\u0131d\u0131r. \u201cATV X\u0259b\u0259r\u201din m\u00f6vzu il\u0259 ba\u011fl\u0131 haz\u0131rlad\u0131\u011f\u0131 s\u00fcjeti t\u0259qdim edirik:<\/p>\n","protected":false},"author":2,"featured_media":650241,"comment_status":"closed","ping_status":"closed","sticky":false,"template":"","format":"standard","meta":{"om_disable_all_campaigns":false,"_monsterinsights_skip_tracking":false,"_monsterinsights_sitenote_active":false,"_monsterinsights_sitenote_note":"","_monsterinsights_sitenote_category":0},"categories":[1],"tags":[],"aioseo_notices":[],"gutentor_comment":0,"rttpg_featured_image_url":{"full":["https:\/\/arantv.az\/wp-content\/uploads\/2023\/10\/FotoJet-12-6.jpg",620,413,false],"landscape":["https:\/\/arantv.az\/wp-content\/uploads\/2023\/10\/FotoJet-12-6.jpg",620,413,false],"portraits":["https:\/\/arantv.az\/wp-content\/uploads\/2023\/10\/FotoJet-12-6.jpg",620,413,false],"thumbnail":["https:\/\/arantv.az\/wp-content\/uploads\/2023\/10\/FotoJet-12-6-500x280.jpg",500,280,true],"medium":["https:\/\/arantv.az\/wp-content\/uploads\/2023\/10\/FotoJet-12-6-548x365.jpg",548,365,true],"large":["https:\/\/arantv.az\/wp-content\/uploads\/2023\/10\/FotoJet-12-6.jpg",620,413,false],"1536x1536":["https:\/\/arantv.az\/wp-content\/uploads\/2023\/10\/FotoJet-12-6.jpg",620,413,false],"2048x2048":["https:\/\/arantv.az\/wp-content\/uploads\/2023\/10\/FotoJet-12-6.jpg",620,413,false],"post-thumbnail":["https:\/\/arantv.az\/wp-content\/uploads\/2023\/10\/FotoJet-12-6-240x172.jpg",240,172,true],"advps-thumb-one":["https:\/\/arantv.az\/wp-content\/uploads\/2023\/10\/FotoJet-12-6.jpg",620,413,false]},"rttpg_author":{"display_name":"V\u00fcsal Rafiqo\u011flu","author_link":"https:\/\/arantv.az\/?author=2"},"rttpg_comment":0,"rttpg_category":"<a href=\"https:\/\/arantv.az\/?cat=1\" rel=\"category\">C\u0259miyy\u0259t<\/a>","rttpg_excerpt":"Ab\u015feron rayonu, X\u0131rdalan \u015f\u0259h\u0259rind\u0259 f\u0259rdi ya\u015fay\u0131\u015f evl\u0259rinin yax\u0131nl\u0131\u011f\u0131nda qeyri-ya\u015fay\u0131\u015f obyekl\u0259rinin tikintisin\u0259 ba\u015flan\u0131l\u0131b. Bel\u0259 ki, rayonun Hac\u0131 Zeynallabdin Ta\u011f\u0131yev k\u00fc\u00e7\u0259sind\u0259 ya\u015fayan sakinl\u0259r yaranm\u0131\u015f v\u0259ziyy\u0259td\u0259n naraz\u0131d\u0131r. Onlar\u0131n s\u00f6zl\u0259rin\u0259 g\u00f6r\u0259, tikili m\u0259nzill\u0259r\u0259 giri\u015f-\u00e7\u0131x\u0131\u015f\u0131 \u00e7\u0259tinl\u0259\u015fir, evl\u0259rin \u00f6n\u00fcn\u00fc k\u0259sir. \u018fmlak m\u0259s\u0259l\u0259l\u0259ri \u00fczr\u0259 ekspert Ramil Qas\u0131mzad\u0259 is\u0259 bildirib ki, ya\u015fay\u0131\u015f m\u0259nt\u0259q\u0259l\u0259rind\u0259 tikil\u0259n h\u0259min obyektin divar h\u00fcnd\u00fcrl\u00fcy\u00fc qon\u015fu il\u0259 m\u00fc\u0259yy\u0259n ara m\u0259saf\u0259sind\u0259&hellip;","_links":{"self":[{"href":"https:\/\/arantv.az\/index.php?rest_route=\/wp\/v2\/posts\/650239"}],"collection":[{"href":"https:\/\/arantv.az\/index.php?rest_route=\/wp\/v2\/posts"}],"about":[{"href":"https:\/\/arantv.az\/index.php?rest_route=\/wp\/v2\/types\/post"}],"author":[{"embeddable":true,"href":"https:\/\/arantv.az\/index.php?rest_route=\/wp\/v2\/users\/2"}],"replies":[{"embeddable":true,"href":"https:\/\/arantv.az\/index.php?rest_route=%2Fwp%2Fv2%2Fcomments&post=650239"}],"version-history":[{"count":0,"href":"https:\/\/arantv.az\/index.php?rest_route=\/wp\/v2\/posts\/650239\/revisions"}],"wp:featuredmedia":[{"embeddable":true,"href":"https:\/\/arantv.az\/index.php?rest_route=\/wp\/v2\/media\/650241"}],"wp:attachment":[{"href":"https:\/\/arantv.az\/index.php?rest_route=%2Fwp%2Fv2%2Fmedia&parent=650239"}],"wp:term":[{"taxonomy":"category","embeddable":true,"href":"https:\/\/arantv.az\/index.php?rest_route=%2Fwp%2Fv2%2Fcategories&post=650239"},{"taxonomy":"post_tag","embeddable":true,"href":"https:\/\/arantv.az\/index.php?rest_route=%2Fwp%2Fv2%2Ftags&post=650239"}],"curies":[{"name":"wp","href":"https:\/\/api.w.org\/{rel}","templated":true}]}}