{"id":650248,"date":"2023-10-28T09:06:54","date_gmt":"2023-10-28T05:06:54","guid":{"rendered":"https:\/\/arantv.az\/?p=650248"},"modified":"2023-10-28T09:06:54","modified_gmt":"2023-10-28T05:06:54","slug":"az%c9%99rbaycan-gurcustan-v%c9%99-erm%c9%99nistan-bas-nazirl%c9%99rinin-uct%c9%99r%c9%99fli-gorusunun-movzusu-aciqlandi-video","status":"publish","type":"post","link":"https:\/\/arantv.az\/?p=650248","title":{"rendered":"Az\u0259rbaycan, G\u00fcrc\u00fcstan v\u0259 Erm\u0259nistan ba\u015f nazirl\u0259rinin \u00fc\u00e7t\u0259r\u0259fli g\u00f6r\u00fc\u015f\u00fcn\u00fcn m\u00f6vzusu A\u00c7IQLANDI &#8211; V\u0130DEO"},"content":{"rendered":"<div class=\"body-inner\">\n<div class=\"page-content\">\n<div class=\"l-center\">\n<div class=\"news-container\">\n<article class=\"news\">\n<div class=\"news-inner\">\n<p>G\u00fcrc\u00fcstan\u0131n Ba\u015f naziri \u0130rakli Qariba\u015fvili Az\u0259rbaycan\u0131n Ba\u015f naziri \u018fli \u018fs\u0259dov v\u0259 erm\u0259ni h\u0259mkar\u0131 Nikol Pa\u015finyanla \u00fc\u00e7t\u0259r\u0259fli g\u00f6r\u00fc\u015f\u00fcn\u00fcn m\u00fczakir\u0259 m\u00f6vzusunu a\u00e7\u0131qlay\u0131b.<\/p>\n<p>APA x\u0259b\u0259r verir ki, h\u00f6kum\u0259t ba\u015f\u00e7\u0131s\u0131 \u201cFacebook\u201d payla\u015f\u0131m\u0131nda h\u0259mkarlar\u0131 il\u0259 g\u00f6r\u00fc\u015f zaman\u0131 h\u0259r \u00fc\u00e7 \u00f6lk\u0259nin mara\u011f\u0131na cavab ver\u0259n irimiqyasl\u0131 regional layih\u0259l\u0259ri m\u00fczakir\u0259 etdiyini bildirib.<\/p>\n<p>\u201cTbilisi \u0130p\u0259k Yolu Forumu \u00e7\u0259r\u00e7iv\u0259sind\u0259 Erm\u0259nistan v\u0259 Az\u0259rbaycan\u0131n ba\u015f nazirl\u0259rini qonaq etm\u0259k imkan\u0131na g\u00f6r\u0259 \u00e7ox \u015fadam, bel\u0259 ki, biz birlikd\u0259 C\u0259nubi Qafqaz\u0131n g\u0259l\u0259c\u0259yi, h\u0259yata ke\u00e7irilm\u0259si ham\u0131m\u0131z\u0131n ortaq mara\u011f\u0131na cavab ver\u0259n irimiqyasl\u0131 regional layih\u0259l\u0259r bar\u0259sind\u0259 dan\u0131\u015fa bildik. Biz BMT tribunas\u0131nda b\u0259yan etdiyim s\u00fclh t\u0259\u015f\u0259bb\u00fcs\u00fc \u00e7\u0259r\u00e7iv\u0259sind\u0259, \u00f6lk\u0259l\u0259rimizin xeyrin\u0259 regionda s\u00fclh, sabitlik v\u0259 iqtisadi inki\u015faf istiqam\u0259tind\u0259 s\u0259yl\u0259rimizi davam etdirm\u0259y\u0259 haz\u0131r\u0131q\u201d, &#8211; Qariba\u015fvili bildirib.<\/p>\n<div><iframe loading=\"lazy\" title=\"YouTube video player\" src=\"https:\/\/www.youtube.com\/embed\/ZattK3u0wy4?si=6og9gtYYEvWDMIqF\" width=\"560\" height=\"315\" frameborder=\"0\" allowfullscreen=\"allowfullscreen\" data-mce-fragment=\"1\"><\/iframe><\/div>\n<\/div>\n<\/article>\n<\/div>\n<\/div>\n<\/div>\n<\/div>\n<div>\n<div id=\"bg_adviad_left\" class=\"bg_adviad_both\">\n<div id=\"adviad-src-left\">\n<div><\/div>\n<div><\/div>\n<div><\/div>\n<div><\/div>\n<div><\/div>\n<\/div>\n<\/div>\n<\/div>\n","protected":false},"excerpt":{"rendered":"<p>G\u00fcrc\u00fcstan\u0131n Ba\u015f naziri \u0130rakli Qariba\u015fvili Az\u0259rbaycan\u0131n Ba\u015f naziri \u018fli \u018fs\u0259dov v\u0259 erm\u0259ni h\u0259mkar\u0131 Nikol Pa\u015finyanla \u00fc\u00e7t\u0259r\u0259fli g\u00f6r\u00fc\u015f\u00fcn\u00fcn m\u00fczakir\u0259 m\u00f6vzusunu a\u00e7\u0131qlay\u0131b. APA x\u0259b\u0259r verir ki, h\u00f6kum\u0259t ba\u015f\u00e7\u0131s\u0131 \u201cFacebook\u201d payla\u015f\u0131m\u0131nda h\u0259mkarlar\u0131 il\u0259 g\u00f6r\u00fc\u015f zaman\u0131 h\u0259r \u00fc\u00e7 \u00f6lk\u0259nin mara\u011f\u0131na cavab ver\u0259n irimiqyasl\u0131 regional layih\u0259l\u0259ri m\u00fczakir\u0259 etdiyini bildirib. \u201cTbilisi \u0130p\u0259k Yolu Forumu \u00e7\u0259r\u00e7iv\u0259sind\u0259 Erm\u0259nistan v\u0259 Az\u0259rbaycan\u0131n ba\u015f nazirl\u0259rini qonaq etm\u0259k imkan\u0131na g\u00f6r\u0259 \u00e7ox \u015fadam, bel\u0259 ki, biz birlikd\u0259 C\u0259nubi Qafqaz\u0131n g\u0259l\u0259c\u0259yi, h\u0259yata ke\u00e7irilm\u0259si ham\u0131m\u0131z\u0131n ortaq mara\u011f\u0131na cavab ver\u0259n irimiqyasl\u0131 regional layih\u0259l\u0259r bar\u0259sind\u0259 dan\u0131\u015fa bildik. Biz BMT tribunas\u0131nda b\u0259yan etdiyim s\u00fclh t\u0259\u015f\u0259bb\u00fcs\u00fc \u00e7\u0259r\u00e7iv\u0259sind\u0259, \u00f6lk\u0259l\u0259rimizin xeyrin\u0259&hellip;<\/p>\n","protected":false},"author":2,"featured_media":650249,"comment_status":"closed","ping_status":"closed","sticky":false,"template":"","format":"standard","meta":{"om_disable_all_campaigns":false,"_monsterinsights_skip_tracking":false,"_monsterinsights_sitenote_active":false,"_monsterinsights_sitenote_note":"","_monsterinsights_sitenote_category":0},"categories":[4],"tags":[],"aioseo_notices":[],"gutentor_comment":0,"rttpg_featured_image_url":{"full":["https:\/\/arantv.az\/wp-content\/uploads\/2023\/10\/Screenshot-2023-10-27-235825.jpg",620,413,false],"landscape":["https:\/\/arantv.az\/wp-content\/uploads\/2023\/10\/Screenshot-2023-10-27-235825.jpg",620,413,false],"portraits":["https:\/\/arantv.az\/wp-content\/uploads\/2023\/10\/Screenshot-2023-10-27-235825.jpg",620,413,false],"thumbnail":["https:\/\/arantv.az\/wp-content\/uploads\/2023\/10\/Screenshot-2023-10-27-235825-500x280.jpg",500,280,true],"medium":["https:\/\/arantv.az\/wp-content\/uploads\/2023\/10\/Screenshot-2023-10-27-235825-548x365.jpg",548,365,true],"large":["https:\/\/arantv.az\/wp-content\/uploads\/2023\/10\/Screenshot-2023-10-27-235825.jpg",620,413,false],"1536x1536":["https:\/\/arantv.az\/wp-content\/uploads\/2023\/10\/Screenshot-2023-10-27-235825.jpg",620,413,false],"2048x2048":["https:\/\/arantv.az\/wp-content\/uploads\/2023\/10\/Screenshot-2023-10-27-235825.jpg",620,413,false],"post-thumbnail":["https:\/\/arantv.az\/wp-content\/uploads\/2023\/10\/Screenshot-2023-10-27-235825-240x172.jpg",240,172,true],"advps-thumb-one":["https:\/\/arantv.az\/wp-content\/uploads\/2023\/10\/Screenshot-2023-10-27-235825.jpg",620,413,false]},"rttpg_author":{"display_name":"V\u00fcsal Rafiqo\u011flu","author_link":"https:\/\/arantv.az\/?author=2"},"rttpg_comment":0,"rttpg_category":"<a href=\"https:\/\/arantv.az\/?cat=4\" rel=\"category\">Siyas\u0259t<\/a>","rttpg_excerpt":"G\u00fcrc\u00fcstan\u0131n Ba\u015f naziri \u0130rakli Qariba\u015fvili Az\u0259rbaycan\u0131n Ba\u015f naziri \u018fli \u018fs\u0259dov v\u0259 erm\u0259ni h\u0259mkar\u0131 Nikol Pa\u015finyanla \u00fc\u00e7t\u0259r\u0259fli g\u00f6r\u00fc\u015f\u00fcn\u00fcn m\u00fczakir\u0259 m\u00f6vzusunu a\u00e7\u0131qlay\u0131b. APA x\u0259b\u0259r verir ki, h\u00f6kum\u0259t ba\u015f\u00e7\u0131s\u0131 \u201cFacebook\u201d payla\u015f\u0131m\u0131nda h\u0259mkarlar\u0131 il\u0259 g\u00f6r\u00fc\u015f zaman\u0131 h\u0259r \u00fc\u00e7 \u00f6lk\u0259nin mara\u011f\u0131na cavab ver\u0259n irimiqyasl\u0131 regional layih\u0259l\u0259ri m\u00fczakir\u0259 etdiyini bildirib. \u201cTbilisi \u0130p\u0259k Yolu Forumu \u00e7\u0259r\u00e7iv\u0259sind\u0259 Erm\u0259nistan v\u0259 Az\u0259rbaycan\u0131n ba\u015f nazirl\u0259rini qonaq&hellip;","_links":{"self":[{"href":"https:\/\/arantv.az\/index.php?rest_route=\/wp\/v2\/posts\/650248"}],"collection":[{"href":"https:\/\/arantv.az\/index.php?rest_route=\/wp\/v2\/posts"}],"about":[{"href":"https:\/\/arantv.az\/index.php?rest_route=\/wp\/v2\/types\/post"}],"author":[{"embeddable":true,"href":"https:\/\/arantv.az\/index.php?rest_route=\/wp\/v2\/users\/2"}],"replies":[{"embeddable":true,"href":"https:\/\/arantv.az\/index.php?rest_route=%2Fwp%2Fv2%2Fcomments&post=650248"}],"version-history":[{"count":0,"href":"https:\/\/arantv.az\/index.php?rest_route=\/wp\/v2\/posts\/650248\/revisions"}],"wp:featuredmedia":[{"embeddable":true,"href":"https:\/\/arantv.az\/index.php?rest_route=\/wp\/v2\/media\/650249"}],"wp:attachment":[{"href":"https:\/\/arantv.az\/index.php?rest_route=%2Fwp%2Fv2%2Fmedia&parent=650248"}],"wp:term":[{"taxonomy":"category","embeddable":true,"href":"https:\/\/arantv.az\/index.php?rest_route=%2Fwp%2Fv2%2Fcategories&post=650248"},{"taxonomy":"post_tag","embeddable":true,"href":"https:\/\/arantv.az\/index.php?rest_route=%2Fwp%2Fv2%2Ftags&post=650248"}],"curies":[{"name":"wp","href":"https:\/\/api.w.org\/{rel}","templated":true}]}}