{"id":650254,"date":"2023-10-28T09:09:39","date_gmt":"2023-10-28T05:09:39","guid":{"rendered":"https:\/\/arantv.az\/?p=650254"},"modified":"2023-10-28T09:09:39","modified_gmt":"2023-10-28T05:09:39","slug":"12-k%c9%99ndin-isgaldan-azad-edilm%c9%99sind%c9%99n-uc-il-kecir-siyahi-foto","status":"publish","type":"post","link":"https:\/\/arantv.az\/?p=650254","title":{"rendered":"12 k\u0259ndin i\u015f\u011faldan azad edilm\u0259sind\u0259n \u00fc\u00e7 il ke\u00e7ir &#8211; S\u0130YAHI + FOTO"},"content":{"rendered":"<article class=\"news\">\n<div class=\"news-inner\">\n<p>Bu g\u00fcn Az\u0259rbaycan ordusunun Z\u0259ngilan, F\u00fczuli ,C\u0259bray\u0131l v\u0259 Qubadl\u0131 istiqam\u0259tl\u0259rind\u0259 qazand\u0131\u011f\u0131 bir ne\u00e7\u0259 u\u011furdan \u00fc\u00e7 il ke\u00e7ir.<\/p>\n<p><strong>ARANTV.AZ <\/strong>\u00a0xat\u0131rlad\u0131r ki, 2020-ci ilin oktyabr\u0131n 28-d\u0259 Z\u0259ngilan\u0131n Birinci A\u011fal\u0131, \u0130kinci A\u011fal\u0131 v\u0259 Z\u0259rn\u0259li k\u0259ndl\u0259ri i\u015f\u011faldan azad olunub.<\/p>\n<p>H\u0259min tarixd\u0259 F\u00fczuli istiqam\u0259tind\u0259 daha bir k\u0259nd \u2013 Mand\u0131l\u0131 k\u0259ndi erm\u0259ni i\u015f\u011fal\u00e7\u0131lar\u0131ndan t\u0259mizl\u0259nib.<\/p>\n<p>C\u0259bray\u0131l\u0131n Qazanz\u0259mi, Xana\u011fabulaq, \u00c7ullu, Qu\u015f\u00e7ular, Qaraa\u011fac k\u0259ndl\u0259ri d\u0259 eyni tarixd\u0259 i\u015f\u011faldan azad olunan k\u0259ndl\u0259r siyah\u0131s\u0131nda yer al\u0131r.<\/p>\n<p>Qubadl\u0131n\u0131n is\u0259 3 k\u0259ndind\u0259\u00a0\u2013 Qiyasl\u0131, \u018fbilc\u0259 v\u0259 Qilicanda i\u015f\u011fala son qoyulub.<\/p>\n<p>Qeyd ed\u0259k ki, q\u0259l\u0259b\u0259 x\u0259b\u0259rl\u0259rini Prezident, Silahl\u0131 Q\u00fcvv\u0259l\u0259rin Ali Ba\u015f Komandan\u0131 \u0130lham \u018fliyev\u00a0\u201cTwitter\u201d ataraq xalqa \u00e7atd\u0131r\u0131b.<\/p>\n<p>&nbsp;<\/p>\n<div class=\"gallery\">\n<div class=\"gallery-i\"><img src=\"https:\/\/cdn.oxu.az\/uploads\/W1siZiIsIjIwMjMvMTAvMjcvMTcvNTEvNTUvNDlhYzRkYTMtMDE1Zi00YmQ2LTg1NjEtNmZhOTNhZWJkMjY2LzM4NjQ3NDQ4Nl8yOTI0NTA0MTY5MDEzMTBfODU4MDc2NzY5MDEyMDk4NTY4NV9uLmpwZyJdLFsicCIsImVuY29kZSIsImpwZyIsIi1xdWFsaXR5IDgwIl0sWyJwIiwidGh1bWIiLCI1OTB4NTkwXHUwMDNlIl1d?sha=b16d7ff741a3be82\" alt=\"\" \/><\/p>\n<div class=\"gallery-i-caption\"><\/div>\n<\/div>\n<\/div>\n<\/div>\n<\/article>\n","protected":false},"excerpt":{"rendered":"<p>Bu g\u00fcn Az\u0259rbaycan ordusunun Z\u0259ngilan, F\u00fczuli ,C\u0259bray\u0131l v\u0259 Qubadl\u0131 istiqam\u0259tl\u0259rind\u0259 qazand\u0131\u011f\u0131 bir ne\u00e7\u0259 u\u011furdan \u00fc\u00e7 il ke\u00e7ir. ARANTV.AZ \u00a0xat\u0131rlad\u0131r ki, 2020-ci ilin oktyabr\u0131n 28-d\u0259 Z\u0259ngilan\u0131n Birinci A\u011fal\u0131, \u0130kinci A\u011fal\u0131 v\u0259 Z\u0259rn\u0259li k\u0259ndl\u0259ri i\u015f\u011faldan azad olunub. H\u0259min tarixd\u0259 F\u00fczuli istiqam\u0259tind\u0259 daha bir k\u0259nd \u2013 Mand\u0131l\u0131 k\u0259ndi erm\u0259ni i\u015f\u011fal\u00e7\u0131lar\u0131ndan t\u0259mizl\u0259nib. C\u0259bray\u0131l\u0131n Qazanz\u0259mi, Xana\u011fabulaq, \u00c7ullu, Qu\u015f\u00e7ular, Qaraa\u011fac k\u0259ndl\u0259ri d\u0259 eyni tarixd\u0259 i\u015f\u011faldan azad olunan k\u0259ndl\u0259r siyah\u0131s\u0131nda yer al\u0131r. Qubadl\u0131n\u0131n is\u0259 3 k\u0259ndind\u0259\u00a0\u2013 Qiyasl\u0131, \u018fbilc\u0259 v\u0259 Qilicanda i\u015f\u011fala son qoyulub. Qeyd ed\u0259k ki, q\u0259l\u0259b\u0259 x\u0259b\u0259rl\u0259rini Prezident, Silahl\u0131 Q\u00fcvv\u0259l\u0259rin Ali Ba\u015f Komandan\u0131 \u0130lham \u018fliyev\u00a0\u201cTwitter\u201d ataraq&hellip;<\/p>\n","protected":false},"author":2,"featured_media":431929,"comment_status":"closed","ping_status":"closed","sticky":false,"template":"","format":"standard","meta":{"om_disable_all_campaigns":false,"_monsterinsights_skip_tracking":false,"_monsterinsights_sitenote_active":false,"_monsterinsights_sitenote_note":"","_monsterinsights_sitenote_category":0},"categories":[4],"tags":[],"aioseo_notices":[],"gutentor_comment":0,"rttpg_featured_image_url":{"full":["https:\/\/arantv.az\/wp-content\/uploads\/2022\/01\/ordu_tank_herbi_milli.jpg",1000,667,false],"landscape":["https:\/\/arantv.az\/wp-content\/uploads\/2022\/01\/ordu_tank_herbi_milli.jpg",1000,667,false],"portraits":["https:\/\/arantv.az\/wp-content\/uploads\/2022\/01\/ordu_tank_herbi_milli.jpg",1000,667,false],"thumbnail":["https:\/\/arantv.az\/wp-content\/uploads\/2022\/01\/ordu_tank_herbi_milli-500x280.jpg",500,280,true],"medium":["https:\/\/arantv.az\/wp-content\/uploads\/2022\/01\/ordu_tank_herbi_milli-547x365.jpg",547,365,true],"large":["https:\/\/arantv.az\/wp-content\/uploads\/2022\/01\/ordu_tank_herbi_milli-840x560.jpg",640,427,true],"1536x1536":["https:\/\/arantv.az\/wp-content\/uploads\/2022\/01\/ordu_tank_herbi_milli.jpg",1000,667,false],"2048x2048":["https:\/\/arantv.az\/wp-content\/uploads\/2022\/01\/ordu_tank_herbi_milli.jpg",1000,667,false],"post-thumbnail":["https:\/\/arantv.az\/wp-content\/uploads\/2022\/01\/ordu_tank_herbi_milli-240x172.jpg",240,172,true],"advps-thumb-one":["https:\/\/arantv.az\/wp-content\/uploads\/2022\/01\/ordu_tank_herbi_milli-1000x620.jpg",1000,620,true]},"rttpg_author":{"display_name":"V\u00fcsal Rafiqo\u011flu","author_link":"https:\/\/arantv.az\/?author=2"},"rttpg_comment":0,"rttpg_category":"<a href=\"https:\/\/arantv.az\/?cat=4\" rel=\"category\">Siyas\u0259t<\/a>","rttpg_excerpt":"Bu g\u00fcn Az\u0259rbaycan ordusunun Z\u0259ngilan, F\u00fczuli ,C\u0259bray\u0131l v\u0259 Qubadl\u0131 istiqam\u0259tl\u0259rind\u0259 qazand\u0131\u011f\u0131 bir ne\u00e7\u0259 u\u011furdan \u00fc\u00e7 il ke\u00e7ir. ARANTV.AZ \u00a0xat\u0131rlad\u0131r ki, 2020-ci ilin oktyabr\u0131n 28-d\u0259 Z\u0259ngilan\u0131n Birinci A\u011fal\u0131, \u0130kinci A\u011fal\u0131 v\u0259 Z\u0259rn\u0259li k\u0259ndl\u0259ri i\u015f\u011faldan azad olunub. H\u0259min tarixd\u0259 F\u00fczuli istiqam\u0259tind\u0259 daha bir k\u0259nd \u2013 Mand\u0131l\u0131 k\u0259ndi erm\u0259ni i\u015f\u011fal\u00e7\u0131lar\u0131ndan t\u0259mizl\u0259nib. C\u0259bray\u0131l\u0131n Qazanz\u0259mi, Xana\u011fabulaq, \u00c7ullu, Qu\u015f\u00e7ular, Qaraa\u011fac k\u0259ndl\u0259ri&hellip;","_links":{"self":[{"href":"https:\/\/arantv.az\/index.php?rest_route=\/wp\/v2\/posts\/650254"}],"collection":[{"href":"https:\/\/arantv.az\/index.php?rest_route=\/wp\/v2\/posts"}],"about":[{"href":"https:\/\/arantv.az\/index.php?rest_route=\/wp\/v2\/types\/post"}],"author":[{"embeddable":true,"href":"https:\/\/arantv.az\/index.php?rest_route=\/wp\/v2\/users\/2"}],"replies":[{"embeddable":true,"href":"https:\/\/arantv.az\/index.php?rest_route=%2Fwp%2Fv2%2Fcomments&post=650254"}],"version-history":[{"count":0,"href":"https:\/\/arantv.az\/index.php?rest_route=\/wp\/v2\/posts\/650254\/revisions"}],"wp:featuredmedia":[{"embeddable":true,"href":"https:\/\/arantv.az\/index.php?rest_route=\/wp\/v2\/media\/431929"}],"wp:attachment":[{"href":"https:\/\/arantv.az\/index.php?rest_route=%2Fwp%2Fv2%2Fmedia&parent=650254"}],"wp:term":[{"taxonomy":"category","embeddable":true,"href":"https:\/\/arantv.az\/index.php?rest_route=%2Fwp%2Fv2%2Fcategories&post=650254"},{"taxonomy":"post_tag","embeddable":true,"href":"https:\/\/arantv.az\/index.php?rest_route=%2Fwp%2Fv2%2Ftags&post=650254"}],"curies":[{"name":"wp","href":"https:\/\/api.w.org\/{rel}","templated":true}]}}