{"id":650484,"date":"2023-10-28T17:45:09","date_gmt":"2023-10-28T13:45:09","guid":{"rendered":"https:\/\/arantv.az\/?p=650484"},"modified":"2023-10-28T17:45:09","modified_gmt":"2023-10-28T13:45:09","slug":"fransanin-m%c9%99d%c9%99niyy%c9%99t-nazirinin-ir%c9%99van-s%c9%99f%c9%99ri-paris-n%c9%99y%c9%99-hazirlasir-t%c9%99hlil","status":"publish","type":"post","link":"https:\/\/arantv.az\/?p=650484","title":{"rendered":"Fransan\u0131n m\u0259d\u0259niyy\u0259t nazirinin \u0130r\u0259van s\u0259f\u0259ri: Paris n\u0259y\u0259 haz\u0131rla\u015f\u0131r? &#8211; T\u018fHL\u0130L"},"content":{"rendered":"<p>Fransan\u0131n m\u0259d\u0259niyy\u0259t naziri Rima \u018fbd\u00fcl M\u0259l\u0259k Erm\u0259nistana s\u0259f\u0259r etdi. S\u0259f\u0259rin m\u0259qs\u0259di daha ayd\u0131n olsun dey\u0259 bildir\u0259k ki, fransal\u0131 nazir Erm\u0259nistana anti-Az\u0259rbaycan m\u00f6vqeyi il\u0259 tan\u0131nan, erm\u0259ni lobbisinin s\u00f6z\u00e7\u00fcs\u00fc kimi f\u0259aliyy\u0259t g\u00f6st\u0259r\u0259n, Fransa Milli Assambleyas\u0131ndak\u0131 Fransa-Erm\u0259nistan dostluq qrupunun s\u0259dri Ann-Lorans Petel il\u0259 eyni t\u0259yyar\u0259d\u0259 g\u0259lib.<\/p>\n<p>Bu o dem\u0259kdir ki, erm\u0259ni lobbisi Rima \u018fbd\u00fcl M\u0259l\u0259ki \u0130r\u0259vana yollay\u0131r v\u0259 nazir m\u0259hz ona veril\u0259n m\u0259lumat v\u0259 tezisl\u0259r \u0259sas\u0131nda b\u0259yanat s\u0259sl\u0259ndirir.<\/p>\n<p>Xan\u0131m M\u0259l\u0259kin Qaraba\u011fla ba\u011fl\u0131 s\u0259sl\u0259ndirdiyi b\u0259yanat\u0131n ruhu da erm\u0259ni lobbisinin \u00e7\u00fcr\u00fcm\u00fc\u015f, pas atm\u0131\u015f t\u0259bli\u011fat\u0131n\u0131n t\u0259krar\u0131d\u0131r.<\/p>\n<p>Nazirin iddias\u0131na \u0259sas\u0259n, Qaraba\u011f b\u00f6lg\u0259sind\u0259 tarixi v\u0259 m\u0259d\u0259ni abid\u0259l\u0259r t\u0259hl\u00fck\u0259 alt\u0131na d\u00fc\u015f\u00fcb. \u015e\u00fcbh\u0259siz ki, o, Qaraba\u011fdak\u0131 \u201cerm\u0259ni irsinin m\u00f6vcudlu\u011fu\u201dnu g\u00fcnd\u0259m\u0259 g\u0259tirir.<\/p>\n<p>Fransa C\u0259nubi Qafqaz siyas\u0259tini b\u00fct\u00fcn sah\u0259l\u0259r \u00fczr\u0259 Az\u0259rbaycana qar\u015f\u0131 h\u00fccuma ke\u00e7m\u0259kl\u0259 qurmaq ist\u0259kl\u0259rini q\u0259tiyy\u0259n gizl\u0259tmir. \u0130ndi d\u0259 m\u0259d\u0259niyy\u0259t sah\u0259si \u00fczr\u0259 t\u0259hrif edilmi\u015f v\u0259 erm\u0259ni t\u0259bli\u011fat\u0131n\u0131n l\u00fc\u011f\u0259ti il\u0259 dan\u0131\u015fmaq Fransaya xo\u015f g\u0259lir.<\/p>\n<p>Qaraba\u011fda v\u0259 \u015e\u0259rqi Z\u0259ng\u0259zurda Az\u0259rbaycan\u0131n m\u0259d\u0259ni, tarixi irsin\u0259 qar\u015f\u0131 g\u00f6r\u00fcnm\u0259mi\u015f vandall\u0131qlar t\u00f6r\u0259d\u0259n Erm\u0259nistan\u0131 yada salmay\u0131b Az\u0259rbaycan\u0131 hans\u0131sa olmayan hadis\u0259d\u0259 g\u00fcnahkar bilm\u0259k t\u0259\u0259cc\u00fcbl\u00fc g\u0259lmir. He\u00e7 o da \u00e7a\u015fq\u0131nl\u0131q yaratmamal\u0131d\u0131r ki, Fransa Afrika, C\u0259nub-\u015e\u0259rqi Asiya, Sakit Okean regionu v\u0259 Lat\u0131n Amerikas\u0131nda m\u00fcst\u0259ml\u0259k\u0259y\u0259 \u00e7evirdiyi, t\u0259bii s\u0259rv\u0259tl\u0259rini talad\u0131\u011f\u0131, tarixini v\u0259 m\u0259d\u0259niyy\u0259tini silm\u0259y\u0259 \u00e7al\u0131\u015fd\u0131\u011f\u0131 \u00f6lk\u0259l\u0259rl\u0259 ba\u011fl\u0131 faktlar\u0131n UNESCO, A\u015ePA t\u0259r\u0259find\u0259n ara\u015fd\u0131r\u0131lmas\u0131n\u0131 t\u0259\u015fviq etmir.<\/p>\n<p>Bunun olmas\u0131 da m\u00fc\u015fk\u00fcl g\u00f6r\u00fcn\u00fcr, \u00e7\u00fcnki UNESCO v\u0259 A\u015ePA kimi qurumlar yaln\u0131z \u00f6zl\u0259rin\u0259 laz\u0131m olanda hadis\u0259l\u0259ri \u201cg\u00f6r\u00fcrl\u0259r\u201d, onu da tamamil\u0259 t\u0259rs bucaqdan.<\/p>\n<p>M\u0259s\u0259l\u0259nin bu t\u0259r\u0259fl\u0259ri ayr\u0131ca m\u00f6vzudur, sual olunur ki, b\u0259s Fransan\u0131n m\u0259d\u0259niyy\u0259t naziri niy\u0259 Erm\u0259nistana ayaq basd\u0131?<\/p>\n<p>Diqq\u0259t edil\u0259sidir ki, Fransa Erm\u0259nistanla m\u00fcdafi\u0259 sah\u0259sind\u0259ki \u0259m\u0259kda\u015fl\u0131q sazi\u015finin fonunda m\u0259d\u0259niyy\u0259t sah\u0259sini \u00f6z\u00fcn\u00fcn Az\u0259rbaycana qar\u015f\u0131 total kampaniya siyas\u0259tinin m\u0259rk\u0259zin\u0259 g\u0259tirir. Fransa regionda Erm\u0259nistan\u0131 silahland\u0131rmaqla d\u00fc\u015f\u00fcn\u00fcr ki, q\u00fcvv\u0259l\u0259r balans\u0131na t\u0259sir g\u00f6st\u0259rib n\u0259tic\u0259l\u0259rl\u0259 \u00f6z maraqlar\u0131n\u0131 t\u0259min ed\u0259 bil\u0259r.<\/p>\n<p>Fransan\u0131n m\u0259d\u0259niyy\u0259t nazirinin \u0130r\u0259vana s\u0259f\u0259ri Fransan\u0131n Erm\u0259nistana h\u0259rt\u0259r\u0259fli d\u0259st\u0259k plan\u0131 haz\u0131rlad\u0131\u011f\u0131n\u0131 g\u00f6st\u0259rir.<\/p>\n<p>Ancaq Fransan\u0131n h\u0259m h\u0259rbi, h\u0259m siyasi, h\u0259m d\u0259 m\u0259d\u0259ni sah\u0259d\u0259ki Erm\u0259nistana verdiyi d\u0259st\u0259k proqram\u0131 perspektiv bax\u0131m\u0131ndan el\u0259 Parisin \u00f6z\u00fcn\u0259 s\u0259rf\u0259li deyil. \u00c7\u00fcnki Paris bu q\u0259d\u0259r pul v\u0259 enerji x\u0259rcl\u0259yir, k\u0259\u015ffiyyat\u0131n\u0131 s\u0259f\u0259rb\u0259r edir, lakin bu, regionda Az\u0259rbaycan\u0131n h\u0259rbi-siyasi parametrl\u0259rl\u0259 yaratd\u0131\u011f\u0131 reall\u0131qlar\u0131n k\u00f6lg\u0259sind\u0259 qal\u0131r.<\/p>\n<p>Ancaq Fransan\u0131n regional siyas\u0259tind\u0259ki aktivlik dozas\u0131n\u0131 radikal elementl\u0259r hesab\u0131na \u00e7oxaltmas\u0131 c\u0259hdl\u0259ri il\u0259 \u0259laq\u0259dar siyas\u0259t diqq\u0259tl\u0259 izl\u0259nilm\u0259lidir.<\/p>\n<p>Ona g\u00f6r\u0259 ki, Fransan\u0131n t\u0259xribatlar\u0131 regionda \u0259lav\u0259 ba\u015fa\u011fr\u0131lar\u0131 yarada bil\u0259r, h\u0259r\u00e7\u0259nd ki, Az\u0259rbaycan-T\u00fcrkiy\u0259 strateji m\u00fctt\u0259fiqliyi ortaya \u00e7\u0131xacaq problemin \u00f6hd\u0259sind\u0259n g\u0259l\u0259 bilm\u0259k potensial\u0131ndad\u0131r.<\/p>\n<p>B\u0259s Fransa n\u0259 ed\u0259 bil\u0259r?<\/p>\n<p>Birinci n\u00f6vb\u0259d\u0259, Fransa ambisiyal\u0131 g\u00fcnd\u0259liyini \u015fi\u015firtm\u0259kd\u0259n \u00f6tr\u00fc ona m\u00fcv\u0259qq\u0259ti \u015f\u0259rik tapma\u011fa \u00e7al\u0131\u015fa bil\u0259r. Burada C\u0259nubi Qafqazda maraqlar\u0131n\u0131n y\u00fcks\u0259k qiym\u0259t almas\u0131na \u00e7al\u0131\u015fan Hindistanla koordinasiya qurulmas\u0131 m\u00fcmk\u00fcnd\u00fcr.<\/p>\n<p>\u0130kinci n\u00f6vb\u0259d\u0259, Fransa Hindistanla m\u00fcmk\u00fcn s\u00f6vd\u0259l\u0259\u015fm\u0259 kanal\u0131na Az\u0259rbaycanla T\u00fcrkiy\u0259y\u0259 r\u0259qib t\u0259r\u0259fd\u0259 dayanan regional oyun\u00e7ular\u0131 da qo\u015fma\u011fa c\u0259hd g\u00f6st\u0259r\u0259 bil\u0259r.<\/p>\n","protected":false},"excerpt":{"rendered":"<p>Fransan\u0131n m\u0259d\u0259niyy\u0259t naziri Rima \u018fbd\u00fcl M\u0259l\u0259k Erm\u0259nistana s\u0259f\u0259r etdi. S\u0259f\u0259rin m\u0259qs\u0259di daha ayd\u0131n olsun dey\u0259 bildir\u0259k ki, fransal\u0131 nazir Erm\u0259nistana anti-Az\u0259rbaycan m\u00f6vqeyi il\u0259 tan\u0131nan, erm\u0259ni lobbisinin s\u00f6z\u00e7\u00fcs\u00fc kimi f\u0259aliyy\u0259t g\u00f6st\u0259r\u0259n, Fransa Milli Assambleyas\u0131ndak\u0131 Fransa-Erm\u0259nistan dostluq qrupunun s\u0259dri Ann-Lorans Petel il\u0259 eyni t\u0259yyar\u0259d\u0259 g\u0259lib. Bu o dem\u0259kdir ki, erm\u0259ni lobbisi Rima \u018fbd\u00fcl M\u0259l\u0259ki \u0130r\u0259vana yollay\u0131r v\u0259 nazir m\u0259hz ona veril\u0259n m\u0259lumat v\u0259 tezisl\u0259r \u0259sas\u0131nda b\u0259yanat s\u0259sl\u0259ndirir. Xan\u0131m M\u0259l\u0259kin Qaraba\u011fla ba\u011fl\u0131 s\u0259sl\u0259ndirdiyi b\u0259yanat\u0131n ruhu da erm\u0259ni lobbisinin \u00e7\u00fcr\u00fcm\u00fc\u015f, pas atm\u0131\u015f t\u0259bli\u011fat\u0131n\u0131n t\u0259krar\u0131d\u0131r. Nazirin iddias\u0131na \u0259sas\u0259n, Qaraba\u011f b\u00f6lg\u0259sind\u0259 tarixi v\u0259 m\u0259d\u0259ni abid\u0259l\u0259r t\u0259hl\u00fck\u0259&hellip;<\/p>\n","protected":false},"author":2,"featured_media":650487,"comment_status":"closed","ping_status":"closed","sticky":false,"template":"","format":"standard","meta":{"om_disable_all_campaigns":false,"_monsterinsights_skip_tracking":false,"_monsterinsights_sitenote_active":false,"_monsterinsights_sitenote_note":"","_monsterinsights_sitenote_category":0},"categories":[4],"tags":[],"aioseo_notices":[],"gutentor_comment":0,"rttpg_featured_image_url":{"full":["https:\/\/arantv.az\/wp-content\/uploads\/2023\/10\/41154_b.jpg",620,413,false],"landscape":["https:\/\/arantv.az\/wp-content\/uploads\/2023\/10\/41154_b.jpg",620,413,false],"portraits":["https:\/\/arantv.az\/wp-content\/uploads\/2023\/10\/41154_b.jpg",620,413,false],"thumbnail":["https:\/\/arantv.az\/wp-content\/uploads\/2023\/10\/41154_b-500x280.jpg",500,280,true],"medium":["https:\/\/arantv.az\/wp-content\/uploads\/2023\/10\/41154_b-548x365.jpg",548,365,true],"large":["https:\/\/arantv.az\/wp-content\/uploads\/2023\/10\/41154_b.jpg",620,413,false],"1536x1536":["https:\/\/arantv.az\/wp-content\/uploads\/2023\/10\/41154_b.jpg",620,413,false],"2048x2048":["https:\/\/arantv.az\/wp-content\/uploads\/2023\/10\/41154_b.jpg",620,413,false],"post-thumbnail":["https:\/\/arantv.az\/wp-content\/uploads\/2023\/10\/41154_b-240x172.jpg",240,172,true],"advps-thumb-one":["https:\/\/arantv.az\/wp-content\/uploads\/2023\/10\/41154_b.jpg",620,413,false]},"rttpg_author":{"display_name":"V\u00fcsal Rafiqo\u011flu","author_link":"https:\/\/arantv.az\/?author=2"},"rttpg_comment":0,"rttpg_category":"<a href=\"https:\/\/arantv.az\/?cat=4\" rel=\"category\">Siyas\u0259t<\/a>","rttpg_excerpt":"Fransan\u0131n m\u0259d\u0259niyy\u0259t naziri Rima \u018fbd\u00fcl M\u0259l\u0259k Erm\u0259nistana s\u0259f\u0259r etdi. S\u0259f\u0259rin m\u0259qs\u0259di daha ayd\u0131n olsun dey\u0259 bildir\u0259k ki, fransal\u0131 nazir Erm\u0259nistana anti-Az\u0259rbaycan m\u00f6vqeyi il\u0259 tan\u0131nan, erm\u0259ni lobbisinin s\u00f6z\u00e7\u00fcs\u00fc kimi f\u0259aliyy\u0259t g\u00f6st\u0259r\u0259n, Fransa Milli Assambleyas\u0131ndak\u0131 Fransa-Erm\u0259nistan dostluq qrupunun s\u0259dri Ann-Lorans Petel il\u0259 eyni t\u0259yyar\u0259d\u0259 g\u0259lib. Bu o dem\u0259kdir ki, erm\u0259ni lobbisi Rima \u018fbd\u00fcl M\u0259l\u0259ki \u0130r\u0259vana yollay\u0131r v\u0259&hellip;","_links":{"self":[{"href":"https:\/\/arantv.az\/index.php?rest_route=\/wp\/v2\/posts\/650484"}],"collection":[{"href":"https:\/\/arantv.az\/index.php?rest_route=\/wp\/v2\/posts"}],"about":[{"href":"https:\/\/arantv.az\/index.php?rest_route=\/wp\/v2\/types\/post"}],"author":[{"embeddable":true,"href":"https:\/\/arantv.az\/index.php?rest_route=\/wp\/v2\/users\/2"}],"replies":[{"embeddable":true,"href":"https:\/\/arantv.az\/index.php?rest_route=%2Fwp%2Fv2%2Fcomments&post=650484"}],"version-history":[{"count":0,"href":"https:\/\/arantv.az\/index.php?rest_route=\/wp\/v2\/posts\/650484\/revisions"}],"wp:featuredmedia":[{"embeddable":true,"href":"https:\/\/arantv.az\/index.php?rest_route=\/wp\/v2\/media\/650487"}],"wp:attachment":[{"href":"https:\/\/arantv.az\/index.php?rest_route=%2Fwp%2Fv2%2Fmedia&parent=650484"}],"wp:term":[{"taxonomy":"category","embeddable":true,"href":"https:\/\/arantv.az\/index.php?rest_route=%2Fwp%2Fv2%2Fcategories&post=650484"},{"taxonomy":"post_tag","embeddable":true,"href":"https:\/\/arantv.az\/index.php?rest_route=%2Fwp%2Fv2%2Ftags&post=650484"}],"curies":[{"name":"wp","href":"https:\/\/api.w.org\/{rel}","templated":true}]}}