{"id":650517,"date":"2023-10-28T18:26:22","date_gmt":"2023-10-28T14:26:22","guid":{"rendered":"https:\/\/arantv.az\/?p=650517"},"modified":"2023-10-28T18:26:22","modified_gmt":"2023-10-28T14:26:22","slug":"simvolu-xoruz-olan-olk%c9%99-az%c9%99rbaycan-t%c9%99r%c9%99f%c9%99-banlayib-z%c9%99hl%c9%99-tok%c9%99nl%c9%99r","status":"publish","type":"post","link":"https:\/\/arantv.az\/?p=650517","title":{"rendered":"Simvolu xoruz olan \u00f6lk\u0259, Az\u0259rbaycan t\u0259r\u0259f\u0259 banlay\u0131b z\u0259hl\u0259 t\u00f6k\u0259nl\u0259r"},"content":{"rendered":"<p><strong>M\u0259\u015fhur bir deyim var: \u201cHe\u00e7 bir m\u00fcharib\u0259 a\u011flayan k\u00f6rp\u0259nin g\u00f6z ya\u015f\u0131na d\u0259ym\u0259z\u201d. Hans\u0131 motivl\u0259 olur-olsun. T\u0259\u0259ss\u00fcf ki, b\u0259\u015f\u0259riyy\u0259t \u00f6z m\u00f6vcudiyy\u0259ti tarixind\u0259 h\u0259l\u0259 d\u0259 probleml\u0259rin dinc, sakit, silahs\u0131z, \u0259dal\u0259tli h\u0259ll yolunu tapa bilm\u0259yib.<\/strong><\/p>\n<p>Bu g\u00fcn Q\u0259zzada ya\u015fanan insanl\u0131q dram\u0131, ondan az \u00f6nc\u0259 \u0130srailin c\u0259nubunda dinc y\u0259hudil\u0259r\u0259 v\u0259 \u0259cn\u0259bil\u0259r\u0259 qar\u015f\u0131 t\u00f6r\u0259dil\u0259n v\u0259h\u015filik \u00e7\u0259tin ki, sonuncu olsun. \u0130st\u0259nil\u0259n qanl\u0131 sava\u015f, dava-q\u0131r\u011f\u0131n, k\u00fctl\u0259vi da\u011f\u0131nt\u0131, humanitar f\u0259lak\u0259t is\u0259 h\u0259m d\u0259 qar\u015f\u0131 duran t\u0259r\u0259fl\u0259r aras\u0131nda etimad\u0131n uzun m\u00fcdd\u0259t\u0259 itm\u0259si, kin-nifr\u0259tin is\u0259 \u0259ksin\u0259, qalmas\u0131 v\u0259 g\u00fccl\u0259nm\u0259si dem\u0259kdir&#8230;<\/p>\n<p>Erm\u0259ni i\u015f\u011fal\u0131ndan t\u0259z\u0259c\u0259 qurtulmu\u015f Az\u0259rbaycan xalq\u0131 bunu ham\u0131dan g\u00f6z\u0259l anlay\u0131r. On ill\u0259rl\u0259 s\u00fclh \u00e7a\u011f\u0131r\u0131\u015flar\u0131na m\u0259h\u0259l qoymayan, haqs\u0131z oldu\u011fu \u00fc\u00e7\u00fcn s\u0259rt \u015f\u0259kild\u0259 c\u0259zalanan Erm\u0259nistan\u0131n \u00fc\u00e7 ildir yen\u0259 s\u00fclh anla\u015fmas\u0131ndan qa\u00e7mas\u0131n\u0131n, uzad\u0131lan bar\u0131\u015f\u0131q \u0259ll\u0259rini havada saxlamas\u0131n\u0131n \u0259sas s\u0259b\u0259bi m\u0259hz kapitulyant \u00f6lk\u0259nin ba\u015f\u0131na g\u0259l\u0259nd\u0259n n\u0259tic\u0259 \u00e7\u0131xarmamas\u0131, d\u0259rs g\u00f6t\u00fcrm\u0259m\u0259sidir. M\u00fcharib\u0259l\u0259rin t\u0259krarlanmas\u0131n\u0131n bir m\u00fch\u00fcm n\u0259d\u0259ni bu \u2013 tarixd\u0259n ibr\u0259t almamaq!<\/p>\n<p>Dig\u0259r s\u0259b\u0259b sava\u015fa, qan-qadaya kommersiya mara\u011f\u0131 prizmas\u0131ndan bax\u0131b varlanmaq ist\u0259y\u0259n vicdans\u0131z, b\u0259\u015f\u0259ri simas\u0131n\u0131 itirmi\u015f \u00e7evr\u0259l\u0259rinin bitm\u0259y\u0131n i\u015ftahas\u0131, v\u0259h\u015fi t\u0259bi\u0259tidir. Nec\u0259 ki, ke\u00e7\u0259n ilin dekabr\u0131ndan Erm\u0259nistanda, biziml\u0259 s\u0259rh\u0259dd\u0259 l\u00f6vb\u0259r salm\u0131\u015f Avropa Birliyinin agent-k\u0259\u015ffiyyat\u00e7\u0131lardan ibar\u0259t missiyas\u0131 el\u0259 bu i\u015fl\u0259 m\u0259\u015f\u011fuldur: Az\u0259rbaycan t\u0259r\u0259fd\u0259n h\u00fccum t\u0259hl\u00fck\u0259si imitasiyas\u0131n\u0131 yarad\u0131b erm\u0259ni c\u0259miyy\u0259tini daim xofda saxlamaq, guya davakar d\u00f6vl\u0259t kimi bizim s\u00fclhd\u0259 maraql\u0131 olmama\u011f\u0131m\u0131z\u0131 ona a\u015f\u0131lamaq, yekun etibaril\u0259 Erm\u0259nistanda, b\u00f6lg\u0259d\u0259 \u00f6z\u00fcn\u00fcn ciddi h\u0259rbi varl\u0131\u011f\u0131na nail olmaq.<\/p>\n<p><em><strong>Halbuki Az\u0259rbaycan \u0259n y\u00fcks\u0259k s\u0259viyy\u0259d\u0259 v\u0259 d\u0259f\u0259l\u0259rl\u0259 b\u0259yan edib ki, bizim Erm\u0259nistan adl\u0131 q\u0259dim T\u00fcrk yurdunda g\u00f6z\u00fcm\u00fcz yoxdur, \u00e7\u00fcnki erm\u0259nil\u0259rd\u0259n f\u0259rqli olaraq, beyn\u0259lxalq h\u00fcquqa, \u00fczv oldu\u011fumuz BMT Nizamnam\u0259sin\u0259 say\u011f\u0131l\u0131y\u0131q. Ta m\u00fcst\u0259qil olandan. R\u0259smi Bak\u0131 art\u0131q Z\u0259ng\u0259zur d\u0259hlizinin Az\u0259rbaycan \u00fc\u00e7\u00fcn c\u0259lbedici olmad\u0131\u011f\u0131n\u0131 da b\u0259yan edib&#8230;<\/strong><\/em><\/p>\n<p>Amma kim\u0259 deyirs\u0259n? \u201cSt\u0259kanda f\u0131rt\u0131na\u201d yaradan \u015farlatanlar v\u0259 siyasi d\u0259l\u0259duzlar tutduqlar\u0131n\u0131 buraxm\u0131r, Az\u0259rbaycandan \u201cxortdan\u201d d\u00fcz\u0259ltm\u0259k c\u0259hdl\u0259rini davam etdirirl\u0259r. \u00d6z\u00fc d\u0259 sonuncular yaln\u0131z radikal-revan\u015fist erm\u0259nil\u0259r deyil, h\u0259m d\u0259 onlar\u0131n Q\u0259rbd\u0259ki havadarlar\u0131d\u0131r, erm\u0259ni lobbisinin \u00e7\u00f6r\u0259yini yey\u0259n \u015f\u0259r\u0259fsiz Q\u0259rb medias\u0131, \u00fczd\u0259niraq Q\u0259rb \u201cbeyin m\u0259rk\u0259zl\u0259ri\u201ddir. Hans\u0131 ki, g\u00fcn\u00fc bu g\u00fcn d\u0259 Az\u0259rbaycan\u0131n guya Z\u0259ng\u0259zur d\u0259hlizini zorla a\u00e7maq \u00fc\u00e7\u00fcn Erm\u0259nistana tezlikl\u0259 h\u00fccum ed\u0259c\u0259yi haqda feyk-faktlar \u0259sas\u0131nda f\u0259rziyy\u0259l\u0259r qurur, iki xalq aras\u0131nda bar\u0131\u015f\u0131\u011f\u0131 \u0259ng\u0259ll\u0259yirl\u0259r.<\/p>\n<p>O s\u0131rada Erm\u0259nistandak\u0131 kriminal \u201cQaraba\u011f klan\u0131\u201d ba\u011fl\u0131 q\u00fcvv\u0259l\u0259r yaxa c\u0131rmaqdan yorulmur. B\u0259han\u0259l\u0259r bit\u0259nd\u0259 is\u0259 o saat yenisini, h\u0259tta \u0259n absurdunu bel\u0259 uydururlar. Parlamentin m\u00fcxalif\u0259t\u00e7i \u201c\u015e\u0259r\u0259f duyuram\u201d fraksiyas\u0131n\u0131n katibi Tiqran Abramyan kimi.<\/p>\n<p>Bu zat g\u00f6r\u00fcn n\u0259 \u00e7\u0259r\u0259nl\u0259yir. Sitat: \u201cS\u00fcnik\u0259 (Q\u0259rbi Z\u0259ng\u0259zur \u2013 red.) h\u00fccum etm\u0259k niyy\u0259tinin olmad\u0131\u011f\u0131 bar\u0259d\u0259 Bak\u0131n\u0131n son b\u0259yanatlar\u0131 \u0259slind\u0259 Az\u0259rbaycan t\u0259hl\u00fck\u0259sini daha da art\u0131r\u0131r. Birinci ona g\u00f6r\u0259 ki, Az\u0259rbaycan bununla h\u0259min istiqam\u0259td\u0259 h\u00fccum \u00fc\u00e7\u00fcn q\u0259fillik faktorunu t\u0259min etm\u0259y\u0259 \u00e7al\u0131\u015f\u0131r (Y\u0259ni yay\u0131nd\u0131r\u0131c\u0131 manevr &#8211; red.). \u0130kincisi, Az\u0259rbaycan yaln\u0131z S\u00fcnikin (Q\u0259rbi Z\u0259ng\u0259zur \u2013 red.) bir hiss\u0259sind\u0259 t\u0259cav\u00fcz etm\u0259y\u0259c\u0259yin\u0259 \u201ct\u0259minat\u201d verir, ba\u015fqa b\u00f6lg\u0259l\u0259rimiz\u0259 yox. Bu da suallar do\u011furur\u201d.<\/p>\n<p><em><strong>N\u0259 dey\u0259s\u0259n indi bu s\u0131rt\u0131q da\u015fnak itin\u0259? Y\u0259ni kim n\u0259 \u00e7alsa, biz \u201cHeyvag\u00fcl\u00fc\u201d oynayaca\u011f\u0131q, el\u0259mi? Di oynay\u0131n&#8230;<\/strong><\/em><\/p>\n<p>\u018fslind\u0259 siyasi g\u00fcnd\u0259md\u0259 qalmaq \u00fc\u00e7\u00fcn bu \u201calaq otlar\u0131\u201dn\u0131n erm\u0259ni c\u0259miyy\u0259tin\u0259 ver\u0259c\u0259yi he\u00e7 bir ab\u0131rl\u0131 t\u0259klifi, s\u00f6z\u00fc yoxdur. H\u0259r \u015fey bitib. Erm\u0259ni toplumu h\u0259l\u0259 2020-ci il m\u00fcharib\u0259sind\u0259n az sonra onlar\u0131 \u00e7\u0131xda\u015f edib \u2013 2021-ci ilin yay\u0131nda Nikol Pa\u015finyan\u0131n partiyas\u0131n\u0131 se\u00e7kil\u0259rd\u0259 ikinci d\u0259f\u0259 qalib el\u0259m\u0259kl\u0259.<\/p>\n<p>Amma bel\u0259 g\u00f6r\u00fcn\u00fcr, onlar ba\u015flar\u0131 \u00fcz\u00fcl\u0259n\u0259 kimi h\u0259l\u0259 bir m\u00fcdd\u0259t biz t\u0259r\u0259f\u0259 banlay\u0131b z\u0259hl\u0259mizi t\u00f6k\u0259c\u0259kl\u0259r. \u0130llah da simvolu q\u0131rm\u0131z\u0131 quyruq xoruz olan Fransan\u0131n dikt\u0259si il\u0259&#8230;<\/p>\n","protected":false},"excerpt":{"rendered":"<p>M\u0259\u015fhur bir deyim var: \u201cHe\u00e7 bir m\u00fcharib\u0259 a\u011flayan k\u00f6rp\u0259nin g\u00f6z ya\u015f\u0131na d\u0259ym\u0259z\u201d. Hans\u0131 motivl\u0259 olur-olsun. T\u0259\u0259ss\u00fcf ki, b\u0259\u015f\u0259riyy\u0259t \u00f6z m\u00f6vcudiyy\u0259ti tarixind\u0259 h\u0259l\u0259 d\u0259 probleml\u0259rin dinc, sakit, silahs\u0131z, \u0259dal\u0259tli h\u0259ll yolunu tapa bilm\u0259yib. Bu g\u00fcn Q\u0259zzada ya\u015fanan insanl\u0131q dram\u0131, ondan az \u00f6nc\u0259 \u0130srailin c\u0259nubunda dinc y\u0259hudil\u0259r\u0259 v\u0259 \u0259cn\u0259bil\u0259r\u0259 qar\u015f\u0131 t\u00f6r\u0259dil\u0259n v\u0259h\u015filik \u00e7\u0259tin ki, sonuncu olsun. \u0130st\u0259nil\u0259n qanl\u0131 sava\u015f, dava-q\u0131r\u011f\u0131n, k\u00fctl\u0259vi da\u011f\u0131nt\u0131, humanitar f\u0259lak\u0259t is\u0259 h\u0259m d\u0259 qar\u015f\u0131 duran t\u0259r\u0259fl\u0259r aras\u0131nda etimad\u0131n uzun m\u00fcdd\u0259t\u0259 itm\u0259si, kin-nifr\u0259tin is\u0259 \u0259ksin\u0259, qalmas\u0131 v\u0259 g\u00fccl\u0259nm\u0259si dem\u0259kdir&#8230; Erm\u0259ni i\u015f\u011fal\u0131ndan t\u0259z\u0259c\u0259 qurtulmu\u015f Az\u0259rbaycan xalq\u0131 bunu ham\u0131dan g\u00f6z\u0259l anlay\u0131r.&hellip;<\/p>\n","protected":false},"author":2,"featured_media":650520,"comment_status":"closed","ping_status":"closed","sticky":false,"template":"","format":"standard","meta":{"om_disable_all_campaigns":false,"_monsterinsights_skip_tracking":false,"_monsterinsights_sitenote_active":false,"_monsterinsights_sitenote_note":"","_monsterinsights_sitenote_category":0},"categories":[4],"tags":[],"aioseo_notices":[],"gutentor_comment":0,"rttpg_featured_image_url":{"full":["https:\/\/arantv.az\/wp-content\/uploads\/2023\/10\/321b3e79458e76391dfce1ba8ec283ac.jpg",450,450,false],"landscape":["https:\/\/arantv.az\/wp-content\/uploads\/2023\/10\/321b3e79458e76391dfce1ba8ec283ac.jpg",450,450,false],"portraits":["https:\/\/arantv.az\/wp-content\/uploads\/2023\/10\/321b3e79458e76391dfce1ba8ec283ac.jpg",450,450,false],"thumbnail":["https:\/\/arantv.az\/wp-content\/uploads\/2023\/10\/321b3e79458e76391dfce1ba8ec283ac-450x280.jpg",450,280,true],"medium":["https:\/\/arantv.az\/wp-content\/uploads\/2023\/10\/321b3e79458e76391dfce1ba8ec283ac-365x365.jpg",365,365,true],"large":["https:\/\/arantv.az\/wp-content\/uploads\/2023\/10\/321b3e79458e76391dfce1ba8ec283ac.jpg",450,450,false],"1536x1536":["https:\/\/arantv.az\/wp-content\/uploads\/2023\/10\/321b3e79458e76391dfce1ba8ec283ac.jpg",450,450,false],"2048x2048":["https:\/\/arantv.az\/wp-content\/uploads\/2023\/10\/321b3e79458e76391dfce1ba8ec283ac.jpg",450,450,false],"post-thumbnail":["https:\/\/arantv.az\/wp-content\/uploads\/2023\/10\/321b3e79458e76391dfce1ba8ec283ac-240x172.jpg",240,172,true],"advps-thumb-one":["https:\/\/arantv.az\/wp-content\/uploads\/2023\/10\/321b3e79458e76391dfce1ba8ec283ac.jpg",450,450,false]},"rttpg_author":{"display_name":"V\u00fcsal Rafiqo\u011flu","author_link":"https:\/\/arantv.az\/?author=2"},"rttpg_comment":0,"rttpg_category":"<a href=\"https:\/\/arantv.az\/?cat=4\" rel=\"category\">Siyas\u0259t<\/a>","rttpg_excerpt":"M\u0259\u015fhur bir deyim var: \u201cHe\u00e7 bir m\u00fcharib\u0259 a\u011flayan k\u00f6rp\u0259nin g\u00f6z ya\u015f\u0131na d\u0259ym\u0259z\u201d. Hans\u0131 motivl\u0259 olur-olsun. T\u0259\u0259ss\u00fcf ki, b\u0259\u015f\u0259riyy\u0259t \u00f6z m\u00f6vcudiyy\u0259ti tarixind\u0259 h\u0259l\u0259 d\u0259 probleml\u0259rin dinc, sakit, silahs\u0131z, \u0259dal\u0259tli h\u0259ll yolunu tapa bilm\u0259yib. Bu g\u00fcn Q\u0259zzada ya\u015fanan insanl\u0131q dram\u0131, ondan az \u00f6nc\u0259 \u0130srailin c\u0259nubunda dinc y\u0259hudil\u0259r\u0259 v\u0259 \u0259cn\u0259bil\u0259r\u0259 qar\u015f\u0131 t\u00f6r\u0259dil\u0259n v\u0259h\u015filik \u00e7\u0259tin ki, sonuncu olsun. \u0130st\u0259nil\u0259n&hellip;","_links":{"self":[{"href":"https:\/\/arantv.az\/index.php?rest_route=\/wp\/v2\/posts\/650517"}],"collection":[{"href":"https:\/\/arantv.az\/index.php?rest_route=\/wp\/v2\/posts"}],"about":[{"href":"https:\/\/arantv.az\/index.php?rest_route=\/wp\/v2\/types\/post"}],"author":[{"embeddable":true,"href":"https:\/\/arantv.az\/index.php?rest_route=\/wp\/v2\/users\/2"}],"replies":[{"embeddable":true,"href":"https:\/\/arantv.az\/index.php?rest_route=%2Fwp%2Fv2%2Fcomments&post=650517"}],"version-history":[{"count":0,"href":"https:\/\/arantv.az\/index.php?rest_route=\/wp\/v2\/posts\/650517\/revisions"}],"wp:featuredmedia":[{"embeddable":true,"href":"https:\/\/arantv.az\/index.php?rest_route=\/wp\/v2\/media\/650520"}],"wp:attachment":[{"href":"https:\/\/arantv.az\/index.php?rest_route=%2Fwp%2Fv2%2Fmedia&parent=650517"}],"wp:term":[{"taxonomy":"category","embeddable":true,"href":"https:\/\/arantv.az\/index.php?rest_route=%2Fwp%2Fv2%2Fcategories&post=650517"},{"taxonomy":"post_tag","embeddable":true,"href":"https:\/\/arantv.az\/index.php?rest_route=%2Fwp%2Fv2%2Ftags&post=650517"}],"curies":[{"name":"wp","href":"https:\/\/api.w.org\/{rel}","templated":true}]}}