{"id":650523,"date":"2023-10-28T20:12:47","date_gmt":"2023-10-28T16:12:47","guid":{"rendered":"https:\/\/arantv.az\/?p=650523"},"modified":"2023-10-28T20:12:47","modified_gmt":"2023-10-28T16:12:47","slug":"turkiy%c9%99li-baliqcilar-g%c9%99mil%c9%99rl%c9%99-sou-gost%c9%99rdil%c9%99r-video","status":"publish","type":"post","link":"https:\/\/arantv.az\/?p=650523","title":{"rendered":"T\u00fcrkiy\u0259li bal\u0131q\u00e7\u0131lar g\u0259mil\u0259rl\u0259 \u015fou g\u00f6st\u0259rdil\u0259r &#8211; V\u0130DEO"},"content":{"rendered":"<p>T\u00fcrkiy\u0259 C\u00fcmhuriyy\u0259tinin 100-c\u00fc ild\u00f6n\u00fcm\u00fc \u0259r\u0259f\u0259sind\u0259 bayram m\u00fcnasib\u0259til\u0259 t\u0259\u015fkil edil\u0259n t\u0259dbirl\u0259rd\u0259n maraql\u0131 g\u00f6r\u00fcnt\u00fcl\u0259r g\u0259lm\u0259y\u0259 davam edir.<\/p>\n<p>Bu d\u0259f\u0259 kadrlar \u0130yneada (K\u0131rklareli vilay\u0259ti) q\u0259s\u0259b\u0259sind\u0259ndir. Kadrlarda Sahil M\u00fchafiz\u0259 Komandirliyinin t\u0259\u015fkilat\u00e7\u0131l\u0131\u011f\u0131 il\u0259 bal\u0131q\u00e7\u0131lar qay\u0131qlar\u0131n\u0131 T\u00fcrkiy\u0259 bayraqlar\u0131 il\u0259 b\u0259z\u0259y\u0259r\u0259k, d\u0259nizd\u0259 \u201cAy v\u0259 ulduzla 100 illik yubiley\u201d xoreoqrafiyas\u0131 yarad\u0131blar.<\/p>\n<div><iframe loading=\"lazy\" id=\"telegram-post-oxuaze-68104\" src=\"https:\/\/t.me\/oxuaze\/68104?embed=1\" width=\"100%\" height=\"\" frameborder=\"0\" scrolling=\"no\" data-mce-fragment=\"1\"><\/iframe><\/div>\n<p>M\u0259nb\u0259:\u00a0\u201cAnadolu\u201d Agentliyi<\/p>\n","protected":false},"excerpt":{"rendered":"<p>T\u00fcrkiy\u0259 C\u00fcmhuriyy\u0259tinin 100-c\u00fc ild\u00f6n\u00fcm\u00fc \u0259r\u0259f\u0259sind\u0259 bayram m\u00fcnasib\u0259til\u0259 t\u0259\u015fkil edil\u0259n t\u0259dbirl\u0259rd\u0259n maraql\u0131 g\u00f6r\u00fcnt\u00fcl\u0259r g\u0259lm\u0259y\u0259 davam edir. Bu d\u0259f\u0259 kadrlar \u0130yneada (K\u0131rklareli vilay\u0259ti) q\u0259s\u0259b\u0259sind\u0259ndir. Kadrlarda Sahil M\u00fchafiz\u0259 Komandirliyinin t\u0259\u015fkilat\u00e7\u0131l\u0131\u011f\u0131 il\u0259 bal\u0131q\u00e7\u0131lar qay\u0131qlar\u0131n\u0131 T\u00fcrkiy\u0259 bayraqlar\u0131 il\u0259 b\u0259z\u0259y\u0259r\u0259k, d\u0259nizd\u0259 \u201cAy v\u0259 ulduzla 100 illik yubiley\u201d xoreoqrafiyas\u0131 yarad\u0131blar. M\u0259nb\u0259:\u00a0\u201cAnadolu\u201d Agentliyi<\/p>\n","protected":false},"author":2,"featured_media":650530,"comment_status":"closed","ping_status":"closed","sticky":false,"template":"","format":"standard","meta":{"om_disable_all_campaigns":false,"_monsterinsights_skip_tracking":false,"_monsterinsights_sitenote_active":false,"_monsterinsights_sitenote_note":"","_monsterinsights_sitenote_category":0},"categories":[7],"tags":[],"aioseo_notices":[],"gutentor_comment":0,"rttpg_featured_image_url":{"full":["https:\/\/arantv.az\/wp-content\/uploads\/2023\/10\/D\u00a1D\u00bdD\u00b8D\u00bcD\u00beDo-N_DoN_D\u00b0D\u00bdD\u00b0-2023-10-28-161031.jpg",620,413,false],"landscape":["https:\/\/arantv.az\/wp-content\/uploads\/2023\/10\/D\u00a1D\u00bdD\u00b8D\u00bcD\u00beDo-N_DoN_D\u00b0D\u00bdD\u00b0-2023-10-28-161031.jpg",620,413,false],"portraits":["https:\/\/arantv.az\/wp-content\/uploads\/2023\/10\/D\u00a1D\u00bdD\u00b8D\u00bcD\u00beDo-N_DoN_D\u00b0D\u00bdD\u00b0-2023-10-28-161031.jpg",620,413,false],"thumbnail":["https:\/\/arantv.az\/wp-content\/uploads\/2023\/10\/D\u00a1D\u00bdD\u00b8D\u00bcD\u00beDo-N_DoN_D\u00b0D\u00bdD\u00b0-2023-10-28-161031-500x280.jpg",500,280,true],"medium":["https:\/\/arantv.az\/wp-content\/uploads\/2023\/10\/D\u00a1D\u00bdD\u00b8D\u00bcD\u00beDo-N_DoN_D\u00b0D\u00bdD\u00b0-2023-10-28-161031-548x365.jpg",548,365,true],"large":["https:\/\/arantv.az\/wp-content\/uploads\/2023\/10\/D\u00a1D\u00bdD\u00b8D\u00bcD\u00beDo-N_DoN_D\u00b0D\u00bdD\u00b0-2023-10-28-161031.jpg",620,413,false],"1536x1536":["https:\/\/arantv.az\/wp-content\/uploads\/2023\/10\/D\u00a1D\u00bdD\u00b8D\u00bcD\u00beDo-N_DoN_D\u00b0D\u00bdD\u00b0-2023-10-28-161031.jpg",620,413,false],"2048x2048":["https:\/\/arantv.az\/wp-content\/uploads\/2023\/10\/D\u00a1D\u00bdD\u00b8D\u00bcD\u00beDo-N_DoN_D\u00b0D\u00bdD\u00b0-2023-10-28-161031.jpg",620,413,false],"post-thumbnail":["https:\/\/arantv.az\/wp-content\/uploads\/2023\/10\/D\u00a1D\u00bdD\u00b8D\u00bcD\u00beDo-N_DoN_D\u00b0D\u00bdD\u00b0-2023-10-28-161031-240x172.jpg",240,172,true],"advps-thumb-one":["https:\/\/arantv.az\/wp-content\/uploads\/2023\/10\/D\u00a1D\u00bdD\u00b8D\u00bcD\u00beDo-N_DoN_D\u00b0D\u00bdD\u00b0-2023-10-28-161031.jpg",620,413,false]},"rttpg_author":{"display_name":"V\u00fcsal Rafiqo\u011flu","author_link":"https:\/\/arantv.az\/?author=2"},"rttpg_comment":0,"rttpg_category":"<a href=\"https:\/\/arantv.az\/?cat=7\" rel=\"category\">D\u00fcnya<\/a>","rttpg_excerpt":"T\u00fcrkiy\u0259 C\u00fcmhuriyy\u0259tinin 100-c\u00fc ild\u00f6n\u00fcm\u00fc \u0259r\u0259f\u0259sind\u0259 bayram m\u00fcnasib\u0259til\u0259 t\u0259\u015fkil edil\u0259n t\u0259dbirl\u0259rd\u0259n maraql\u0131 g\u00f6r\u00fcnt\u00fcl\u0259r g\u0259lm\u0259y\u0259 davam edir. Bu d\u0259f\u0259 kadrlar \u0130yneada (K\u0131rklareli vilay\u0259ti) q\u0259s\u0259b\u0259sind\u0259ndir. Kadrlarda Sahil M\u00fchafiz\u0259 Komandirliyinin t\u0259\u015fkilat\u00e7\u0131l\u0131\u011f\u0131 il\u0259 bal\u0131q\u00e7\u0131lar qay\u0131qlar\u0131n\u0131 T\u00fcrkiy\u0259 bayraqlar\u0131 il\u0259 b\u0259z\u0259y\u0259r\u0259k, d\u0259nizd\u0259 \u201cAy v\u0259 ulduzla 100 illik yubiley\u201d xoreoqrafiyas\u0131 yarad\u0131blar. M\u0259nb\u0259:\u00a0\u201cAnadolu\u201d Agentliyi","_links":{"self":[{"href":"https:\/\/arantv.az\/index.php?rest_route=\/wp\/v2\/posts\/650523"}],"collection":[{"href":"https:\/\/arantv.az\/index.php?rest_route=\/wp\/v2\/posts"}],"about":[{"href":"https:\/\/arantv.az\/index.php?rest_route=\/wp\/v2\/types\/post"}],"author":[{"embeddable":true,"href":"https:\/\/arantv.az\/index.php?rest_route=\/wp\/v2\/users\/2"}],"replies":[{"embeddable":true,"href":"https:\/\/arantv.az\/index.php?rest_route=%2Fwp%2Fv2%2Fcomments&post=650523"}],"version-history":[{"count":0,"href":"https:\/\/arantv.az\/index.php?rest_route=\/wp\/v2\/posts\/650523\/revisions"}],"wp:featuredmedia":[{"embeddable":true,"href":"https:\/\/arantv.az\/index.php?rest_route=\/wp\/v2\/media\/650530"}],"wp:attachment":[{"href":"https:\/\/arantv.az\/index.php?rest_route=%2Fwp%2Fv2%2Fmedia&parent=650523"}],"wp:term":[{"taxonomy":"category","embeddable":true,"href":"https:\/\/arantv.az\/index.php?rest_route=%2Fwp%2Fv2%2Fcategories&post=650523"},{"taxonomy":"post_tag","embeddable":true,"href":"https:\/\/arantv.az\/index.php?rest_route=%2Fwp%2Fv2%2Ftags&post=650523"}],"curies":[{"name":"wp","href":"https:\/\/api.w.org\/{rel}","templated":true}]}}