{"id":650524,"date":"2023-10-28T19:03:35","date_gmt":"2023-10-28T15:03:35","guid":{"rendered":"https:\/\/arantv.az\/?p=650524"},"modified":"2023-10-28T19:03:35","modified_gmt":"2023-10-28T15:03:35","slug":"xin-r%c9%99hb%c9%99rl%c9%99ri-baki-il%c9%99-ir%c9%99van-arasinda-sulh-sazisinin-hazirlanmasini-muzakir%c9%99-edibl%c9%99r-yenil%c9%99nib","status":"publish","type":"post","link":"https:\/\/arantv.az\/?p=650524","title":{"rendered":"X\u0130N r\u0259hb\u0259rl\u0259ri Bak\u0131 il\u0259 \u0130r\u0259van aras\u0131nda s\u00fclh sazi\u015finin haz\u0131rlanmas\u0131n\u0131 m\u00fczakir\u0259 edibl\u0259r &#8211; YEN\u0130L\u018fN\u0130B"},"content":{"rendered":"<p>28 oktyabr tarixind\u0259 Az\u0259rbaycan Respublikas\u0131n\u0131n xarici i\u015fl\u0259r naziri Ceyhun Bayramov v\u0259 Rusiya Federasiyas\u0131n\u0131n xarici i\u015fl\u0259r naziri Sergey Lavrov aras\u0131nda telefon dan\u0131\u015f\u0131\u011f\u0131 ba\u015f tutub.<\/p>\n<p>Bu bar\u0259d\u0259 Az\u0259rbaycan Xarici \u0130\u015fl\u0259r Nazirliyind\u0259n bildirilib.<\/p>\n<p>Telefon dan\u0131\u015f\u0131\u011f\u0131 zaman\u0131 nazirl\u0259r Az\u0259rbaycanla Rusiya aras\u0131nda \u0259m\u0259kda\u015fl\u0131q m\u0259s\u0259l\u0259l\u0259rini, Az\u0259rbaycan-Erm\u0259nistan s\u00fclh prosesinin perspektivl\u0259rini, el\u0259c\u0259 d\u0259 b\u00f6lg\u0259d\u0259ki cari v\u0259ziyy\u0259ti m\u00fczakir\u0259 edibl\u0259r.<\/p>\n<p>S\u00f6hb\u0259t \u0259snas\u0131nda Az\u0259rbaycan v\u0259 Erm\u0259nistan aras\u0131nda suverenlik v\u0259 \u0259razi b\u00fct\u00f6vl\u00fcy\u00fc \u00e7\u0259r\u00e7iv\u0259sind\u0259 m\u00fcnasib\u0259tl\u0259rin normalla\u015fd\u0131r\u0131lmas\u0131n\u0131n v\u0259 b\u00f6lg\u0259d\u0259 davaml\u0131 s\u00fclh\u00fcn b\u0259rq\u0259rar edilm\u0259sinin vacibliyi vur\u011fulan\u0131b.<\/p>\n<p>Telefon dan\u0131\u015f\u0131\u011f\u0131 zaman\u0131, h\u0259m\u00e7inin dig\u0259r m\u0259s\u0259l\u0259l\u0259r \u0259traf\u0131nda fikir m\u00fcbadil\u0259si apar\u0131l\u0131b.<\/p>\n<p><strong>18:17<\/strong><\/p>\n<p>Az\u0259rbaycan Respublikas\u0131n\u0131n xarici i\u015fl\u0259r naziri Ceyhun Bayramov v\u0259 Rusiya Federasiyas\u0131n\u0131n xarici i\u015fl\u0259r naziri Sergey Lavrov aras\u0131nda telefon dan\u0131\u015f\u0131\u011f\u0131 ba\u015f tutub.<\/p>\n<p>Bu bar\u0259d\u0259 Rusiya Xarici \u0130\u015fl\u0259r Nazirliyind\u0259n (X\u0130N) bildirilib.<\/p>\n<p>M\u0259lumata g\u00f6r\u0259, X\u0130N r\u0259hb\u0259rl\u0259ri ikit\u0259r\u0259fli m\u00fcnasib\u0259tl\u0259rin aktual m\u0259s\u0259l\u0259l\u0259rini, regional v\u0259 beyn\u0259lxalq g\u00fcnd\u0259liyi m\u00fczakir\u0259 edibl\u0259r.<\/p>\n<p>2020-2022-ci ill\u0259r\u0259 aid \u0259n y\u00fcks\u0259k s\u0259viyy\u0259d\u0259 \u00fc\u00e7t\u0259r\u0259fli sazi\u015fl\u0259r toplusu \u0259sas\u0131nda Az\u0259rbaycan v\u0259 Erm\u0259nistan aras\u0131nda m\u00fcnasib\u0259tl\u0259rin normalla\u015fd\u0131r\u0131lmas\u0131, o c\u00fcml\u0259d\u0259n s\u00fclh m\u00fcqavil\u0259sinin haz\u0131rlanmas\u0131, n\u0259qliyyat kommunikasiyalar\u0131n\u0131n a\u00e7\u0131lmas\u0131 v\u0259 Erm\u0259nistan-Az\u0259rbaycan s\u0259rh\u0259dinin delimitasiyas\u0131 \u00fc\u00e7\u00fcn s\u0259yl\u0259rin art\u0131r\u0131lmas\u0131n\u0131n z\u0259ruriliyi vur\u011fulan\u0131b.<\/p>\n<p>M\u0259nb\u0259: TASS<\/p>\n","protected":false},"excerpt":{"rendered":"<p>28 oktyabr tarixind\u0259 Az\u0259rbaycan Respublikas\u0131n\u0131n xarici i\u015fl\u0259r naziri Ceyhun Bayramov v\u0259 Rusiya Federasiyas\u0131n\u0131n xarici i\u015fl\u0259r naziri Sergey Lavrov aras\u0131nda telefon dan\u0131\u015f\u0131\u011f\u0131 ba\u015f tutub. Bu bar\u0259d\u0259 Az\u0259rbaycan Xarici \u0130\u015fl\u0259r Nazirliyind\u0259n bildirilib. Telefon dan\u0131\u015f\u0131\u011f\u0131 zaman\u0131 nazirl\u0259r Az\u0259rbaycanla Rusiya aras\u0131nda \u0259m\u0259kda\u015fl\u0131q m\u0259s\u0259l\u0259l\u0259rini, Az\u0259rbaycan-Erm\u0259nistan s\u00fclh prosesinin perspektivl\u0259rini, el\u0259c\u0259 d\u0259 b\u00f6lg\u0259d\u0259ki cari v\u0259ziyy\u0259ti m\u00fczakir\u0259 edibl\u0259r. S\u00f6hb\u0259t \u0259snas\u0131nda Az\u0259rbaycan v\u0259 Erm\u0259nistan aras\u0131nda suverenlik v\u0259 \u0259razi b\u00fct\u00f6vl\u00fcy\u00fc \u00e7\u0259r\u00e7iv\u0259sind\u0259 m\u00fcnasib\u0259tl\u0259rin normalla\u015fd\u0131r\u0131lmas\u0131n\u0131n v\u0259 b\u00f6lg\u0259d\u0259 davaml\u0131 s\u00fclh\u00fcn b\u0259rq\u0259rar edilm\u0259sinin vacibliyi vur\u011fulan\u0131b. Telefon dan\u0131\u015f\u0131\u011f\u0131 zaman\u0131, h\u0259m\u00e7inin dig\u0259r m\u0259s\u0259l\u0259l\u0259r \u0259traf\u0131nda fikir m\u00fcbadil\u0259si apar\u0131l\u0131b. 18:17 Az\u0259rbaycan Respublikas\u0131n\u0131n xarici i\u015fl\u0259r naziri Ceyhun Bayramov v\u0259&hellip;<\/p>\n","protected":false},"author":2,"featured_media":650525,"comment_status":"closed","ping_status":"closed","sticky":false,"template":"","format":"standard","meta":{"om_disable_all_campaigns":false,"_monsterinsights_skip_tracking":false,"_monsterinsights_sitenote_active":false,"_monsterinsights_sitenote_note":"","_monsterinsights_sitenote_category":0},"categories":[4],"tags":[],"aioseo_notices":[],"gutentor_comment":0,"rttpg_featured_image_url":{"full":["https:\/\/arantv.az\/wp-content\/uploads\/2023\/10\/43e795af-e06a-3638-9f09-11a067144da6_850-1.jpg",620,413,false],"landscape":["https:\/\/arantv.az\/wp-content\/uploads\/2023\/10\/43e795af-e06a-3638-9f09-11a067144da6_850-1.jpg",620,413,false],"portraits":["https:\/\/arantv.az\/wp-content\/uploads\/2023\/10\/43e795af-e06a-3638-9f09-11a067144da6_850-1.jpg",620,413,false],"thumbnail":["https:\/\/arantv.az\/wp-content\/uploads\/2023\/10\/43e795af-e06a-3638-9f09-11a067144da6_850-1-500x280.jpg",500,280,true],"medium":["https:\/\/arantv.az\/wp-content\/uploads\/2023\/10\/43e795af-e06a-3638-9f09-11a067144da6_850-1-548x365.jpg",548,365,true],"large":["https:\/\/arantv.az\/wp-content\/uploads\/2023\/10\/43e795af-e06a-3638-9f09-11a067144da6_850-1.jpg",620,413,false],"1536x1536":["https:\/\/arantv.az\/wp-content\/uploads\/2023\/10\/43e795af-e06a-3638-9f09-11a067144da6_850-1.jpg",620,413,false],"2048x2048":["https:\/\/arantv.az\/wp-content\/uploads\/2023\/10\/43e795af-e06a-3638-9f09-11a067144da6_850-1.jpg",620,413,false],"post-thumbnail":["https:\/\/arantv.az\/wp-content\/uploads\/2023\/10\/43e795af-e06a-3638-9f09-11a067144da6_850-1-240x172.jpg",240,172,true],"advps-thumb-one":["https:\/\/arantv.az\/wp-content\/uploads\/2023\/10\/43e795af-e06a-3638-9f09-11a067144da6_850-1.jpg",620,413,false]},"rttpg_author":{"display_name":"V\u00fcsal Rafiqo\u011flu","author_link":"https:\/\/arantv.az\/?author=2"},"rttpg_comment":0,"rttpg_category":"<a href=\"https:\/\/arantv.az\/?cat=4\" rel=\"category\">Siyas\u0259t<\/a>","rttpg_excerpt":"28 oktyabr tarixind\u0259 Az\u0259rbaycan Respublikas\u0131n\u0131n xarici i\u015fl\u0259r naziri Ceyhun Bayramov v\u0259 Rusiya Federasiyas\u0131n\u0131n xarici i\u015fl\u0259r naziri Sergey Lavrov aras\u0131nda telefon dan\u0131\u015f\u0131\u011f\u0131 ba\u015f tutub. Bu bar\u0259d\u0259 Az\u0259rbaycan Xarici \u0130\u015fl\u0259r Nazirliyind\u0259n bildirilib. Telefon dan\u0131\u015f\u0131\u011f\u0131 zaman\u0131 nazirl\u0259r Az\u0259rbaycanla Rusiya aras\u0131nda \u0259m\u0259kda\u015fl\u0131q m\u0259s\u0259l\u0259l\u0259rini, Az\u0259rbaycan-Erm\u0259nistan s\u00fclh prosesinin perspektivl\u0259rini, el\u0259c\u0259 d\u0259 b\u00f6lg\u0259d\u0259ki cari v\u0259ziyy\u0259ti m\u00fczakir\u0259 edibl\u0259r. S\u00f6hb\u0259t \u0259snas\u0131nda Az\u0259rbaycan v\u0259 Erm\u0259nistan&hellip;","_links":{"self":[{"href":"https:\/\/arantv.az\/index.php?rest_route=\/wp\/v2\/posts\/650524"}],"collection":[{"href":"https:\/\/arantv.az\/index.php?rest_route=\/wp\/v2\/posts"}],"about":[{"href":"https:\/\/arantv.az\/index.php?rest_route=\/wp\/v2\/types\/post"}],"author":[{"embeddable":true,"href":"https:\/\/arantv.az\/index.php?rest_route=\/wp\/v2\/users\/2"}],"replies":[{"embeddable":true,"href":"https:\/\/arantv.az\/index.php?rest_route=%2Fwp%2Fv2%2Fcomments&post=650524"}],"version-history":[{"count":0,"href":"https:\/\/arantv.az\/index.php?rest_route=\/wp\/v2\/posts\/650524\/revisions"}],"wp:featuredmedia":[{"embeddable":true,"href":"https:\/\/arantv.az\/index.php?rest_route=\/wp\/v2\/media\/650525"}],"wp:attachment":[{"href":"https:\/\/arantv.az\/index.php?rest_route=%2Fwp%2Fv2%2Fmedia&parent=650524"}],"wp:term":[{"taxonomy":"category","embeddable":true,"href":"https:\/\/arantv.az\/index.php?rest_route=%2Fwp%2Fv2%2Fcategories&post=650524"},{"taxonomy":"post_tag","embeddable":true,"href":"https:\/\/arantv.az\/index.php?rest_route=%2Fwp%2Fv2%2Ftags&post=650524"}],"curies":[{"name":"wp","href":"https:\/\/api.w.org\/{rel}","templated":true}]}}