{"id":650531,"date":"2023-10-28T20:13:37","date_gmt":"2023-10-28T16:13:37","guid":{"rendered":"https:\/\/arantv.az\/?p=650531"},"modified":"2023-10-28T20:13:37","modified_gmt":"2023-10-28T16:13:37","slug":"ilham-%c9%99liyevin-prezident-secilm%c9%99sinin-20-illiyi-munasib%c9%99til%c9%99-%c9%99uo-da-silsil%c9%99-t%c9%99dbirl%c9%99r-kecirilir-foto-video","status":"publish","type":"post","link":"https:\/\/arantv.az\/?p=650531","title":{"rendered":"\u0130lham \u018fliyevin Prezident se\u00e7ilm\u0259sinin 20 illiyi m\u00fcnasib\u0259til\u0259 \u018f\u00dcO-da silsil\u0259 t\u0259dbirl\u0259r ke\u00e7irilir &#8211; FOTO\/V\u0130DEO"},"content":{"rendered":"<p>\u018flahidd\u0259 \u00dcmumqo\u015fun Orduda Az\u0259rbaycan Respublikas\u0131n\u0131n Prezidenti, Silahl\u0131 Q\u00fcvv\u0259l\u0259rin M\u00fcz\u0259ff\u0259r Ali Ba\u015f Komandan\u0131 c\u0259nab\u00a0<strong>\u0130lham \u018fliyevin<\/strong>\u00a0Az\u0259rbaycan Respublikas\u0131n\u0131n Prezidenti se\u00e7ilm\u0259sinin 20 illiyi il\u0259 \u0259laq\u0259dar silsil\u0259 t\u0259dbirl\u0259r ke\u00e7irilir.<\/p>\n<p>Silsil\u0259 t\u0259dbirl\u0259r \u00e7\u0259r\u00e7iv\u0259sind\u0259 \u018flahidd\u0259 \u00dcmumqo\u015fun Ordunun birl\u0259\u015fm\u0259, hiss\u0259 v\u0259 b\u00f6lm\u0259l\u0259rind\u0259, h\u0259m\u00e7inin Heyd\u0259r \u018fliyev ad\u0131na H\u0259rbi Liseyd\u0259 c\u0259nab \u0130lham \u018fliyevin Az\u0259rbaycan Respublikas\u0131n\u0131n Prezidenti kimi 20 illik f\u0259aliyy\u0259ti il\u0259 ba\u011fl\u0131 d\u0259yirmi masa v\u0259 ictimai-siyasi haz\u0131rl\u0131qdan m\u0259\u015f\u011f\u0259l\u0259l\u0259r ke\u00e7irilib.<\/p>\n<p>T\u0259dbirl\u0259rd\u0259 \u0259vv\u0259lc\u0259 \u00fcmummilli lider Heyd\u0259r \u018fliyevin v\u0259 \u015f\u0259hidl\u0259rimizin \u0259ziz xatir\u0259si yad edilib, D\u00f6vl\u0259t Himnimiz s\u0259sl\u0259ndirilib.<\/p>\n<p>M\u0259\u015f\u011f\u0259l\u0259l\u0259r zaman\u0131 ulu \u00f6nd\u0259rin siyasi kursunun layiqli davam\u00e7\u0131s\u0131, m\u00fcst\u0259qilliyimizi daha da m\u00f6hk\u0259ml\u0259ndir\u0259n, d\u00f6vl\u0259timizin \u0259razi b\u00fct\u00f6vl\u00fcy\u00fcn\u00fc t\u0259min ed\u0259n Prezident \u0130lham \u018fliyevin 20 illik hakimiyy\u0259ti d\u00f6vr\u00fcnd\u0259 \u00f6lk\u0259mizd\u0259 b\u00fct\u00fcn sah\u0259l\u0259rin s\u00fcr\u0259tli inki\u015fafa nail olmas\u0131nda b\u00f6y\u00fck inam v\u0259 q\u0259tiyy\u0259tl\u0259 \u00e7al\u0131\u015fmas\u0131 bar\u0259d\u0259 \u015f\u0259xsi hey\u0259t\u0259 geni\u015f m\u0259lumat verilib.<\/p>\n<p>Qeyd olunub ki, M\u00fcz\u0259ff\u0259r Ali Ba\u015f Komandan \u0130lham \u018fliyevin apard\u0131\u011f\u0131 ard\u0131c\u0131l siyas\u0259tin, diqq\u0259t v\u0259 qay\u011f\u0131s\u0131n\u0131n m\u0259ntiqi n\u0259tic\u0259sidir ki, Az\u0259rbaycan Ordusu m\u00fcasir silah-sursat, d\u00f6y\u00fc\u015f texnikas\u0131 v\u0259 d\u00f6y\u00fc\u015f \u0259zmi bax\u0131m\u0131ndan d\u0259f\u0259l\u0259rl\u0259 inki\u015faf ed\u0259r\u0259k d\u00fcnyan\u0131n apar\u0131c\u0131 ordular\u0131 s\u0131ras\u0131nda yer al\u0131b.<\/p>\n<p>M\u0259lumat verilib ki, V\u0259t\u0259n m\u00fcharib\u0259sind\u0259 v\u0259 okal xarakterli antiterror t\u0259dbirl\u0259rind\u0259 M\u00fcz\u0259ff\u0259r Ali Ba\u015f Komandan\u0131n r\u0259hb\u0259rliyi il\u0259 Az\u0259rbaycan \u00f6z Z\u0259f\u0259r salnam\u0259sini yazaraq, b\u00fct\u00fcn d\u00fcnyaya \u00f6z g\u00fcc\u00fcn\u00fc n\u00fcmayi\u015f etdirib. Bu g\u00fcn Az\u0259rbaycan\u0131n \u015fanl\u0131 \u00fc\u00e7r\u0259ngli bayra\u011f\u0131 30 ild\u0259n sonra i\u015f\u011faldan azad olunmu\u015f b\u00fct\u00fcn \u015f\u0259h\u0259r v\u0259 k\u0259ndl\u0259rimizd\u0259 dal\u011falan\u0131r.<\/p>\n<p>Slayt vasit\u0259sil\u0259 ke\u00e7iril\u0259n m\u0259\u015f\u011f\u0259l\u0259l\u0259rd\u0259 bildirilib ki, \u201c\u018frazi b\u00fct\u00f6vl\u00fcy\u00fcm\u00fcz\u00fcn b\u0259rpas\u0131, torpaqlar\u0131m\u0131z\u0131n qaytar\u0131lmas\u0131 m\u0259nim Prezident kimi ba\u015fl\u0131ca v\u0259zif\u0259m idi\u201d dey\u0259n v\u0259 bu v\u0259zif\u0259nin \u00f6hd\u0259sind\u0259n layiqinc\u0259 g\u0259l\u0259n Prezidentimiz\u0259, M\u00fcz\u0259ff\u0259r Ali Ba\u015f Komandan\u0131m\u0131za bundan sonrada h\u0259r birimiz f\u0259al d\u0259st\u0259k verm\u0259li, onun \u0259traf\u0131nda d\u0259mir yumruq kimi birl\u0259\u015fm\u0259liyik. \u00c7\u00fcnki h\u0259m d\u00f6vl\u0259t, h\u0259m d\u0259 xalq olaraq g\u0259l\u0259c\u0259yimiz bu sars\u0131lmaz birlik v\u0259 h\u0259mr\u0259ylikd\u0259n as\u0131l\u0131d\u0131r.<\/p>\n<p>M\u0259\u015f\u011f\u0259l\u0259l\u0259rd\u0259 M\u00fcz\u0259ff\u0259r Ali Ba\u015f Komandan \u0130lham \u018fliyevin r\u0259hb\u0259rliyi il\u0259 apar\u0131lan ordu quruculu\u011fundan v\u0259 \u015fanl\u0131 ordumuzun z\u0259f\u0259rl\u0259rind\u0259n b\u0259hs ed\u0259n video\u00e7arxlar n\u00fcmayi\u015f olunub.<\/p>\n<p>Qeyd ed\u0259k ki, \u018flahidd\u0259 \u00dcmumqo\u015fun Orduda c\u0259nab \u0130lham \u018fliyevin Az\u0259rbaycan Respublikas\u0131n\u0131n Prezidenti se\u00e7ilm\u0259sinin 20 illiyi il\u0259 \u0259laq\u0259dar ke\u00e7iril\u0259n silsil\u0259 t\u0259dbirl\u0259r davam edir.<\/p>\n<div><iframe loading=\"lazy\" title=\"YouTube video player\" src=\"https:\/\/www.youtube.com\/embed\/b2nzAHUmw6U?si=M80HdBQqPED3VS1U\" width=\"560\" height=\"315\" frameborder=\"0\" allowfullscreen=\"allowfullscreen\" data-mce-fragment=\"1\"><\/iframe><\/div>\n<p>&nbsp;<\/p>\n<div class=\"gallery\">\n<div class=\"gallery-i\"><img src=\"https:\/\/cdn.oxu.az\/uploads\/W1siZiIsIjIwMjMvMTAvMjgvMTkvMzgvMjIvYzdjNjAyNzUtMGE3MC00NThhLWE3ZGMtNzBmNjVmYjdkNDk5L2IxLmpwZyJdLFsicCIsImVuY29kZSIsImpwZyIsIi1xdWFsaXR5IDgwIl0sWyJwIiwidGh1bWIiLCI1OTB4NTkwXHUwMDNlIl1d?sha=90c5b8c24ab4e399\" alt=\"\" \/><\/p>\n<div class=\"gallery-i-caption\"><\/div>\n<\/div>\n<div class=\"gallery-i\"><img src=\"https:\/\/cdn.oxu.az\/uploads\/W1siZiIsIjIwMjMvMTAvMjgvMTkvMzgvMjIvZTExMzdmOTMtOGViNC00ZDNiLWFmMDItNjU2YWNiMTE3NzQyL2IyLmpwZyJdLFsicCIsImVuY29kZSIsImpwZyIsIi1xdWFsaXR5IDgwIl0sWyJwIiwidGh1bWIiLCI1OTB4NTkwXHUwMDNlIl1d?sha=153ccf11adabab29\" alt=\"\" \/><\/p>\n<div class=\"gallery-i-caption\"><\/div>\n<\/div>\n<div class=\"gallery-i\"><img src=\"https:\/\/cdn.oxu.az\/uploads\/W1siZiIsIjIwMjMvMTAvMjgvMTkvMzgvMjIvMTJlOGU0YjItYTkxZi00MzgxLWE2ZTgtN2JmMDI5MDk4MjdkL2IzLmpwZyJdLFsicCIsImVuY29kZSIsImpwZyIsIi1xdWFsaXR5IDgwIl0sWyJwIiwidGh1bWIiLCI1OTB4NTkwXHUwMDNlIl1d?sha=b2cac7fca2cdac6f\" alt=\"\" \/><\/p>\n<div class=\"gallery-i-caption\"><\/div>\n<\/div>\n<div class=\"gallery-i\"><img src=\"https:\/\/cdn.oxu.az\/uploads\/W1siZiIsIjIwMjMvMTAvMjgvMTkvMzgvMjIvODk4NGI1YjktZDM1Zi00Y2M4LTgzZTktYmEyY2JkYjljYzNkL2I0LmpwZyJdLFsicCIsImVuY29kZSIsImpwZyIsIi1xdWFsaXR5IDgwIl0sWyJwIiwidGh1bWIiLCI1OTB4NTkwXHUwMDNlIl1d?sha=53282d4f8b71a1f9\" alt=\"\" \/><\/div>\n<\/div>\n","protected":false},"excerpt":{"rendered":"<p>\u018flahidd\u0259 \u00dcmumqo\u015fun Orduda Az\u0259rbaycan Respublikas\u0131n\u0131n Prezidenti, Silahl\u0131 Q\u00fcvv\u0259l\u0259rin M\u00fcz\u0259ff\u0259r Ali Ba\u015f Komandan\u0131 c\u0259nab\u00a0\u0130lham \u018fliyevin\u00a0Az\u0259rbaycan Respublikas\u0131n\u0131n Prezidenti se\u00e7ilm\u0259sinin 20 illiyi il\u0259 \u0259laq\u0259dar silsil\u0259 t\u0259dbirl\u0259r ke\u00e7irilir. Silsil\u0259 t\u0259dbirl\u0259r \u00e7\u0259r\u00e7iv\u0259sind\u0259 \u018flahidd\u0259 \u00dcmumqo\u015fun Ordunun birl\u0259\u015fm\u0259, hiss\u0259 v\u0259 b\u00f6lm\u0259l\u0259rind\u0259, h\u0259m\u00e7inin Heyd\u0259r \u018fliyev ad\u0131na H\u0259rbi Liseyd\u0259 c\u0259nab \u0130lham \u018fliyevin Az\u0259rbaycan Respublikas\u0131n\u0131n Prezidenti kimi 20 illik f\u0259aliyy\u0259ti il\u0259 ba\u011fl\u0131 d\u0259yirmi masa v\u0259 ictimai-siyasi haz\u0131rl\u0131qdan m\u0259\u015f\u011f\u0259l\u0259l\u0259r ke\u00e7irilib. T\u0259dbirl\u0259rd\u0259 \u0259vv\u0259lc\u0259 \u00fcmummilli lider Heyd\u0259r \u018fliyevin v\u0259 \u015f\u0259hidl\u0259rimizin \u0259ziz xatir\u0259si yad edilib, D\u00f6vl\u0259t Himnimiz s\u0259sl\u0259ndirilib. M\u0259\u015f\u011f\u0259l\u0259l\u0259r zaman\u0131 ulu \u00f6nd\u0259rin siyasi kursunun layiqli davam\u00e7\u0131s\u0131, m\u00fcst\u0259qilliyimizi daha da m\u00f6hk\u0259ml\u0259ndir\u0259n, d\u00f6vl\u0259timizin \u0259razi b\u00fct\u00f6vl\u00fcy\u00fcn\u00fc t\u0259min&hellip;<\/p>\n","protected":false},"author":2,"featured_media":650534,"comment_status":"closed","ping_status":"closed","sticky":false,"template":"","format":"standard","meta":{"om_disable_all_campaigns":false,"_monsterinsights_skip_tracking":false,"_monsterinsights_sitenote_active":false,"_monsterinsights_sitenote_note":"","_monsterinsights_sitenote_category":0},"categories":[4],"tags":[],"aioseo_notices":[],"gutentor_comment":0,"rttpg_featured_image_url":{"full":["https:\/\/arantv.az\/wp-content\/uploads\/2023\/10\/FotoJet-3-12.jpg",620,413,false],"landscape":["https:\/\/arantv.az\/wp-content\/uploads\/2023\/10\/FotoJet-3-12.jpg",620,413,false],"portraits":["https:\/\/arantv.az\/wp-content\/uploads\/2023\/10\/FotoJet-3-12.jpg",620,413,false],"thumbnail":["https:\/\/arantv.az\/wp-content\/uploads\/2023\/10\/FotoJet-3-12-500x280.jpg",500,280,true],"medium":["https:\/\/arantv.az\/wp-content\/uploads\/2023\/10\/FotoJet-3-12-548x365.jpg",548,365,true],"large":["https:\/\/arantv.az\/wp-content\/uploads\/2023\/10\/FotoJet-3-12.jpg",620,413,false],"1536x1536":["https:\/\/arantv.az\/wp-content\/uploads\/2023\/10\/FotoJet-3-12.jpg",620,413,false],"2048x2048":["https:\/\/arantv.az\/wp-content\/uploads\/2023\/10\/FotoJet-3-12.jpg",620,413,false],"post-thumbnail":["https:\/\/arantv.az\/wp-content\/uploads\/2023\/10\/FotoJet-3-12-240x172.jpg",240,172,true],"advps-thumb-one":["https:\/\/arantv.az\/wp-content\/uploads\/2023\/10\/FotoJet-3-12.jpg",620,413,false]},"rttpg_author":{"display_name":"V\u00fcsal Rafiqo\u011flu","author_link":"https:\/\/arantv.az\/?author=2"},"rttpg_comment":0,"rttpg_category":"<a href=\"https:\/\/arantv.az\/?cat=4\" rel=\"category\">Siyas\u0259t<\/a>","rttpg_excerpt":"\u018flahidd\u0259 \u00dcmumqo\u015fun Orduda Az\u0259rbaycan Respublikas\u0131n\u0131n Prezidenti, Silahl\u0131 Q\u00fcvv\u0259l\u0259rin M\u00fcz\u0259ff\u0259r Ali Ba\u015f Komandan\u0131 c\u0259nab\u00a0\u0130lham \u018fliyevin\u00a0Az\u0259rbaycan Respublikas\u0131n\u0131n Prezidenti se\u00e7ilm\u0259sinin 20 illiyi il\u0259 \u0259laq\u0259dar silsil\u0259 t\u0259dbirl\u0259r ke\u00e7irilir. Silsil\u0259 t\u0259dbirl\u0259r \u00e7\u0259r\u00e7iv\u0259sind\u0259 \u018flahidd\u0259 \u00dcmumqo\u015fun Ordunun birl\u0259\u015fm\u0259, hiss\u0259 v\u0259 b\u00f6lm\u0259l\u0259rind\u0259, h\u0259m\u00e7inin Heyd\u0259r \u018fliyev ad\u0131na H\u0259rbi Liseyd\u0259 c\u0259nab \u0130lham \u018fliyevin Az\u0259rbaycan Respublikas\u0131n\u0131n Prezidenti kimi 20 illik f\u0259aliyy\u0259ti il\u0259 ba\u011fl\u0131 d\u0259yirmi masa v\u0259&hellip;","_links":{"self":[{"href":"https:\/\/arantv.az\/index.php?rest_route=\/wp\/v2\/posts\/650531"}],"collection":[{"href":"https:\/\/arantv.az\/index.php?rest_route=\/wp\/v2\/posts"}],"about":[{"href":"https:\/\/arantv.az\/index.php?rest_route=\/wp\/v2\/types\/post"}],"author":[{"embeddable":true,"href":"https:\/\/arantv.az\/index.php?rest_route=\/wp\/v2\/users\/2"}],"replies":[{"embeddable":true,"href":"https:\/\/arantv.az\/index.php?rest_route=%2Fwp%2Fv2%2Fcomments&post=650531"}],"version-history":[{"count":0,"href":"https:\/\/arantv.az\/index.php?rest_route=\/wp\/v2\/posts\/650531\/revisions"}],"wp:featuredmedia":[{"embeddable":true,"href":"https:\/\/arantv.az\/index.php?rest_route=\/wp\/v2\/media\/650534"}],"wp:attachment":[{"href":"https:\/\/arantv.az\/index.php?rest_route=%2Fwp%2Fv2%2Fmedia&parent=650531"}],"wp:term":[{"taxonomy":"category","embeddable":true,"href":"https:\/\/arantv.az\/index.php?rest_route=%2Fwp%2Fv2%2Fcategories&post=650531"},{"taxonomy":"post_tag","embeddable":true,"href":"https:\/\/arantv.az\/index.php?rest_route=%2Fwp%2Fv2%2Ftags&post=650531"}],"curies":[{"name":"wp","href":"https:\/\/api.w.org\/{rel}","templated":true}]}}