{"id":650545,"date":"2023-10-28T20:17:10","date_gmt":"2023-10-28T16:17:10","guid":{"rendered":"https:\/\/arantv.az\/?p=650545"},"modified":"2023-10-28T20:17:10","modified_gmt":"2023-10-28T16:17:10","slug":"kanada-yerli-aborigen-xalqlarin-soyqirimi-n%c9%99tic%c9%99sind%c9%99-cinay%c9%99tkar-mahiyy%c9%99t-uz%c9%99rind%c9%99-yaradilib-r%c9%99y-foto","status":"publish","type":"post","link":"https:\/\/arantv.az\/?p=650545","title":{"rendered":"\u201cKanada yerli aborigen xalqlar\u0131n soyq\u0131r\u0131m\u0131 n\u0259tic\u0259sind\u0259 cinay\u0259tkar mahiyy\u0259t \u00fcz\u0259rind\u0259 yarad\u0131l\u0131b\u201d &#8211; R\u018fY + FOTO"},"content":{"rendered":"<p>\u201cKanada yerli aborigen xalqlar\u0131n soyq\u0131r\u0131m\u0131 n\u0259tic\u0259sind\u0259 cinay\u0259tkar mahiyy\u0259t \u00fcz\u0259rind\u0259 yarad\u0131l\u0131b\u201d.<\/p>\n<p>Bunu \u201cReport\u201da a\u00e7\u0131qlamas\u0131nda Milli M\u0259clisin \u00fczv\u00fc B\u0259hruz M\u0259h\u0259rr\u0259mov deyib.<\/p>\n<p>Onun s\u00f6zl\u0259rin\u0259 g\u00f6r\u0259, Erm\u0259nistan son y\u00fcz il \u0259rzind\u0259 az\u0259rbaycanl\u0131lara v\u0259 Q\u0259rbi Az\u0259rbaycan \u0259razisind\u0259 ya\u015fayan dig\u0259r azsayl\u0131 etnoslara qar\u015f\u0131 etnik t\u0259mizl\u0259m\u0259 siyas\u0259ti h\u0259yata ke\u00e7irib:<\/p>\n<p>\u201cQafqaz kimi \u00e7oxmill\u0259tli bir b\u00f6lg\u0259d\u0259 monoetnik bir d\u00f6vl\u0259t quruldu\u011fu kimi, Kanada da yerli aborigen xalqlar\u0131n soyq\u0131r\u0131m\u0131 n\u0259tic\u0259sind\u0259 cinay\u0259tkar mahiyy\u0259t \u00fcz\u0259rind\u0259 yarad\u0131l\u0131b. Y\u0259ni bu g\u00fcn Kanada v\u0259 Erm\u0259nistan kimi t\u0259m\u0259li cinay\u0259tkarl\u0131qla yo\u011frulmu\u015f subyektl\u0259rin s\u00fclh v\u0259 insanl\u0131q ad\u0131na b\u0259yanatlar verm\u0259si, etnik t\u0259mizl\u0259m\u0259 bar\u0259d\u0259 m\u00fclahiz\u0259 y\u00fcr\u00fctm\u0259si riyakarl\u0131qd\u0131r\u201d.<\/p>\n<p>B.M\u0259h\u0259rr\u0259mov bildirib ki, Kanadan\u0131n xarici i\u015fl\u0259r naziri Melani Jolinin Erm\u0259nistana s\u0259f\u0259ri zaman\u0131 yenid\u0259n Az\u0259rbaycana qar\u015f\u0131 \u0259sass\u0131z ittihamlar s\u0259sl\u0259ndirm\u0259si g\u00fcl\u00fc\u015f do\u011furur:<\/p>\n<p>\u201cBu hal d\u00fcnyada Kanadan\u0131n \u00f6z\u00fcn\u00fcn qeyri-ciddi obraz\u0131n\u0131n inikas\u0131d\u0131r. Kanadal\u0131 nazirin sanksiyalarla h\u0259d\u0259l\u0259y\u0259r\u0259k Az\u0259rbaycan\u0131n \u00fcnvan\u0131na c\u0259f\u0259ng iddialar s\u0259sl\u0259ndirm\u0259si marionetl\u0259rin t\u0259sirsiz h\u0259mr\u0259yliyind\u0259n ba\u015fqa bir \u015fey deyil. D\u00fcnyan\u0131n \u0259razic\u0259 ikinci b\u00f6y\u00fck d\u00f6vl\u0259tinin xarici siyas\u0259t kursunu h\u0259yata ke\u00e7ir\u0259n bir \u015f\u0259xs ucqar q\u0259s\u0259b\u0259 merinin m\u00fcavini kimi davran\u0131r. \u0130r\u0259vana s\u0259f\u0259ri \u00e7\u0259r\u00e7iv\u0259sind\u0259 Az\u0259rbaycanla \u015f\u0259rti s\u0259rh\u0259dd\u0259 d\u00f6y\u00fc\u015f m\u00f6vqeyin\u0259 g\u0259lib binoklla Az\u0259rbaycan\u0131 m\u00fc\u015fahid\u0259 etm\u0259si onun m\u0259hz marionet bir d\u00f6vl\u0259tin \u201cnaziri\u201dn\u0259 layiq formada diplomatik t\u0259f\u0259kk\u00fcrd\u0259n v\u0259 1961-ci il Vyana Konvensiyas\u0131 il\u0259 m\u00fc\u0259yy\u0259nl\u0259\u015f\u0259n diplomatik davran\u0131\u015f v\u0259 normalardan, diplomatik etiketd\u0259n n\u0259 q\u0259d\u0259r uzaq oldu\u011funu g\u00f6st\u0259rir. Kanada da Erm\u0259nistan kimi yaln\u0131z de-yure m\u00fcst\u0259qildir v\u0259 bu m\u0259nada oyuncaq d\u00f6vl\u0259tl\u0259rin marionet iqtidarlar\u0131n\u0131n eyni m\u00f6vqed\u0259n \u00e7\u0131x\u0131\u015f etm\u0259si t\u0259\u0259cc\u00fcb do\u011furmamal\u0131d\u0131r. Kanada v\u0259 Erm\u0259nistan\u0131 h\u0259r iki \u00f6lk\u0259d\u0259 d\u00f6vl\u0259t s\u0259viyy\u0259sind\u0259 d\u0259st\u0259kl\u0259nib t\u00f6r\u0259dil\u0259n insanl\u0131q \u0259leyhin\u0259 \u00e7oxsayl\u0131 cinay\u0259tl\u0259rin ehtiva olundu\u011fu cinay\u0259tkar ke\u00e7mi\u015f ba\u011flay\u0131r\u201d.<\/p>\n<p>&nbsp;<\/p>\n<div class=\"gallery\">\n<div class=\"gallery-i\"><img src=\"https:\/\/cdn.oxu.az\/uploads\/W1siZiIsIjIwMjMvMTAvMjgvMTYvMjMvNTUvMTc3ZjY5OTctMTA1My00NmZmLTkxMGEtNWY1NzI3MDhhY2RlL2I0MjYwYWMyLTNiOTYtM2E3Yi05YWU1LTY0MmM3ODg2ZDJiMi5qcGciXSxbInAiLCJlbmNvZGUiLCJqcGciLCItcXVhbGl0eSA4MCJdLFsicCIsInRodW1iIiwiNTkweDU5MFx1MDAzZSJdXQ?sha=2e58357b0868a6de\" alt=\"\" \/><\/p>\n<div class=\"gallery-i-caption\"><\/div>\n<\/div>\n<\/div>\n<p>Deputat qeyd edib ki, Kanada \u00fczv kimi BMT-nin m\u0259qs\u0259dl\u0259rin\u0259, beyn\u0259lxalq h\u00fcququn tan\u0131nm\u0131\u015f prinsipl\u0259rin\u0259 h\u00f6rm\u0259tl\u0259 yana\u015fma\u011fa borcludur:<\/p>\n<p>\u201cKanada reall\u0131qda cinay\u0259tkar k\u00f6k\u0259nli, faktiki olaraq qeyri-suveren subyekt olsa da, formal \u015f\u0259kild\u0259 BMT-nin m\u00fcst\u0259qil \u00fczv\u00fcd\u00fcr. BMT-nin T\u0259hl\u00fck\u0259sizlik \u015euras\u0131n\u0131n d\u00f6rd, Ba\u015f Assambleyas\u0131n\u0131n bir q\u0259tnam\u0259si fonunda 30 il \u0259rzind\u0259 Erm\u0259nistan t\u0259r\u0259find\u0259n Az\u0259rbaycan \u0259razil\u0259rinin i\u015f\u011fal\u0131na g\u00f6z yuman, 30 il Az\u0259rbaycan\u0131n \u0259razi b\u00fct\u00f6vl\u00fcy\u00fc v\u0259 s\u0259rh\u0259d toxunulmazl\u0131\u011f\u0131n\u0131n q\u0259sb olunmas\u0131na, habel\u0259 qar\u015f\u0131la\u015fd\u0131\u011f\u0131m\u0131z separatizml\u0259 ba\u011fl\u0131 susan Kanada bu g\u00fcn Az\u0259rbaycan\u0131n yaratd\u0131\u011f\u0131 yeni reall\u0131qda n\u0259inki s\u00f6z sahibi ola bil\u0259r, \u00fcmumiyy\u0259tl\u0259, r\u0259y bildirm\u0259k haqq\u0131na da malik deyil\u201d.<\/p>\n<p>Milli M\u0259clisin \u00fczv\u00fc vur\u011fulay\u0131b ki, bu g\u00fcn Az\u0259rbaycan\u0131n Qafqazda yaratd\u0131\u011f\u0131 reall\u0131q yeni n\u00f6qt\u0259d\u0259n g\u0259l\u0259c\u0259y\u0259 bax\u0131\u015f imkan\u0131 yarad\u0131r:<\/p>\n<p>\u201cKanada bu yeni reall\u0131\u011fa Qafqazda buraxd\u0131\u011f\u0131 s\u0259hvl\u0259ri aradan qald\u0131rmaq imkan\u0131 kimi yana\u015fmaqdansa, Melani Jolinin Az\u0259rbaycan\u0131 sanksiyalarla h\u0259d\u0259l\u0259m\u0259si, sad\u0259c\u0259, siyasi xaml\u0131q v\u0259 \u0259bl\u0259hlikdir. Kanada Az\u0259rbaycan\u0131n qlobal m\u0259nafel\u0259rind\u0259 hans\u0131sa formada rola malik, b\u0259lk\u0259 d\u0259, sonuncu d\u00f6vl\u0259tdir. \u018fksin\u0259, Az\u0259rbaycan\u0131n AB\u015e-nin marioneti olan Kanadaya ciddi t\u0259sir imkan\u0131 var. Kanada \u00f6z\u00fcn\u00fcn uran ehtiyac\u0131n\u0131 M\u0259rk\u0259zi Asiya \u00f6lk\u0259l\u0259ri vasit\u0259sil\u0259 Az\u0259rbaycan \u00fcz\u0259rind\u0259n t\u0259min edir v\u0259 ikinci alternativ\u0259 sahib deyil. Bu m\u0259nada biz \u0259n q\u0131sa m\u00fcdd\u0259td\u0259 ixrac\u0131 dayand\u0131rmaqla v\u0259 Az\u0259rbaycandak\u0131 Kanada \u015firk\u0259tl\u0259rinin f\u0259aliyy\u0259tini m\u0259hdudla\u015fd\u0131rmaqla sanksiyan\u0131n hans\u0131 formada oldu\u011funu bu \u00f6lk\u0259y\u0259 ba\u015fa salmal\u0131y\u0131q\u201d.<\/p>\n","protected":false},"excerpt":{"rendered":"<p>\u201cKanada yerli aborigen xalqlar\u0131n soyq\u0131r\u0131m\u0131 n\u0259tic\u0259sind\u0259 cinay\u0259tkar mahiyy\u0259t \u00fcz\u0259rind\u0259 yarad\u0131l\u0131b\u201d. Bunu \u201cReport\u201da a\u00e7\u0131qlamas\u0131nda Milli M\u0259clisin \u00fczv\u00fc B\u0259hruz M\u0259h\u0259rr\u0259mov deyib. Onun s\u00f6zl\u0259rin\u0259 g\u00f6r\u0259, Erm\u0259nistan son y\u00fcz il \u0259rzind\u0259 az\u0259rbaycanl\u0131lara v\u0259 Q\u0259rbi Az\u0259rbaycan \u0259razisind\u0259 ya\u015fayan dig\u0259r azsayl\u0131 etnoslara qar\u015f\u0131 etnik t\u0259mizl\u0259m\u0259 siyas\u0259ti h\u0259yata ke\u00e7irib: \u201cQafqaz kimi \u00e7oxmill\u0259tli bir b\u00f6lg\u0259d\u0259 monoetnik bir d\u00f6vl\u0259t quruldu\u011fu kimi, Kanada da yerli aborigen xalqlar\u0131n soyq\u0131r\u0131m\u0131 n\u0259tic\u0259sind\u0259 cinay\u0259tkar mahiyy\u0259t \u00fcz\u0259rind\u0259 yarad\u0131l\u0131b. Y\u0259ni bu g\u00fcn Kanada v\u0259 Erm\u0259nistan kimi t\u0259m\u0259li cinay\u0259tkarl\u0131qla yo\u011frulmu\u015f subyektl\u0259rin s\u00fclh v\u0259 insanl\u0131q ad\u0131na b\u0259yanatlar verm\u0259si, etnik t\u0259mizl\u0259m\u0259 bar\u0259d\u0259 m\u00fclahiz\u0259 y\u00fcr\u00fctm\u0259si riyakarl\u0131qd\u0131r\u201d. B.M\u0259h\u0259rr\u0259mov bildirib ki, Kanadan\u0131n&hellip;<\/p>\n","protected":false},"author":2,"featured_media":650549,"comment_status":"closed","ping_status":"closed","sticky":false,"template":"","format":"standard","meta":{"om_disable_all_campaigns":false,"_monsterinsights_skip_tracking":false,"_monsterinsights_sitenote_active":false,"_monsterinsights_sitenote_note":"","_monsterinsights_sitenote_category":0},"categories":[4],"tags":[],"aioseo_notices":[],"gutentor_comment":0,"rttpg_featured_image_url":{"full":["https:\/\/arantv.az\/wp-content\/uploads\/2023\/10\/0878e581-1e4f-3b86-b786-dca93fab112c_850.jpg",620,413,false],"landscape":["https:\/\/arantv.az\/wp-content\/uploads\/2023\/10\/0878e581-1e4f-3b86-b786-dca93fab112c_850.jpg",620,413,false],"portraits":["https:\/\/arantv.az\/wp-content\/uploads\/2023\/10\/0878e581-1e4f-3b86-b786-dca93fab112c_850.jpg",620,413,false],"thumbnail":["https:\/\/arantv.az\/wp-content\/uploads\/2023\/10\/0878e581-1e4f-3b86-b786-dca93fab112c_850-500x280.jpg",500,280,true],"medium":["https:\/\/arantv.az\/wp-content\/uploads\/2023\/10\/0878e581-1e4f-3b86-b786-dca93fab112c_850-548x365.jpg",548,365,true],"large":["https:\/\/arantv.az\/wp-content\/uploads\/2023\/10\/0878e581-1e4f-3b86-b786-dca93fab112c_850.jpg",620,413,false],"1536x1536":["https:\/\/arantv.az\/wp-content\/uploads\/2023\/10\/0878e581-1e4f-3b86-b786-dca93fab112c_850.jpg",620,413,false],"2048x2048":["https:\/\/arantv.az\/wp-content\/uploads\/2023\/10\/0878e581-1e4f-3b86-b786-dca93fab112c_850.jpg",620,413,false],"post-thumbnail":["https:\/\/arantv.az\/wp-content\/uploads\/2023\/10\/0878e581-1e4f-3b86-b786-dca93fab112c_850-240x172.jpg",240,172,true],"advps-thumb-one":["https:\/\/arantv.az\/wp-content\/uploads\/2023\/10\/0878e581-1e4f-3b86-b786-dca93fab112c_850.jpg",620,413,false]},"rttpg_author":{"display_name":"V\u00fcsal Rafiqo\u011flu","author_link":"https:\/\/arantv.az\/?author=2"},"rttpg_comment":0,"rttpg_category":"<a href=\"https:\/\/arantv.az\/?cat=4\" rel=\"category\">Siyas\u0259t<\/a>","rttpg_excerpt":"\u201cKanada yerli aborigen xalqlar\u0131n soyq\u0131r\u0131m\u0131 n\u0259tic\u0259sind\u0259 cinay\u0259tkar mahiyy\u0259t \u00fcz\u0259rind\u0259 yarad\u0131l\u0131b\u201d. Bunu \u201cReport\u201da a\u00e7\u0131qlamas\u0131nda Milli M\u0259clisin \u00fczv\u00fc B\u0259hruz M\u0259h\u0259rr\u0259mov deyib. Onun s\u00f6zl\u0259rin\u0259 g\u00f6r\u0259, Erm\u0259nistan son y\u00fcz il \u0259rzind\u0259 az\u0259rbaycanl\u0131lara v\u0259 Q\u0259rbi Az\u0259rbaycan \u0259razisind\u0259 ya\u015fayan dig\u0259r azsayl\u0131 etnoslara qar\u015f\u0131 etnik t\u0259mizl\u0259m\u0259 siyas\u0259ti h\u0259yata ke\u00e7irib: \u201cQafqaz kimi \u00e7oxmill\u0259tli bir b\u00f6lg\u0259d\u0259 monoetnik bir d\u00f6vl\u0259t quruldu\u011fu kimi, Kanada da yerli&hellip;","_links":{"self":[{"href":"https:\/\/arantv.az\/index.php?rest_route=\/wp\/v2\/posts\/650545"}],"collection":[{"href":"https:\/\/arantv.az\/index.php?rest_route=\/wp\/v2\/posts"}],"about":[{"href":"https:\/\/arantv.az\/index.php?rest_route=\/wp\/v2\/types\/post"}],"author":[{"embeddable":true,"href":"https:\/\/arantv.az\/index.php?rest_route=\/wp\/v2\/users\/2"}],"replies":[{"embeddable":true,"href":"https:\/\/arantv.az\/index.php?rest_route=%2Fwp%2Fv2%2Fcomments&post=650545"}],"version-history":[{"count":0,"href":"https:\/\/arantv.az\/index.php?rest_route=\/wp\/v2\/posts\/650545\/revisions"}],"wp:featuredmedia":[{"embeddable":true,"href":"https:\/\/arantv.az\/index.php?rest_route=\/wp\/v2\/media\/650549"}],"wp:attachment":[{"href":"https:\/\/arantv.az\/index.php?rest_route=%2Fwp%2Fv2%2Fmedia&parent=650545"}],"wp:term":[{"taxonomy":"category","embeddable":true,"href":"https:\/\/arantv.az\/index.php?rest_route=%2Fwp%2Fv2%2Fcategories&post=650545"},{"taxonomy":"post_tag","embeddable":true,"href":"https:\/\/arantv.az\/index.php?rest_route=%2Fwp%2Fv2%2Ftags&post=650545"}],"curies":[{"name":"wp","href":"https:\/\/api.w.org\/{rel}","templated":true}]}}