{"id":650562,"date":"2023-10-28T20:56:38","date_gmt":"2023-10-28T16:56:38","guid":{"rendered":"https:\/\/arantv.az\/?p=650562"},"modified":"2023-10-28T20:56:38","modified_gmt":"2023-10-28T16:56:38","slug":"israil-turkiy%c9%99d%c9%99ki-diplomatlarini-geri-cagirir","status":"publish","type":"post","link":"https:\/\/arantv.az\/?p=650562","title":{"rendered":"\u0130srail T\u00fcrkiy\u0259d\u0259ki diplomatlar\u0131n\u0131 geri \u00e7a\u011f\u0131r\u0131r"},"content":{"rendered":"<p>\u0130srail T\u00fcrkiy\u0259 siyasi r\u0259hb\u0259rliyinin, x\u00fcsus\u0259n d\u0259 \u00f6lk\u0259 Prezidenti R\u0259c\u0259b Tayyib \u018frdo\u011fan\u0131n son b\u0259yanatlar\u0131 fonunda ikit\u0259r\u0259fli m\u00fcnasib\u0259tl\u0259ri yenid\u0259n qiym\u0259tl\u0259ndirm\u0259k \u00fc\u00e7\u00fcn T\u00fcrkiy\u0259d\u0259n diplomatlar\u0131n\u0131 geri \u00e7a\u011f\u0131r\u0131r.<\/p>\n<p>Bunu \u0130srailin xarici i\u015fl\u0259r naziri Eli Koen deyib.<\/p>\n<p>\u201cT\u00fcrkiy\u0259nin b\u0259yanatlar\u0131n\u0131n k\u0259skinl\u0259\u015fm\u0259si fonunda m\u0259n \u0130srail-T\u00fcrkiy\u0259 m\u00fcnasib\u0259tl\u0259rini yenid\u0259n qiym\u0259tl\u0259ndirm\u0259k \u00fc\u00e7\u00fcn diplomatik n\u00fcmay\u0259nd\u0259l\u0259rimizi T\u00fcrkiy\u0259d\u0259n geri \u00e7a\u011f\u0131rmaq bar\u0259d\u0259 g\u00f6st\u0259ri\u015f verdim\u201d, &#8211; dey\u0259 nazir bildirib.<\/p>\n<p>Qeyd ed\u0259k ki, T\u00fcrkiy\u0259 Prezidenti R\u0259c\u0259b Tayyib \u018frdo\u011fan \u0130stanbulda ke\u00e7iril\u0259n mitinqd\u0259 \u00e7\u0131x\u0131\u015f\u0131 zaman\u0131 \u0130srailin Q\u0259zza il\u0259 ba\u011fl\u0131 add\u0131mlar\u0131n\u0131 k\u0259skin t\u0259nqid edib.<\/p>\n<p>M\u0259nb\u0259: TASS<\/p>\n","protected":false},"excerpt":{"rendered":"<p>\u0130srail T\u00fcrkiy\u0259 siyasi r\u0259hb\u0259rliyinin, x\u00fcsus\u0259n d\u0259 \u00f6lk\u0259 Prezidenti R\u0259c\u0259b Tayyib \u018frdo\u011fan\u0131n son b\u0259yanatlar\u0131 fonunda ikit\u0259r\u0259fli m\u00fcnasib\u0259tl\u0259ri yenid\u0259n qiym\u0259tl\u0259ndirm\u0259k \u00fc\u00e7\u00fcn T\u00fcrkiy\u0259d\u0259n diplomatlar\u0131n\u0131 geri \u00e7a\u011f\u0131r\u0131r. Bunu \u0130srailin xarici i\u015fl\u0259r naziri Eli Koen deyib. \u201cT\u00fcrkiy\u0259nin b\u0259yanatlar\u0131n\u0131n k\u0259skinl\u0259\u015fm\u0259si fonunda m\u0259n \u0130srail-T\u00fcrkiy\u0259 m\u00fcnasib\u0259tl\u0259rini yenid\u0259n qiym\u0259tl\u0259ndirm\u0259k \u00fc\u00e7\u00fcn diplomatik n\u00fcmay\u0259nd\u0259l\u0259rimizi T\u00fcrkiy\u0259d\u0259n geri \u00e7a\u011f\u0131rmaq bar\u0259d\u0259 g\u00f6st\u0259ri\u015f verdim\u201d, &#8211; dey\u0259 nazir bildirib. Qeyd ed\u0259k ki, T\u00fcrkiy\u0259 Prezidenti R\u0259c\u0259b Tayyib \u018frdo\u011fan \u0130stanbulda ke\u00e7iril\u0259n mitinqd\u0259 \u00e7\u0131x\u0131\u015f\u0131 zaman\u0131 \u0130srailin Q\u0259zza il\u0259 ba\u011fl\u0131 add\u0131mlar\u0131n\u0131 k\u0259skin t\u0259nqid edib. M\u0259nb\u0259: TASS<\/p>\n","protected":false},"author":2,"featured_media":650564,"comment_status":"closed","ping_status":"closed","sticky":false,"template":"","format":"standard","meta":{"om_disable_all_campaigns":false,"_monsterinsights_skip_tracking":false,"_monsterinsights_sitenote_active":false,"_monsterinsights_sitenote_note":"","_monsterinsights_sitenote_category":0},"categories":[7],"tags":[],"aioseo_notices":[],"gutentor_comment":0,"rttpg_featured_image_url":{"full":["https:\/\/arantv.az\/wp-content\/uploads\/2023\/10\/FotoJet-2022-02-12T185352.249.jpg",620,413,false],"landscape":["https:\/\/arantv.az\/wp-content\/uploads\/2023\/10\/FotoJet-2022-02-12T185352.249.jpg",620,413,false],"portraits":["https:\/\/arantv.az\/wp-content\/uploads\/2023\/10\/FotoJet-2022-02-12T185352.249.jpg",620,413,false],"thumbnail":["https:\/\/arantv.az\/wp-content\/uploads\/2023\/10\/FotoJet-2022-02-12T185352.249-500x280.jpg",500,280,true],"medium":["https:\/\/arantv.az\/wp-content\/uploads\/2023\/10\/FotoJet-2022-02-12T185352.249-548x365.jpg",548,365,true],"large":["https:\/\/arantv.az\/wp-content\/uploads\/2023\/10\/FotoJet-2022-02-12T185352.249.jpg",620,413,false],"1536x1536":["https:\/\/arantv.az\/wp-content\/uploads\/2023\/10\/FotoJet-2022-02-12T185352.249.jpg",620,413,false],"2048x2048":["https:\/\/arantv.az\/wp-content\/uploads\/2023\/10\/FotoJet-2022-02-12T185352.249.jpg",620,413,false],"post-thumbnail":["https:\/\/arantv.az\/wp-content\/uploads\/2023\/10\/FotoJet-2022-02-12T185352.249-240x172.jpg",240,172,true],"advps-thumb-one":["https:\/\/arantv.az\/wp-content\/uploads\/2023\/10\/FotoJet-2022-02-12T185352.249.jpg",620,413,false]},"rttpg_author":{"display_name":"V\u00fcsal Rafiqo\u011flu","author_link":"https:\/\/arantv.az\/?author=2"},"rttpg_comment":0,"rttpg_category":"<a href=\"https:\/\/arantv.az\/?cat=7\" rel=\"category\">D\u00fcnya<\/a>","rttpg_excerpt":"\u0130srail T\u00fcrkiy\u0259 siyasi r\u0259hb\u0259rliyinin, x\u00fcsus\u0259n d\u0259 \u00f6lk\u0259 Prezidenti R\u0259c\u0259b Tayyib \u018frdo\u011fan\u0131n son b\u0259yanatlar\u0131 fonunda ikit\u0259r\u0259fli m\u00fcnasib\u0259tl\u0259ri yenid\u0259n qiym\u0259tl\u0259ndirm\u0259k \u00fc\u00e7\u00fcn T\u00fcrkiy\u0259d\u0259n diplomatlar\u0131n\u0131 geri \u00e7a\u011f\u0131r\u0131r. Bunu \u0130srailin xarici i\u015fl\u0259r naziri Eli Koen deyib. \u201cT\u00fcrkiy\u0259nin b\u0259yanatlar\u0131n\u0131n k\u0259skinl\u0259\u015fm\u0259si fonunda m\u0259n \u0130srail-T\u00fcrkiy\u0259 m\u00fcnasib\u0259tl\u0259rini yenid\u0259n qiym\u0259tl\u0259ndirm\u0259k \u00fc\u00e7\u00fcn diplomatik n\u00fcmay\u0259nd\u0259l\u0259rimizi T\u00fcrkiy\u0259d\u0259n geri \u00e7a\u011f\u0131rmaq bar\u0259d\u0259 g\u00f6st\u0259ri\u015f verdim\u201d, &#8211; dey\u0259 nazir bildirib. Qeyd ed\u0259k&hellip;","_links":{"self":[{"href":"https:\/\/arantv.az\/index.php?rest_route=\/wp\/v2\/posts\/650562"}],"collection":[{"href":"https:\/\/arantv.az\/index.php?rest_route=\/wp\/v2\/posts"}],"about":[{"href":"https:\/\/arantv.az\/index.php?rest_route=\/wp\/v2\/types\/post"}],"author":[{"embeddable":true,"href":"https:\/\/arantv.az\/index.php?rest_route=\/wp\/v2\/users\/2"}],"replies":[{"embeddable":true,"href":"https:\/\/arantv.az\/index.php?rest_route=%2Fwp%2Fv2%2Fcomments&post=650562"}],"version-history":[{"count":0,"href":"https:\/\/arantv.az\/index.php?rest_route=\/wp\/v2\/posts\/650562\/revisions"}],"wp:featuredmedia":[{"embeddable":true,"href":"https:\/\/arantv.az\/index.php?rest_route=\/wp\/v2\/media\/650564"}],"wp:attachment":[{"href":"https:\/\/arantv.az\/index.php?rest_route=%2Fwp%2Fv2%2Fmedia&parent=650562"}],"wp:term":[{"taxonomy":"category","embeddable":true,"href":"https:\/\/arantv.az\/index.php?rest_route=%2Fwp%2Fv2%2Fcategories&post=650562"},{"taxonomy":"post_tag","embeddable":true,"href":"https:\/\/arantv.az\/index.php?rest_route=%2Fwp%2Fv2%2Ftags&post=650562"}],"curies":[{"name":"wp","href":"https:\/\/api.w.org\/{rel}","templated":true}]}}