{"id":650563,"date":"2023-10-28T20:56:36","date_gmt":"2023-10-28T16:56:36","guid":{"rendered":"https:\/\/arantv.az\/?p=650563"},"modified":"2023-10-28T20:56:36","modified_gmt":"2023-10-28T16:56:36","slug":"q%c9%99rbi-az%c9%99rbaycan-xronikasi-bayandur-xanin-m%c9%99zari-yerl%c9%99s%c9%99n-toxluca-k%c9%99ndi-foto-video","status":"publish","type":"post","link":"https:\/\/arantv.az\/?p=650563","title":{"rendered":"Q\u0259rbi Az\u0259rbaycan Xronikas\u0131: Bayandur xan\u0131n m\u0259zar\u0131 yerl\u0259\u015f\u0259n Toxluca k\u0259ndi &#8211; FOTO\/V\u0130DEO"},"content":{"rendered":"<h2>Q\u0259rbi Az\u0259rbaycan Xronikas\u0131 layih\u0259si \u00e7\u0259r\u00e7iv\u0259sind\u0259 s\u0259n\u0259t\u015f\u00fcnasl\u0131q \u00fczr\u0259 f\u0259ls\u0259f\u0259 doktoru El\u00e7in \u018flib\u0259ylinin t\u0259qdimat\u0131nda G\u00f6y\u00e7\u0259 mahal\u0131, \u00c7\u0259mb\u0259r\u0259k b\u00f6lg\u0259si, Toxluca k\u0259ndi haqq\u0131nda x\u00fcsusi burax\u0131l\u0131\u015f haz\u0131rlan\u0131b.<\/h2>\n<p>Verili\u015fd\u0259 Toxluca k\u0259ndinin tarixind\u0259n, yerl\u0259\u015fdiyi co\u011frafi \u0259razid\u0259n s\u00f6hb\u0259t a\u00e7\u0131l\u0131b. Bildirilib ki, Toxluca \u0259razisinin \u00e7ox hiss\u0259sini da\u011f\u0259t\u0259yi yamaclar, t\u0259bii-tarixi, el\u0259c\u0259 d\u0259 vulkanik v\u0259 tektonik m\u0259n\u015f\u0259li da\u011flar t\u0259\u015fkil edir. Bu k\u0259nd Ki\u00e7ik Qafqaz\u0131n m\u00fch\u00fcm geomorfoloji vahidl\u0259rind\u0259n biri olan Ki\u00e7ik Qafqaz s\u0131ra da\u011flar\u0131n\u0131n G\u00f6y\u00e7\u0259 silsil\u0259sind\u0259, d\u0259niz s\u0259viyy\u0259sind\u0259n 2100 metr y\u00fcks\u0259klikd\u0259 yerl\u0259\u015fir. Qeyd olunub ki, yayda da\u011flar\u0131 \u00e7\u0259n-\u00e7iskinli, g\u00fcl-\u00e7i\u00e7\u0259kli \u00e7\u0259m\u0259nl\u0259ri \u015fehli olan, saf sulu buz bulaqlar\u0131, min bir d\u0259rdin d\u0259rman\u0131 say\u0131lan bitkil\u0259ri, t\u0259miz da\u011f havas\u0131, yayla v\u0259 yamacdan ibar\u0259t t\u0259bi\u0259t m\u00f6c\u00fcz\u0259si il\u0259 m\u0259\u015fhur Toxluca Q\u0259rbi Az\u0259rbaycan\u0131n \u0259n iri ya\u015fay\u0131\u015f m\u0259sk\u0259nl\u0259rind\u0259n biridir.<\/p>\n<p>Verili\u015fd\u0259 Toxluca k\u0259ndinin ad\u0259tl\u0259rind\u0259n, m\u0259tb\u0259xind\u0259n, m\u0259d\u0259niyy\u0259tind\u0259n d\u0259 dan\u0131\u015f\u0131l\u0131b. Bayandur xan\u0131n m\u0259zar\u0131n\u0131n bu k\u0259ndd\u0259 oldu\u011fu qeyd olunub. Q\u0259birl\u0259rin \u00fcz\u0259rind\u0259ki ay i\u015far\u0259sinin \u0259sl m\u0259nas\u0131, k\u0259ndd\u0259ki kurqanlar\u0131n kiml\u0259r\u0259 m\u0259xsus oldu\u011fu diqq\u0259t\u0259 \u00e7atd\u0131r\u0131l\u0131b. Q\u0259rbi Az\u0259rbaycan\u0131n b\u00fct\u00fcn ya\u015fay\u0131\u015f m\u0259nt\u0259q\u0259l\u0259rind\u0259 oldu\u011fu kimi Toxlucada ya\u015fayan soyda\u015flar\u0131m\u0131z\u0131n da deportasiyaya m\u0259ruz qald\u0131\u011f\u0131, k\u00f6\u00e7 karvan\u0131 k\u0259ndd\u0259n \u00e7\u0131xark\u0259n erm\u0259nil\u0259r t\u0259r\u0259find\u0259n at\u0259\u015f\u0259 tutuldu\u011fu, h\u0259m\u00e7inin erm\u0259nil\u0259rin yollar\u0131 ba\u011flayaraq Toxluca \u0259halisini \u0259sir g\u00f6t\u00fcrm\u0259k ist\u0259m\u0259si, 35 ildir atalar\u0131n\u0131n m\u0259zar\u0131n\u0131 g\u00f6r\u0259 bilm\u0259y\u0259n, ziyar\u0259t etm\u0259y\u0259n bac\u0131-qarda\u015flar\u0131n ac\u0131 f\u0259ryadlar\u0131 tama\u015fa\u00e7\u0131lar\u0131n diqq\u0259tin\u0259 \u00e7atd\u0131r\u0131l\u0131b.<\/p>\n<p>Xat\u0131rladaq ki, Q\u0259rbi Az\u0259rbaycan Xronikas\u0131 layih\u0259sinin m\u0259qs\u0259di tarixi torpaqlar\u0131m\u0131z\u0131n ad\u0131n\u0131n ya\u015fad\u0131lmas\u0131, tan\u0131d\u0131lmas\u0131, h\u0259m\u00e7inin az\u0259rbaycanl\u0131lar\u0131n erm\u0259nil\u0259r t\u0259r\u0259find\u0259n deportasiyaya m\u0259ruz qoyulmas\u0131ndan, h\u0259min \u0259razil\u0259rd\u0259 m\u00f6vcud olmu\u015f, lakin ad\u0131 silin\u0259n toponiml\u0259rin, says\u0131z-hesabs\u0131z yeralt\u0131 v\u0259 yer\u00fcst\u00fc maddi m\u0259d\u0259niyy\u0259t n\u00fcmun\u0259l\u0259ri &#8211; q\u0259dim ya\u015fay\u0131\u015f m\u0259sk\u0259nl\u0259ri, nekropollar, kurqanlar, qala, saray v\u0259 istehkam qal\u0131qlar\u0131, karvansaralar, k\u00f6rp\u00fcl\u0259r, q\u0259bir\u00fcst\u00fc s\u0259nduq\u0259l\u0259r, xa\u00e7da\u015flar, at-qo\u00e7 heyk\u0259ll\u0259ri, m\u0259b\u0259d, kils\u0259, m\u0259scid, pir v\u0259 ocaqlar\u0131n \u00fcz\u0259 \u00e7\u0131xar\u0131lmas\u0131, h\u0259min \u0259razinin t\u0259miz o\u011fuz-t\u00fcrk m\u0259sk\u0259nl\u0259ri oldu\u011funu t\u0259sdiq ed\u0259n faktlar\u0131n d\u00fcnya ictimaiyy\u0259tin\u0259 \u00e7atd\u0131r\u0131lmas\u0131d\u0131r.<\/p>\n<p>H\u0259m\u00e7inin Prezident\u00a0<strong>\u0130lham \u018fliyevin<\/strong>\u00a0Q\u0259rbi Az\u0259rbaycanla ba\u011fl\u0131 dediyi \u201cXX \u0259srin \u0259vv\u0259ll\u0259rin\u0259 t\u0259sad\u00fcf ed\u0259n x\u0259rit\u0259 bir daha onu g\u00f6st\u0259rir ki, Q\u0259rbi Az\u0259rbaycan tarixi Az\u0259rbaycan diyar\u0131d\u0131r, \u015f\u0259h\u0259rl\u0259rin, k\u0259ndl\u0259rin adlar\u0131 Az\u0259rbaycan m\u0259n\u015f\u0259lidir v\u0259 biz yax\u015f\u0131 bilirik ki, indiki Erm\u0259nistan \u0259razisind\u0259 tarix boyu Az\u0259rbaycan xalq\u0131 ya\u015fay\u0131b. \u0130ndi \u0259sas v\u0259zif\u0259 ondan ibar\u0259tdir ki, d\u00fcnya ictimaiyy\u0259ti d\u0259 bunu bilsin\u201d, &#8211; fikrini \u0259sas tutaraq, Q\u0259rbi Az\u0259rbaycan \u0130cmas\u0131n\u0131n haz\u0131rlad\u0131\u011f\u0131 Qay\u0131d\u0131\u015f Konsepsiyas\u0131ndan ir\u0259li g\u0259l\u0259n v\u0259zif\u0259l\u0259rin t\u0259bli\u011fidir.<\/p>\n<p>Bundan \u0259lav\u0259, Q\u0259rbi Az\u0259rbaycanla ba\u011fl\u0131 tarix\u00e7il\u0259rin, ara\u015fd\u0131rma\u00e7\u0131lar\u0131n d\u00fc\u015f\u00fcnc\u0259l\u0259rini, deportasiyaya m\u0259ruz qalm\u0131\u015f \u015f\u0259xsl\u0259rin h\u0259yat hekay\u0259sini i\u015f\u0131qland\u0131rmaqd\u0131r.<\/p>\n<p>Verili\u015f oktyabr\u0131n 28-d\u0259 saat 19:30-da \u201cBaku TV\u201dnin efirind\u0259 v\u0259 yutub kanal\u0131nda yay\u0131mlan\u0131b.<\/p>\n<div><iframe loading=\"lazy\" title=\"YouTube video player\" src=\"https:\/\/www.youtube.com\/embed\/2lHjKQLFW0A?si=Dp8f4mF69YaVAx75\" width=\"560\" height=\"315\" frameborder=\"0\" allowfullscreen=\"allowfullscreen\" data-mce-fragment=\"1\"><\/iframe><\/div>\n<p>&nbsp;<\/p>\n<div class=\"gallery\">\n<div class=\"gallery-i\"><img src=\"https:\/\/cdn.oxu.az\/uploads\/W1siZiIsIjIwMjMvMTAvMjgvMTkvMzEvMjEvMzdmOGQ2NDctZDJhNi00NTM5LWEyZTUtMzNiN2JlMjI2M2Q2L2ExLmpwZWciXSxbInAiLCJlbmNvZGUiLCJqcGciLCItcXVhbGl0eSA4MCJdLFsicCIsInRodW1iIiwiNTkweDU5MFx1MDAzZSJdXQ?sha=3d048053cc719496\" alt=\"\" \/><\/p>\n<div class=\"gallery-i-caption\"><\/div>\n<\/div>\n<div class=\"gallery-i\"><img src=\"https:\/\/cdn.oxu.az\/uploads\/W1siZiIsIjIwMjMvMTAvMjgvMTkvMzEvMjEvY2I2YTI3YWQtMWZjOC00ZTM2LThkNjUtNTAzZjcxYjM3M2I2L2EyLmpwZWciXSxbInAiLCJlbmNvZGUiLCJqcGciLCItcXVhbGl0eSA4MCJdLFsicCIsInRodW1iIiwiNTkweDU5MFx1MDAzZSJdXQ?sha=ba8c5d207e7e00ce\" alt=\"\" \/><\/p>\n<div class=\"gallery-i-caption\"><\/div>\n<\/div>\n<div class=\"gallery-i\"><img src=\"https:\/\/cdn.oxu.az\/uploads\/W1siZiIsIjIwMjMvMTAvMjgvMTkvMzEvMjEvNDY3YmIzMTAtZWVkZi00YzY2LTg5YzAtZGIzMWY4MjFkNTM2L2EzLmpwZWciXSxbInAiLCJlbmNvZGUiLCJqcGciLCItcXVhbGl0eSA4MCJdLFsicCIsInRodW1iIiwiNTkweDU5MFx1MDAzZSJdXQ?sha=8992f11d0a79388e\" alt=\"\" \/><\/p>\n<div class=\"gallery-i-caption\"><\/div>\n<\/div>\n<div class=\"gallery-i\"><img src=\"https:\/\/cdn.oxu.az\/uploads\/W1siZiIsIjIwMjMvMTAvMjgvMTkvMzEvMjEvZDMxM2QxZDctOGU2Yi00NjkxLThhODQtN2JhNTBkZTcwMzYwL2E0LmpwZWciXSxbInAiLCJlbmNvZGUiLCJqcGciLCItcXVhbGl0eSA4MCJdLFsicCIsInRodW1iIiwiNTkweDU5MFx1MDAzZSJdXQ?sha=b0b967d1f9193682\" alt=\"\" \/><\/p>\n<div class=\"gallery-i-caption\"><\/div>\n<\/div>\n<div class=\"gallery-i\"><img src=\"https:\/\/cdn.oxu.az\/uploads\/W1siZiIsIjIwMjMvMTAvMjgvMTkvMzEvMjEvN2NjMDhkZTctMWI3Ny00NDJlLTlmM2ItZDk5ZTU2NDdjMjIwL2E1LmpwZWciXSxbInAiLCJlbmNvZGUiLCJqcGciLCItcXVhbGl0eSA4MCJdLFsicCIsInRodW1iIiwiNTkweDU5MFx1MDAzZSJdXQ?sha=559e39c4cb66a0c2\" alt=\"\" \/><\/p>\n<div class=\"gallery-i-caption\"><\/div>\n<\/div>\n<div class=\"gallery-i\"><img src=\"https:\/\/cdn.oxu.az\/uploads\/W1siZiIsIjIwMjMvMTAvMjgvMTkvMzEvMjIvZjcyNmQxNDEtYmMyOC00YzE2LWEwZDYtNGQwZTE4ZmI3ZWJiL2E2LmpwZWciXSxbInAiLCJlbmNvZGUiLCJqcGciLCItcXVhbGl0eSA4MCJdLFsicCIsInRodW1iIiwiNTkweDU5MFx1MDAzZSJdXQ?sha=40e7adde94f06c8c\" alt=\"\" \/><\/p>\n<div class=\"gallery-i-caption\"><\/div>\n<\/div>\n<div class=\"gallery-i\"><img src=\"https:\/\/cdn.oxu.az\/uploads\/W1siZiIsIjIwMjMvMTAvMjgvMTkvMzEvMjIvYjJjMzg1M2UtNmQ1ZC00ZTg3LTk0YzgtZmY1NWNhYTZlM2ViL2E3LmpwZWciXSxbInAiLCJlbmNvZGUiLCJqcGciLCItcXVhbGl0eSA4MCJdLFsicCIsInRodW1iIiwiNTkweDU5MFx1MDAzZSJdXQ?sha=fb75a643eea64edf\" alt=\"\" \/><\/p>\n<div class=\"gallery-i-caption\"><\/div>\n<\/div>\n<div class=\"gallery-i\"><img src=\"https:\/\/cdn.oxu.az\/uploads\/W1siZiIsIjIwMjMvMTAvMjgvMTkvMzEvMjIvMDZhNDk0NjUtNDFlNS00ZWE4LWExOGYtNGM1ZWNiYzgyOTAzL2E4LmpwZWciXSxbInAiLCJlbmNvZGUiLCJqcGciLCItcXVhbGl0eSA4MCJdLFsicCIsInRodW1iIiwiNTkweDU5MFx1MDAzZSJdXQ?sha=00f53eb92cbd94bc\" alt=\"\" \/><\/div>\n<\/div>\n","protected":false},"excerpt":{"rendered":"<p>Q\u0259rbi Az\u0259rbaycan Xronikas\u0131 layih\u0259si \u00e7\u0259r\u00e7iv\u0259sind\u0259 s\u0259n\u0259t\u015f\u00fcnasl\u0131q \u00fczr\u0259 f\u0259ls\u0259f\u0259 doktoru El\u00e7in \u018flib\u0259ylinin t\u0259qdimat\u0131nda G\u00f6y\u00e7\u0259 mahal\u0131, \u00c7\u0259mb\u0259r\u0259k b\u00f6lg\u0259si, Toxluca k\u0259ndi haqq\u0131nda x\u00fcsusi burax\u0131l\u0131\u015f haz\u0131rlan\u0131b. Verili\u015fd\u0259 Toxluca k\u0259ndinin tarixind\u0259n, yerl\u0259\u015fdiyi co\u011frafi \u0259razid\u0259n s\u00f6hb\u0259t a\u00e7\u0131l\u0131b. Bildirilib ki, Toxluca \u0259razisinin \u00e7ox hiss\u0259sini da\u011f\u0259t\u0259yi yamaclar, t\u0259bii-tarixi, el\u0259c\u0259 d\u0259 vulkanik v\u0259 tektonik m\u0259n\u015f\u0259li da\u011flar t\u0259\u015fkil edir. Bu k\u0259nd Ki\u00e7ik Qafqaz\u0131n m\u00fch\u00fcm geomorfoloji vahidl\u0259rind\u0259n biri olan Ki\u00e7ik Qafqaz s\u0131ra da\u011flar\u0131n\u0131n G\u00f6y\u00e7\u0259 silsil\u0259sind\u0259, d\u0259niz s\u0259viyy\u0259sind\u0259n 2100 metr y\u00fcks\u0259klikd\u0259 yerl\u0259\u015fir. Qeyd olunub ki, yayda da\u011flar\u0131 \u00e7\u0259n-\u00e7iskinli, g\u00fcl-\u00e7i\u00e7\u0259kli \u00e7\u0259m\u0259nl\u0259ri \u015fehli olan, saf sulu buz bulaqlar\u0131, min bir d\u0259rdin d\u0259rman\u0131 say\u0131lan bitkil\u0259ri,&hellip;<\/p>\n","protected":false},"author":2,"featured_media":650565,"comment_status":"closed","ping_status":"closed","sticky":false,"template":"","format":"standard","meta":{"om_disable_all_campaigns":false,"_monsterinsights_skip_tracking":false,"_monsterinsights_sitenote_active":false,"_monsterinsights_sitenote_note":"","_monsterinsights_sitenote_category":0},"categories":[4],"tags":[],"aioseo_notices":[],"gutentor_comment":0,"rttpg_featured_image_url":{"full":["https:\/\/arantv.az\/wp-content\/uploads\/2023\/10\/FotoJet-2-16.jpg",620,413,false],"landscape":["https:\/\/arantv.az\/wp-content\/uploads\/2023\/10\/FotoJet-2-16.jpg",620,413,false],"portraits":["https:\/\/arantv.az\/wp-content\/uploads\/2023\/10\/FotoJet-2-16.jpg",620,413,false],"thumbnail":["https:\/\/arantv.az\/wp-content\/uploads\/2023\/10\/FotoJet-2-16-500x280.jpg",500,280,true],"medium":["https:\/\/arantv.az\/wp-content\/uploads\/2023\/10\/FotoJet-2-16-548x365.jpg",548,365,true],"large":["https:\/\/arantv.az\/wp-content\/uploads\/2023\/10\/FotoJet-2-16.jpg",620,413,false],"1536x1536":["https:\/\/arantv.az\/wp-content\/uploads\/2023\/10\/FotoJet-2-16.jpg",620,413,false],"2048x2048":["https:\/\/arantv.az\/wp-content\/uploads\/2023\/10\/FotoJet-2-16.jpg",620,413,false],"post-thumbnail":["https:\/\/arantv.az\/wp-content\/uploads\/2023\/10\/FotoJet-2-16-240x172.jpg",240,172,true],"advps-thumb-one":["https:\/\/arantv.az\/wp-content\/uploads\/2023\/10\/FotoJet-2-16.jpg",620,413,false]},"rttpg_author":{"display_name":"V\u00fcsal Rafiqo\u011flu","author_link":"https:\/\/arantv.az\/?author=2"},"rttpg_comment":0,"rttpg_category":"<a href=\"https:\/\/arantv.az\/?cat=4\" rel=\"category\">Siyas\u0259t<\/a>","rttpg_excerpt":"Q\u0259rbi Az\u0259rbaycan Xronikas\u0131 layih\u0259si \u00e7\u0259r\u00e7iv\u0259sind\u0259 s\u0259n\u0259t\u015f\u00fcnasl\u0131q \u00fczr\u0259 f\u0259ls\u0259f\u0259 doktoru El\u00e7in \u018flib\u0259ylinin t\u0259qdimat\u0131nda G\u00f6y\u00e7\u0259 mahal\u0131, \u00c7\u0259mb\u0259r\u0259k b\u00f6lg\u0259si, Toxluca k\u0259ndi haqq\u0131nda x\u00fcsusi burax\u0131l\u0131\u015f haz\u0131rlan\u0131b. Verili\u015fd\u0259 Toxluca k\u0259ndinin tarixind\u0259n, yerl\u0259\u015fdiyi co\u011frafi \u0259razid\u0259n s\u00f6hb\u0259t a\u00e7\u0131l\u0131b. Bildirilib ki, Toxluca \u0259razisinin \u00e7ox hiss\u0259sini da\u011f\u0259t\u0259yi yamaclar, t\u0259bii-tarixi, el\u0259c\u0259 d\u0259 vulkanik v\u0259 tektonik m\u0259n\u015f\u0259li da\u011flar t\u0259\u015fkil edir. Bu k\u0259nd Ki\u00e7ik Qafqaz\u0131n m\u00fch\u00fcm geomorfoloji&hellip;","_links":{"self":[{"href":"https:\/\/arantv.az\/index.php?rest_route=\/wp\/v2\/posts\/650563"}],"collection":[{"href":"https:\/\/arantv.az\/index.php?rest_route=\/wp\/v2\/posts"}],"about":[{"href":"https:\/\/arantv.az\/index.php?rest_route=\/wp\/v2\/types\/post"}],"author":[{"embeddable":true,"href":"https:\/\/arantv.az\/index.php?rest_route=\/wp\/v2\/users\/2"}],"replies":[{"embeddable":true,"href":"https:\/\/arantv.az\/index.php?rest_route=%2Fwp%2Fv2%2Fcomments&post=650563"}],"version-history":[{"count":0,"href":"https:\/\/arantv.az\/index.php?rest_route=\/wp\/v2\/posts\/650563\/revisions"}],"wp:featuredmedia":[{"embeddable":true,"href":"https:\/\/arantv.az\/index.php?rest_route=\/wp\/v2\/media\/650565"}],"wp:attachment":[{"href":"https:\/\/arantv.az\/index.php?rest_route=%2Fwp%2Fv2%2Fmedia&parent=650563"}],"wp:term":[{"taxonomy":"category","embeddable":true,"href":"https:\/\/arantv.az\/index.php?rest_route=%2Fwp%2Fv2%2Fcategories&post=650563"},{"taxonomy":"post_tag","embeddable":true,"href":"https:\/\/arantv.az\/index.php?rest_route=%2Fwp%2Fv2%2Ftags&post=650563"}],"curies":[{"name":"wp","href":"https:\/\/api.w.org\/{rel}","templated":true}]}}