{"id":650576,"date":"2023-10-29T09:13:27","date_gmt":"2023-10-29T05:13:27","guid":{"rendered":"https:\/\/arantv.az\/?p=650576"},"modified":"2023-10-29T09:13:27","modified_gmt":"2023-10-29T05:13:27","slug":"valideynl%c9%99r-niy%c9%99-ovladlarini-internat-m%c9%99kt%c9%99bl%c9%99rin%c9%99-gond%c9%99rirl%c9%99r-video","status":"publish","type":"post","link":"https:\/\/arantv.az\/?p=650576","title":{"rendered":"Valideynl\u0259r niy\u0259 \u00f6vladlar\u0131n\u0131 internat m\u0259kt\u0259bl\u0259rin\u0259 g\u00f6nd\u0259rirl\u0259r? &#8211; V\u0130DEO"},"content":{"rendered":"<p>\u00d6lk\u0259d\u0259 u\u015faqlar\u0131n internat tipli m\u0259kt\u0259bl\u0259r\u0259 g\u00f6nd\u0259rilm\u0259si hallar\u0131 art\u0131b. Ail\u0259, Qad\u0131n v\u0259 U\u015faq Probleml\u0259ri \u00fczr\u0259 D\u00f6vl\u0259t Komit\u0259sinin a\u00e7\u0131qlamas\u0131na g\u00f6r\u0259, 2021-ci ild\u0259 9 960, 2022-ci ild\u0259 is\u0259 10 062 \u015fagird bu tip m\u0259kt\u0259bl\u0259r\u0259 g\u00f6nd\u0259rilib.<\/p>\n<p>Xezerxeber.az-\u0131n x\u0259b\u0259rin\u0259 g\u00f6r\u0259, bunu sosial-iqtisadi motivl\u0259rl\u0259 \u0259laq\u0259l\u0259ndir\u0259n sosioloq Naib Nift\u0259liyev bildirib\u00a0ki, valideynl\u0259rin bu tipli m\u0259kt\u0259bl\u0259r\u0259 m\u00fcraci\u0259t etm\u0259si daha \u00e7ox n\u0259zar\u0259tl\u0259 ba\u011fl\u0131d\u0131r.<\/p>\n<p>Onun fikrinc\u0259, b\u0259z\u0259n u\u015faqlar\u0131n internat tipli m\u0259kt\u0259bl\u0259r\u0259 qoyulmas\u0131na s\u0259b\u0259b kimi natamam ail\u0259 m\u00fchitinin olmas\u0131 da g\u00f6st\u0259rilir.<\/p>\n<p>Sosioloq bildirib\u00a0ki, h\u0259r bir halda u\u015fa\u011f\u0131n valideyn himay\u0259sin\u0259 v\u0259 diqq\u0259tin\u0259 ehtiyac\u0131 var.<\/p>\n<div id=\"22889818619\"><\/div>\n<p>Ail\u0259, Qad\u0131n v\u0259 U\u015faq Probleml\u0259ri \u00fczr\u0259 D\u00f6vl\u0259t Komit\u0259sind\u0259n o da bildirilib ki, m\u0259s\u0259l\u0259 il\u0259 ba\u011fl\u0131 preventiv t\u0259dbirl\u0259r g\u00f6r\u00fcl\u00fcr. Ancaq buna baxmayaraq, bu tipli \u00fcmumt\u0259hsil m\u00fc\u0259sis\u0259l\u0259rin\u0259 u\u015faqlar\u0131n g\u00f6nd\u0259rilm\u0259si hallar\u0131 \u00e7oxal\u0131r.<\/p>\n<p>M\u00f6vzu il\u0259 ba\u011fl\u0131 daha \u0259trafl\u0131 videomaterial\u0131 t\u0259qdim edirik:<\/p>\n<div><iframe loading=\"lazy\" title=\"YouTube video player\" src=\"https:\/\/www.youtube.com\/embed\/ZEgb3v2GSIE?si=ZCOyznzoPra2Ob8N\" width=\"560\" height=\"315\" frameborder=\"0\" allowfullscreen=\"allowfullscreen\" data-mce-fragment=\"1\"><\/iframe><\/div>\n<p>&nbsp;<\/p>\n","protected":false},"excerpt":{"rendered":"<p>\u00d6lk\u0259d\u0259 u\u015faqlar\u0131n internat tipli m\u0259kt\u0259bl\u0259r\u0259 g\u00f6nd\u0259rilm\u0259si hallar\u0131 art\u0131b. Ail\u0259, Qad\u0131n v\u0259 U\u015faq Probleml\u0259ri \u00fczr\u0259 D\u00f6vl\u0259t Komit\u0259sinin a\u00e7\u0131qlamas\u0131na g\u00f6r\u0259, 2021-ci ild\u0259 9 960, 2022-ci ild\u0259 is\u0259 10 062 \u015fagird bu tip m\u0259kt\u0259bl\u0259r\u0259 g\u00f6nd\u0259rilib. Xezerxeber.az-\u0131n x\u0259b\u0259rin\u0259 g\u00f6r\u0259, bunu sosial-iqtisadi motivl\u0259rl\u0259 \u0259laq\u0259l\u0259ndir\u0259n sosioloq Naib Nift\u0259liyev bildirib\u00a0ki, valideynl\u0259rin bu tipli m\u0259kt\u0259bl\u0259r\u0259 m\u00fcraci\u0259t etm\u0259si daha \u00e7ox n\u0259zar\u0259tl\u0259 ba\u011fl\u0131d\u0131r. Onun fikrinc\u0259, b\u0259z\u0259n u\u015faqlar\u0131n internat tipli m\u0259kt\u0259bl\u0259r\u0259 qoyulmas\u0131na s\u0259b\u0259b kimi natamam ail\u0259 m\u00fchitinin olmas\u0131 da g\u00f6st\u0259rilir. Sosioloq bildirib\u00a0ki, h\u0259r bir halda u\u015fa\u011f\u0131n valideyn himay\u0259sin\u0259 v\u0259 diqq\u0259tin\u0259 ehtiyac\u0131 var. Ail\u0259, Qad\u0131n v\u0259 U\u015faq Probleml\u0259ri \u00fczr\u0259 D\u00f6vl\u0259t Komit\u0259sind\u0259n o&hellip;<\/p>\n","protected":false},"author":2,"featured_media":650578,"comment_status":"closed","ping_status":"closed","sticky":false,"template":"","format":"standard","meta":{"om_disable_all_campaigns":false,"_monsterinsights_skip_tracking":false,"_monsterinsights_sitenote_active":false,"_monsterinsights_sitenote_note":"","_monsterinsights_sitenote_category":0},"categories":[1],"tags":[],"aioseo_notices":[],"gutentor_comment":0,"rttpg_featured_image_url":{"full":["https:\/\/arantv.az\/wp-content\/uploads\/2023\/10\/mektebb.jpg",620,413,false],"landscape":["https:\/\/arantv.az\/wp-content\/uploads\/2023\/10\/mektebb.jpg",620,413,false],"portraits":["https:\/\/arantv.az\/wp-content\/uploads\/2023\/10\/mektebb.jpg",620,413,false],"thumbnail":["https:\/\/arantv.az\/wp-content\/uploads\/2023\/10\/mektebb-500x280.jpg",500,280,true],"medium":["https:\/\/arantv.az\/wp-content\/uploads\/2023\/10\/mektebb-548x365.jpg",548,365,true],"large":["https:\/\/arantv.az\/wp-content\/uploads\/2023\/10\/mektebb.jpg",620,413,false],"1536x1536":["https:\/\/arantv.az\/wp-content\/uploads\/2023\/10\/mektebb.jpg",620,413,false],"2048x2048":["https:\/\/arantv.az\/wp-content\/uploads\/2023\/10\/mektebb.jpg",620,413,false],"post-thumbnail":["https:\/\/arantv.az\/wp-content\/uploads\/2023\/10\/mektebb-240x172.jpg",240,172,true],"advps-thumb-one":["https:\/\/arantv.az\/wp-content\/uploads\/2023\/10\/mektebb.jpg",620,413,false]},"rttpg_author":{"display_name":"V\u00fcsal Rafiqo\u011flu","author_link":"https:\/\/arantv.az\/?author=2"},"rttpg_comment":0,"rttpg_category":"<a href=\"https:\/\/arantv.az\/?cat=1\" rel=\"category\">C\u0259miyy\u0259t<\/a>","rttpg_excerpt":"\u00d6lk\u0259d\u0259 u\u015faqlar\u0131n internat tipli m\u0259kt\u0259bl\u0259r\u0259 g\u00f6nd\u0259rilm\u0259si hallar\u0131 art\u0131b. Ail\u0259, Qad\u0131n v\u0259 U\u015faq Probleml\u0259ri \u00fczr\u0259 D\u00f6vl\u0259t Komit\u0259sinin a\u00e7\u0131qlamas\u0131na g\u00f6r\u0259, 2021-ci ild\u0259 9 960, 2022-ci ild\u0259 is\u0259 10 062 \u015fagird bu tip m\u0259kt\u0259bl\u0259r\u0259 g\u00f6nd\u0259rilib. Xezerxeber.az-\u0131n x\u0259b\u0259rin\u0259 g\u00f6r\u0259, bunu sosial-iqtisadi motivl\u0259rl\u0259 \u0259laq\u0259l\u0259ndir\u0259n sosioloq Naib Nift\u0259liyev bildirib\u00a0ki, valideynl\u0259rin bu tipli m\u0259kt\u0259bl\u0259r\u0259 m\u00fcraci\u0259t etm\u0259si daha \u00e7ox n\u0259zar\u0259tl\u0259 ba\u011fl\u0131d\u0131r. Onun fikrinc\u0259,&hellip;","_links":{"self":[{"href":"https:\/\/arantv.az\/index.php?rest_route=\/wp\/v2\/posts\/650576"}],"collection":[{"href":"https:\/\/arantv.az\/index.php?rest_route=\/wp\/v2\/posts"}],"about":[{"href":"https:\/\/arantv.az\/index.php?rest_route=\/wp\/v2\/types\/post"}],"author":[{"embeddable":true,"href":"https:\/\/arantv.az\/index.php?rest_route=\/wp\/v2\/users\/2"}],"replies":[{"embeddable":true,"href":"https:\/\/arantv.az\/index.php?rest_route=%2Fwp%2Fv2%2Fcomments&post=650576"}],"version-history":[{"count":0,"href":"https:\/\/arantv.az\/index.php?rest_route=\/wp\/v2\/posts\/650576\/revisions"}],"wp:featuredmedia":[{"embeddable":true,"href":"https:\/\/arantv.az\/index.php?rest_route=\/wp\/v2\/media\/650578"}],"wp:attachment":[{"href":"https:\/\/arantv.az\/index.php?rest_route=%2Fwp%2Fv2%2Fmedia&parent=650576"}],"wp:term":[{"taxonomy":"category","embeddable":true,"href":"https:\/\/arantv.az\/index.php?rest_route=%2Fwp%2Fv2%2Fcategories&post=650576"},{"taxonomy":"post_tag","embeddable":true,"href":"https:\/\/arantv.az\/index.php?rest_route=%2Fwp%2Fv2%2Ftags&post=650576"}],"curies":[{"name":"wp","href":"https:\/\/api.w.org\/{rel}","templated":true}]}}