{"id":650593,"date":"2023-10-29T09:19:20","date_gmt":"2023-10-29T05:19:20","guid":{"rendered":"https:\/\/arantv.az\/?p=650593"},"modified":"2023-10-29T09:19:20","modified_gmt":"2023-10-29T05:19:20","slug":"prezident-ilham-%c9%99liyev-turkiy%c9%99nin-cumhuriyy%c9%99t-bayrami-il%c9%99-bagli-paylasim-edib-foto-video","status":"publish","type":"post","link":"https:\/\/arantv.az\/?p=650593","title":{"rendered":"Prezident \u0130lham \u018fliyev T\u00fcrkiy\u0259nin C\u00fcmhuriyy\u0259t bayram\u0131 il\u0259 ba\u011fl\u0131 payla\u015f\u0131m edib &#8211; FOTO\/V\u0130DEO"},"content":{"rendered":"<p>Az\u0259rbaycan Prezidenti\u00a0<strong>\u0130lham \u018fliyev \u201c<\/strong>Instagram\u201d sosial \u015f\u0259b\u0259k\u0259sind\u0259 T\u00fcrkiy\u0259 Respublikas\u0131n\u0131n yaranmas\u0131n\u0131n 100-c\u00fc ild\u00f6n\u00fcm\u00fc m\u00fcnasib\u0259til\u0259\u00a0payla\u015f\u0131m edib.<\/p>\n<p>Payla\u015f\u0131mda deyilir: \u201c29 oktyabr T\u00fcrkiy\u0259 C\u00fcmhuriyy\u0259t bayram\u0131\u201d.<\/p>\n<div><iframe loading=\"lazy\" title=\"YouTube video player\" src=\"https:\/\/www.youtube.com\/embed\/63Vtv5JIKbU?si=N6vnU7XIvF598gFY\" width=\"560\" height=\"315\" frameborder=\"0\" allowfullscreen=\"allowfullscreen\" data-mce-fragment=\"1\"><\/iframe><\/div>\n<div><iframe id=\"instagram-embed-0\" class=\"instagram-media\" src=\"https:\/\/www.instagram.com\/p\/Cy8zo2To2Tq\/embed\/captioned\/?cr=1&amp;v=14&amp;wp=432&amp;rd=https%3A%2F%2Foxu.az&amp;rp=%2Fpolitics%2F796189#%7B%22ci%22%3A0%2C%22os%22%3A1334%2C%22ls%22%3A313%2C%22le%22%3A931%7D\" height=\"0\" frameborder=\"0\" scrolling=\"no\" allowfullscreen=\"allowfullscreen\" data-instgrm-payload-id=\"instagram-media-payload-0\" data-mce-fragment=\"1\"><\/iframe><\/p>\n<blockquote id=\"instagram-media-payload-0\" class=\" instagram-media-registered\" data-instgrm-captioned=\"\" data-instgrm-permalink=\"https:\/\/www.instagram.com\/p\/Cy8zo2To2Tq\/?utm_source=ig_embed&amp;utm_campaign=loading\" data-instgrm-version=\"14\">\n<div>\n<div>\n<div><\/div>\n<div>\n<div><\/div>\n<div><\/div>\n<\/div>\n<\/div>\n<div><\/div>\n<div><\/div>\n<div>\n<div><a href=\"https:\/\/www.instagram.com\/p\/Cy8zo2To2Tq\/?utm_source=ig_embed&amp;utm_campaign=loading\" target=\"_blank\" rel=\"noopener\">\u041f\u043e\u0441\u043c\u043e\u0442\u0440\u0435\u0442\u044c \u044d\u0442\u0443 \u043f\u0443\u0431\u043b\u0438\u043a\u0430\u0446\u0438\u044e \u0432 Instagram<\/a><\/div>\n<\/div>\n<div><\/div>\n<div>\n<div>\n<div><\/div>\n<div><\/div>\n<div><\/div>\n<\/div>\n<div>\n<div><\/div>\n<div><\/div>\n<\/div>\n<div>\n<div><\/div>\n<div><\/div>\n<div><\/div>\n<\/div>\n<\/div>\n<div>\n<div><\/div>\n<div><\/div>\n<\/div>\n<p><a href=\"https:\/\/www.instagram.com\/p\/Cy8zo2To2Tq\/?utm_source=ig_embed&amp;utm_campaign=loading\" target=\"_blank\" rel=\"noopener\">\u041f\u0443\u0431\u043b\u0438\u043a\u0430\u0446\u0438\u044f \u043e\u0442 @presidentaz<\/a><\/p>\n<\/div>\n<\/blockquote>\n<\/div>\n<p>&nbsp;<\/p>\n","protected":false},"excerpt":{"rendered":"<p>Az\u0259rbaycan Prezidenti\u00a0\u0130lham \u018fliyev \u201cInstagram\u201d sosial \u015f\u0259b\u0259k\u0259sind\u0259 T\u00fcrkiy\u0259 Respublikas\u0131n\u0131n yaranmas\u0131n\u0131n 100-c\u00fc ild\u00f6n\u00fcm\u00fc m\u00fcnasib\u0259til\u0259\u00a0payla\u015f\u0131m edib. Payla\u015f\u0131mda deyilir: \u201c29 oktyabr T\u00fcrkiy\u0259 C\u00fcmhuriyy\u0259t bayram\u0131\u201d. \u041f\u043e\u0441\u043c\u043e\u0442\u0440\u0435\u0442\u044c \u044d\u0442\u0443 \u043f\u0443\u0431\u043b\u0438\u043a\u0430\u0446\u0438\u044e \u0432 Instagram \u041f\u0443\u0431\u043b\u0438\u043a\u0430\u0446\u0438\u044f \u043e\u0442 @presidentaz &nbsp;<\/p>\n","protected":false},"author":2,"featured_media":650596,"comment_status":"closed","ping_status":"closed","sticky":false,"template":"","format":"standard","meta":{"om_disable_all_campaigns":false,"_monsterinsights_skip_tracking":false,"_monsterinsights_sitenote_active":false,"_monsterinsights_sitenote_note":"","_monsterinsights_sitenote_category":0},"categories":[4],"tags":[],"aioseo_notices":[],"gutentor_comment":0,"rttpg_featured_image_url":{"full":["https:\/\/arantv.az\/wp-content\/uploads\/2023\/10\/1589029163_c06d917f-632f-48c8-b535-173df36cf793-4.jpg",620,413,false],"landscape":["https:\/\/arantv.az\/wp-content\/uploads\/2023\/10\/1589029163_c06d917f-632f-48c8-b535-173df36cf793-4.jpg",620,413,false],"portraits":["https:\/\/arantv.az\/wp-content\/uploads\/2023\/10\/1589029163_c06d917f-632f-48c8-b535-173df36cf793-4.jpg",620,413,false],"thumbnail":["https:\/\/arantv.az\/wp-content\/uploads\/2023\/10\/1589029163_c06d917f-632f-48c8-b535-173df36cf793-4-500x280.jpg",500,280,true],"medium":["https:\/\/arantv.az\/wp-content\/uploads\/2023\/10\/1589029163_c06d917f-632f-48c8-b535-173df36cf793-4-548x365.jpg",548,365,true],"large":["https:\/\/arantv.az\/wp-content\/uploads\/2023\/10\/1589029163_c06d917f-632f-48c8-b535-173df36cf793-4.jpg",620,413,false],"1536x1536":["https:\/\/arantv.az\/wp-content\/uploads\/2023\/10\/1589029163_c06d917f-632f-48c8-b535-173df36cf793-4.jpg",620,413,false],"2048x2048":["https:\/\/arantv.az\/wp-content\/uploads\/2023\/10\/1589029163_c06d917f-632f-48c8-b535-173df36cf793-4.jpg",620,413,false],"post-thumbnail":["https:\/\/arantv.az\/wp-content\/uploads\/2023\/10\/1589029163_c06d917f-632f-48c8-b535-173df36cf793-4-240x172.jpg",240,172,true],"advps-thumb-one":["https:\/\/arantv.az\/wp-content\/uploads\/2023\/10\/1589029163_c06d917f-632f-48c8-b535-173df36cf793-4.jpg",620,413,false]},"rttpg_author":{"display_name":"V\u00fcsal Rafiqo\u011flu","author_link":"https:\/\/arantv.az\/?author=2"},"rttpg_comment":0,"rttpg_category":"<a href=\"https:\/\/arantv.az\/?cat=4\" rel=\"category\">Siyas\u0259t<\/a>","rttpg_excerpt":"Az\u0259rbaycan Prezidenti\u00a0\u0130lham \u018fliyev \u201cInstagram\u201d sosial \u015f\u0259b\u0259k\u0259sind\u0259 T\u00fcrkiy\u0259 Respublikas\u0131n\u0131n yaranmas\u0131n\u0131n 100-c\u00fc ild\u00f6n\u00fcm\u00fc m\u00fcnasib\u0259til\u0259\u00a0payla\u015f\u0131m edib. Payla\u015f\u0131mda deyilir: \u201c29 oktyabr T\u00fcrkiy\u0259 C\u00fcmhuriyy\u0259t bayram\u0131\u201d. \u041f\u043e\u0441\u043c\u043e\u0442\u0440\u0435\u0442\u044c \u044d\u0442\u0443 \u043f\u0443\u0431\u043b\u0438\u043a\u0430\u0446\u0438\u044e \u0432 Instagram \u041f\u0443\u0431\u043b\u0438\u043a\u0430\u0446\u0438\u044f \u043e\u0442 @presidentaz &nbsp;","_links":{"self":[{"href":"https:\/\/arantv.az\/index.php?rest_route=\/wp\/v2\/posts\/650593"}],"collection":[{"href":"https:\/\/arantv.az\/index.php?rest_route=\/wp\/v2\/posts"}],"about":[{"href":"https:\/\/arantv.az\/index.php?rest_route=\/wp\/v2\/types\/post"}],"author":[{"embeddable":true,"href":"https:\/\/arantv.az\/index.php?rest_route=\/wp\/v2\/users\/2"}],"replies":[{"embeddable":true,"href":"https:\/\/arantv.az\/index.php?rest_route=%2Fwp%2Fv2%2Fcomments&post=650593"}],"version-history":[{"count":0,"href":"https:\/\/arantv.az\/index.php?rest_route=\/wp\/v2\/posts\/650593\/revisions"}],"wp:featuredmedia":[{"embeddable":true,"href":"https:\/\/arantv.az\/index.php?rest_route=\/wp\/v2\/media\/650596"}],"wp:attachment":[{"href":"https:\/\/arantv.az\/index.php?rest_route=%2Fwp%2Fv2%2Fmedia&parent=650593"}],"wp:term":[{"taxonomy":"category","embeddable":true,"href":"https:\/\/arantv.az\/index.php?rest_route=%2Fwp%2Fv2%2Fcategories&post=650593"},{"taxonomy":"post_tag","embeddable":true,"href":"https:\/\/arantv.az\/index.php?rest_route=%2Fwp%2Fv2%2Ftags&post=650593"}],"curies":[{"name":"wp","href":"https:\/\/api.w.org\/{rel}","templated":true}]}}