{"id":650595,"date":"2023-10-29T09:20:28","date_gmt":"2023-10-29T05:20:28","guid":{"rendered":"https:\/\/arantv.az\/?p=650595"},"modified":"2023-10-29T09:20:28","modified_gmt":"2023-10-29T05:20:28","slug":"ramil-s%c9%99f%c9%99rovdan-11-il-sonra","status":"publish","type":"post","link":"https:\/\/arantv.az\/?p=650595","title":{"rendered":"Ramil S\u0259f\u0259rovdan 11 il sonra&#8230;"},"content":{"rendered":"<p><strong>\u201cMacar\u0131stan\u0131n xarici i\u015fl\u0259r naziri Peter Siyartonun \u0130r\u0259vanda erm\u0259ni h\u0259mkar\u0131 Ararat Mirzoyanla m\u0259tbuat konfrans\u0131nda s\u00f6yl\u0259dikl\u0259ri diqq\u0259t m\u0259rk\u0259zind\u0259dir\u201d.<\/strong><\/p>\n<p>Bu s\u00f6zl\u0259ri\u00a0<strong>\u201cAtlas\u201d Ara\u015fd\u0131rmalar M\u0259rk\u0259zinin r\u0259hb\u0259ri, politoloq Elxan \u015eahino\u011flu<\/strong>\u00a0qeyd edib.<\/p>\n<p><img loading=\"lazy\" src=\"https:\/\/cdn.musavat.com\/news\/thumbnails\/65da59b426ead70e91527a16eab68241.jpg\" alt=\"elxan.jpg (68 KB)\" width=\"700\" height=\"436\" \/><\/p>\n<p><strong>Politoloqun s\u00f6zl\u0259rin\u0259 g\u00f6r\u0259, Macar\u0131stan xarici siyas\u0259td\u0259 \u015fax\u0259l\u0259nm\u0259y\u0259 \u00fcst\u00fcnl\u00fck verir, T\u00fcrkiy\u0259 v\u0259 Az\u0259rbaycanla s\u0131x t\u0259r\u0259fda\u015fl\u0131\u011f\u0131na r\u0259\u011fm\u0259n, Erm\u0259nistanla da \u0259m\u0259kda\u015fl\u0131q etm\u0259k ist\u0259yir:<\/strong><\/p>\n<p>\u201cBirincisi, macar nazir deyib ki, \u00f6lk\u0259si Erm\u0259nistanda s\u0259firlikl\u0259 yana\u015f\u0131, konsulluq xidm\u0259ti d\u0259 a\u00e7acaq.<\/p>\n<p>\u0130kincisi, macar nazir t\u0259msil etdiyi hakimiyy\u0259tin Macar\u0131stan\u0131n erm\u0259ni icmas\u0131na 13 il \u0259rzind\u0259 b\u00fcdc\u0259d\u0259n maliyy\u0259l\u0259\u015fm\u0259ni 4 d\u0259f\u0259 art\u0131rd\u0131\u011f\u0131n\u0131 vur\u011fulay\u0131b.<\/p>\n<p>\u00dc\u00e7\u00fcnc\u00fcs\u00fc, Macar\u0131stan\u0131n \u201cVizzair\u201d aviada\u015f\u0131y\u0131c\u0131s\u0131 \u0130r\u0259van-Budape\u015ft reysini a\u00e7acaq. D\u00f6rd\u00fcnc\u00fcs\u00fc, Macar\u0131stan Erm\u0259nistan\u0131n 30 t\u0259l\u0259b\u0259sin\u0259 t\u0259qa\u00fcd ay\u0131racaq. Be\u015fincisi, macar nazir deyib ki, Macar\u0131stan Qaraba\u011f\u0131 t\u0259rk ed\u0259n erm\u0259nil\u0259r\u0259 110 min dollar civar\u0131nda maliyy\u0259 d\u0259st\u0259yi ay\u0131racaq.<\/p>\n<p>Macar\u0131stan\u0131n xarici i\u015fl\u0259r naziri b\u00fct\u00fcn bunlar\u0131n yekunu olaraq iki \u00f6lk\u0259 aras\u0131nda m\u00fcnasib\u0259tl\u0259rin inki\u015faf\u0131 \u00fc\u00e7\u00fcn \u201cxristianl\u0131q amilinin \u0259sas\u201d olaca\u011f\u0131n\u0131 deyib. Bu, Macar\u0131stan\u0131n h\u00fcququdur. Ancaq macar nazirin \u0130r\u0259vanda b\u0259yan etdikl\u0259ri Macar\u0131stan\u0131n Erm\u0259nistanla \u0259m\u0259kda\u015fl\u0131\u011f\u0131 daha \u00fcst s\u0259viyy\u0259y\u0259 qald\u0131rmaq mara\u011f\u0131ndan ir\u0259li g\u0259lir.<\/p>\n<p>Macar\u0131stan 2012-ci ild\u0259 zabitimiz Ramil S\u0259f\u0259rovu Az\u0259rbaycana ekstradisiya etdikd\u0259n sonra Erm\u0259nistan bu \u00f6lk\u0259 il\u0259 diplomatik m\u00fcnasib\u0259tl\u0259ri dondurdu. Erm\u0259nistan \u00fcst\u00fcnd\u0259n 11 il ke\u00e7dikd\u0259n sonra bu ilin may\u0131nda Macar\u0131stana s\u0259fir t\u0259yin edib. Macar\u0131stan\u0131n ba\u015f naziri Viktor Orban \u00f6lk\u0259sini t\u00fcrk d\u00fcnyas\u0131n\u0131n \u00fczv\u00fc kimi qiym\u0259tl\u0259ndirir. Do\u011frudur, bu m\u0259s\u0259l\u0259d\u0259 Orban praqmatik maraqlardan \u00e7\u0131x\u0131\u015f edir: Macar\u0131stan Az\u0259rbaycan\u0131n v\u0259 M\u0259rk\u0259zi Asiyan\u0131n enerji imkanlar\u0131ndan faydalan\u0131r, regional layih\u0259l\u0259rd\u0259 yer almaq ist\u0259yir.<\/p>\n<p>Macar\u0131stan\u0131n xarici i\u015fl\u0259r naziri Erm\u0259nistanda konsulluq a\u00e7\u0131laca\u011f\u0131n\u0131n anonsunu verib, ancaq yeri bar\u0259d\u0259 m\u0259lumat verm\u0259yib. \u018fg\u0259r Macar\u0131stan \u0130ran, Rusiya v\u0259 Fransa kimi konsulluq xidm\u0259tini Q\u0259rbi Z\u0259ng\u0259zurda a\u00e7ma\u011fa q\u0259rar ver\u0259rs\u0259, bu, Budape\u015ftin Az\u0259rbaycana y\u00f6n\u0259lik xo\u015fag\u0259lm\u0259z add\u0131m\u0131 olacaq\u201d.<\/p>\n","protected":false},"excerpt":{"rendered":"<p>\u201cMacar\u0131stan\u0131n xarici i\u015fl\u0259r naziri Peter Siyartonun \u0130r\u0259vanda erm\u0259ni h\u0259mkar\u0131 Ararat Mirzoyanla m\u0259tbuat konfrans\u0131nda s\u00f6yl\u0259dikl\u0259ri diqq\u0259t m\u0259rk\u0259zind\u0259dir\u201d. Bu s\u00f6zl\u0259ri\u00a0\u201cAtlas\u201d Ara\u015fd\u0131rmalar M\u0259rk\u0259zinin r\u0259hb\u0259ri, politoloq Elxan \u015eahino\u011flu\u00a0qeyd edib. Politoloqun s\u00f6zl\u0259rin\u0259 g\u00f6r\u0259, Macar\u0131stan xarici siyas\u0259td\u0259 \u015fax\u0259l\u0259nm\u0259y\u0259 \u00fcst\u00fcnl\u00fck verir, T\u00fcrkiy\u0259 v\u0259 Az\u0259rbaycanla s\u0131x t\u0259r\u0259fda\u015fl\u0131\u011f\u0131na r\u0259\u011fm\u0259n, Erm\u0259nistanla da \u0259m\u0259kda\u015fl\u0131q etm\u0259k ist\u0259yir: \u201cBirincisi, macar nazir deyib ki, \u00f6lk\u0259si Erm\u0259nistanda s\u0259firlikl\u0259 yana\u015f\u0131, konsulluq xidm\u0259ti d\u0259 a\u00e7acaq. \u0130kincisi, macar nazir t\u0259msil etdiyi hakimiyy\u0259tin Macar\u0131stan\u0131n erm\u0259ni icmas\u0131na 13 il \u0259rzind\u0259 b\u00fcdc\u0259d\u0259n maliyy\u0259l\u0259\u015fm\u0259ni 4 d\u0259f\u0259 art\u0131rd\u0131\u011f\u0131n\u0131 vur\u011fulay\u0131b. \u00dc\u00e7\u00fcnc\u00fcs\u00fc, Macar\u0131stan\u0131n \u201cVizzair\u201d aviada\u015f\u0131y\u0131c\u0131s\u0131 \u0130r\u0259van-Budape\u015ft reysini a\u00e7acaq. D\u00f6rd\u00fcnc\u00fcs\u00fc, Macar\u0131stan Erm\u0259nistan\u0131n 30 t\u0259l\u0259b\u0259sin\u0259 t\u0259qa\u00fcd ay\u0131racaq.&hellip;<\/p>\n","protected":false},"author":2,"featured_media":650599,"comment_status":"closed","ping_status":"closed","sticky":false,"template":"","format":"standard","meta":{"om_disable_all_campaigns":false,"_monsterinsights_skip_tracking":false,"_monsterinsights_sitenote_active":false,"_monsterinsights_sitenote_note":"","_monsterinsights_sitenote_category":0},"categories":[4],"tags":[],"aioseo_notices":[],"gutentor_comment":0,"rttpg_featured_image_url":{"full":["https:\/\/arantv.az\/wp-content\/uploads\/2023\/10\/62b5a0ab1d0a5b7a26da7b5781fc346d.jpg",870,500,false],"landscape":["https:\/\/arantv.az\/wp-content\/uploads\/2023\/10\/62b5a0ab1d0a5b7a26da7b5781fc346d.jpg",870,500,false],"portraits":["https:\/\/arantv.az\/wp-content\/uploads\/2023\/10\/62b5a0ab1d0a5b7a26da7b5781fc346d.jpg",870,500,false],"thumbnail":["https:\/\/arantv.az\/wp-content\/uploads\/2023\/10\/62b5a0ab1d0a5b7a26da7b5781fc346d-500x280.jpg",500,280,true],"medium":["https:\/\/arantv.az\/wp-content\/uploads\/2023\/10\/62b5a0ab1d0a5b7a26da7b5781fc346d-635x365.jpg",635,365,true],"large":["https:\/\/arantv.az\/wp-content\/uploads\/2023\/10\/62b5a0ab1d0a5b7a26da7b5781fc346d-840x483.jpg",640,368,true],"1536x1536":["https:\/\/arantv.az\/wp-content\/uploads\/2023\/10\/62b5a0ab1d0a5b7a26da7b5781fc346d.jpg",870,500,false],"2048x2048":["https:\/\/arantv.az\/wp-content\/uploads\/2023\/10\/62b5a0ab1d0a5b7a26da7b5781fc346d.jpg",870,500,false],"post-thumbnail":["https:\/\/arantv.az\/wp-content\/uploads\/2023\/10\/62b5a0ab1d0a5b7a26da7b5781fc346d-240x172.jpg",240,172,true],"advps-thumb-one":["https:\/\/arantv.az\/wp-content\/uploads\/2023\/10\/62b5a0ab1d0a5b7a26da7b5781fc346d.jpg",870,500,false]},"rttpg_author":{"display_name":"V\u00fcsal Rafiqo\u011flu","author_link":"https:\/\/arantv.az\/?author=2"},"rttpg_comment":0,"rttpg_category":"<a href=\"https:\/\/arantv.az\/?cat=4\" rel=\"category\">Siyas\u0259t<\/a>","rttpg_excerpt":"\u201cMacar\u0131stan\u0131n xarici i\u015fl\u0259r naziri Peter Siyartonun \u0130r\u0259vanda erm\u0259ni h\u0259mkar\u0131 Ararat Mirzoyanla m\u0259tbuat konfrans\u0131nda s\u00f6yl\u0259dikl\u0259ri diqq\u0259t m\u0259rk\u0259zind\u0259dir\u201d. Bu s\u00f6zl\u0259ri\u00a0\u201cAtlas\u201d Ara\u015fd\u0131rmalar M\u0259rk\u0259zinin r\u0259hb\u0259ri, politoloq Elxan \u015eahino\u011flu\u00a0qeyd edib. Politoloqun s\u00f6zl\u0259rin\u0259 g\u00f6r\u0259, Macar\u0131stan xarici siyas\u0259td\u0259 \u015fax\u0259l\u0259nm\u0259y\u0259 \u00fcst\u00fcnl\u00fck verir, T\u00fcrkiy\u0259 v\u0259 Az\u0259rbaycanla s\u0131x t\u0259r\u0259fda\u015fl\u0131\u011f\u0131na r\u0259\u011fm\u0259n, Erm\u0259nistanla da \u0259m\u0259kda\u015fl\u0131q etm\u0259k ist\u0259yir: \u201cBirincisi, macar nazir deyib ki, \u00f6lk\u0259si Erm\u0259nistanda s\u0259firlikl\u0259 yana\u015f\u0131, konsulluq&hellip;","_links":{"self":[{"href":"https:\/\/arantv.az\/index.php?rest_route=\/wp\/v2\/posts\/650595"}],"collection":[{"href":"https:\/\/arantv.az\/index.php?rest_route=\/wp\/v2\/posts"}],"about":[{"href":"https:\/\/arantv.az\/index.php?rest_route=\/wp\/v2\/types\/post"}],"author":[{"embeddable":true,"href":"https:\/\/arantv.az\/index.php?rest_route=\/wp\/v2\/users\/2"}],"replies":[{"embeddable":true,"href":"https:\/\/arantv.az\/index.php?rest_route=%2Fwp%2Fv2%2Fcomments&post=650595"}],"version-history":[{"count":0,"href":"https:\/\/arantv.az\/index.php?rest_route=\/wp\/v2\/posts\/650595\/revisions"}],"wp:featuredmedia":[{"embeddable":true,"href":"https:\/\/arantv.az\/index.php?rest_route=\/wp\/v2\/media\/650599"}],"wp:attachment":[{"href":"https:\/\/arantv.az\/index.php?rest_route=%2Fwp%2Fv2%2Fmedia&parent=650595"}],"wp:term":[{"taxonomy":"category","embeddable":true,"href":"https:\/\/arantv.az\/index.php?rest_route=%2Fwp%2Fv2%2Fcategories&post=650595"},{"taxonomy":"post_tag","embeddable":true,"href":"https:\/\/arantv.az\/index.php?rest_route=%2Fwp%2Fv2%2Ftags&post=650595"}],"curies":[{"name":"wp","href":"https:\/\/api.w.org\/{rel}","templated":true}]}}