{"id":650617,"date":"2023-10-29T20:46:32","date_gmt":"2023-10-29T16:46:32","guid":{"rendered":"https:\/\/arantv.az\/?p=650617"},"modified":"2023-10-29T20:46:32","modified_gmt":"2023-10-29T16:46:32","slug":"spiker-az%c9%99rbaycanla-turkiy%c9%99nin-b%c9%99rab%c9%99rliyi-qarsidaki-ill%c9%99rd%c9%99-xalqlarimiza-yeni-yeni-ugurlar-g%c9%99tir%c9%99c%c9%99k","status":"publish","type":"post","link":"https:\/\/arantv.az\/?p=650617","title":{"rendered":"Spiker: \u201cAz\u0259rbaycanla T\u00fcrkiy\u0259nin b\u0259rab\u0259rliyi qar\u015f\u0131dak\u0131 ill\u0259rd\u0259 xalqlar\u0131m\u0131za yeni-yeni u\u011furlar g\u0259tir\u0259c\u0259k\u201d"},"content":{"rendered":"<p>\u201cAz\u0259rbaycanla T\u00fcrkiy\u0259nin birlik v\u0259 b\u0259rab\u0259rliyi qar\u015f\u0131dak\u0131 ill\u0259rd\u0259 xalqlar\u0131m\u0131za yeni-yeni u\u011furlar g\u0259tir\u0259c\u0259k\u201d.<\/p>\n<p>\u201cReport\u201d\u00a0x\u0259b\u0259r verir ki, bunu Milli M\u0259clisin s\u0259dri Sahib\u0259 Qafarova T\u00fcrkiy\u0259 C\u00fcmhuriyy\u0259tinin qurulmas\u0131n\u0131n 100 illiyi m\u00fcnasib\u0259til\u0259 ke\u00e7irilmi\u015f t\u0259dbird\u0259 \u00e7\u0131x\u0131\u015f\u0131nda deyib.<\/p>\n<p>Sahib\u0259 Qafarova bildirib ki, qarda\u015f \u00f6lk\u0259nin davaml\u0131 inki\u015faf yolunda \u0259ld\u0259 etdiyi u\u011furlar bizi \u00fcr\u0259kd\u0259n sevindirir, \u00e7\u00fcnki T\u00fcrkiy\u0259nin g\u00fcc\u00fc Az\u0259rbaycan\u0131n g\u00fcc\u00fc, Az\u0259rbaycan\u0131n g\u00fcc\u00fc is\u0259 T\u00fcrkiy\u0259nin g\u00fcc\u00fcd\u00fcr. Xalqlar\u0131m\u0131z\u0131n v\u0259 d\u00f6vl\u0259tl\u0259rimizin qarda\u015fl\u0131\u011f\u0131 v\u0259 dostlu\u011fu bizim \u0259n b\u00f6y\u00fck s\u0259rv\u0259timizdir.<\/p>\n<p>O, qeyd edib ki, biz h\u0259mi\u015f\u0259 m\u0259mnunluqla s\u00f6yl\u0259yirik ki, \u00f6lk\u0259l\u0259rimiz aras\u0131nda m\u00fcnasib\u0259tl\u0259r ulu \u00f6nd\u0259r Heyd\u0259r \u018fliyevin ifad\u0259 etdiyi \u201cbir mill\u0259t, iki d\u00f6vl\u0259t\u201d prinsipi \u00fcz\u0259rind\u0259 qurulmu\u015fdur. Az\u0259rbaycan Respublikas\u0131n\u0131n Prezidenti m\u00f6ht\u0259r\u0259m c\u0259nab<strong>\u00a0\u0130lham \u018fliyevin\u00a0<\/strong>dediyi kimi, \u201cT\u00fcrkiy\u0259 v\u0259 Az\u0259rbaycan iki qarda\u015f \u00f6lk\u0259 kimi h\u0259r zaman bir-birinin yan\u0131ndad\u0131r\u201d.<\/p>\n<p>Milli M\u0259clisin s\u0259dri xalqlar\u0131m\u0131z\u0131n bu birliyinin XX y\u00fczilin \u0259vv\u0259ll\u0259rind\u0259 \u00c7anaqqala sava\u015f\u0131nda, Az\u0259rbaycanda v\u0259 paytaxt Bak\u0131da erm\u0259ni-bol\u015fevik d\u0259st\u0259l\u0259rin\u0259 qar\u015f\u0131 d\u00f6y\u00fc\u015fl\u0259rd\u0259, \u00fc\u00e7 il \u00f6nc\u0259 i\u015f\u011fal\u00e7\u0131 Erm\u0259nistana qar\u015f\u0131 44 g\u00fcnl\u00fck V\u0259t\u0259n m\u00fcharib\u0259sind\u0259, bu ilin sentyabr ay\u0131nda Qaraba\u011fda antiterror t\u0259dbirl\u0259rind\u0259 s\u0131naqlardan \u00e7\u0131xd\u0131\u011f\u0131n\u0131 s\u00f6yl\u0259yib.<\/p>\n<p>Spiker n\u0259z\u0259r\u0259 \u00e7atd\u0131r\u0131b ki, t\u0259qrib\u0259n 10 g\u00fcnd\u0259n sonra Az\u0259rbaycanda Z\u0259f\u0259r G\u00fcn\u00fc qeyd edil\u0259c\u0259kdir. O, torpaqlar\u0131m\u0131z\u0131n i\u015f\u011fal\u0131na son qoymaq, d\u00f6vl\u0259timizin \u0259razi b\u00fct\u00f6vl\u00fcy\u00fcn\u00fc v\u0259 tarixi \u0259dal\u0259ti b\u0259rpa etm\u0259k \u00fc\u00e7\u00fcn 2020-ci ilin pay\u0131z\u0131nda ikinci Qaraba\u011f m\u00fcharib\u0259sind\u0259 m\u00fcz\u0259ff\u0259r Ali Ba\u015f Komandan \u0130lham \u018fliyevin r\u0259hb\u0259rliyi il\u0259 apar\u0131lan h\u0259rbi \u0259m\u0259liyyatlar zaman\u0131 d\u00fcnyan\u0131n T\u00fcrkiy\u0259-Az\u0259rbaycan qarda\u015fl\u0131\u011f\u0131na v\u0259 dostlu\u011funa bir daha \u015fahid oldu\u011funu deyib.<\/p>\n<p>Sahib\u0259 Qafarova \u00f6z \u00e7\u0131x\u0131\u015f\u0131nda bildirib ki, m\u00fcharib\u0259 g\u00fcnl\u0259rind\u0259 T\u00fcrkiy\u0259 C\u00fcmhuriyy\u0259tinin Prezidenti m\u00f6ht\u0259r\u0259m c\u0259nab R\u0259c\u0259b Tayyib \u018frdo\u011fan\u0131n verdiyi m\u0259n\u0259vi v\u0259 siyasi d\u0259st\u0259k, m\u00fcnaqi\u015f\u0259y\u0259 k\u0259nar m\u00fcdaxil\u0259l\u0259r qar\u015f\u0131s\u0131nda \u201cq\u0131rm\u0131z\u0131 x\u0259tt\u201d x\u0259b\u0259rdarl\u0131\u011f\u0131, b\u00fct\u00fcn T\u00fcrkiy\u0259nin tutdu\u011fu q\u0259ti m\u00f6vqe h\u0259r k\u0259s\u0259 g\u00f6st\u0259rdi ki, Az\u0259rbaycan haqq i\u015fi u\u011frunda m\u00fcbariz\u0259d\u0259 t\u0259k deyildir. T\u00fcrkiy\u0259, onun lideri v\u0259 xalq\u0131 h\u0259r yerd\u0259 v\u0259 h\u0259r zaman oldu\u011fu kimi, Az\u0259rbaycan\u0131n yan\u0131ndad\u0131r.<\/p>\n<p>Spiker m\u0259mnunluqla qeyd edib ki, 2021-ci ilin iyun ay\u0131nda T\u00fcrkiy\u0259 v\u0259 Az\u0259rbaycan prezidentl\u0259rinin imzalad\u0131qlar\u0131 \u015eu\u015fa B\u0259yannam\u0259si qarda\u015fl\u0131q v\u0259 dostluq m\u00fcnasib\u0259tl\u0259rimizi \u0259n y\u00fcks\u0259k zirv\u0259y\u0259 &#8211;\u00a0m\u00fctt\u0259fiqlik s\u0259viyy\u0259sin\u0259 y\u00fcks\u0259ltmi\u015fdir.<\/p>\n<p>Milli M\u0259clisin s\u0259dri bu g\u00fcn Az\u0259rbaycanla T\u00fcrkiy\u0259nin birg\u0259 s\u0259yl\u0259ri il\u0259 n\u0259inki C\u0259nubi Qafqaz\u0131n, h\u0259m d\u0259 daha geni\u015f bir b\u00f6lg\u0259nin geosiyasi m\u0259nz\u0259r\u0259sini d\u0259yi\u015f\u0259n layih\u0259l\u0259rin planl\u0131 \u015f\u0259kild\u0259 v\u0259 \u0259zml\u0259 h\u0259yata ke\u00e7irildiyini s\u00f6yl\u0259yib.<\/p>\n<p>O, \u00f6lk\u0259l\u0259rimizin f\u0259al i\u015ftirak\u0131 il\u0259 realla\u015fd\u0131r\u0131lan enerji-n\u0259qliyyat layih\u0259l\u0259rinin Avrasiya qit\u0259sinin enerji t\u0259hl\u00fck\u0259sizliyinin qorunmas\u0131nda, \u00f6lk\u0259l\u0259r aras\u0131nda iqtisadi \u0259laq\u0259l\u0259rin geni\u015fl\u0259nm\u0259sind\u0259 \u00f6n\u0259mli rol oynad\u0131\u011f\u0131n\u0131 deyib. T\u00fcrkiy\u0259-Az\u0259rbaycan birliyinin v\u0259 h\u0259mr\u0259yliyinin t\u00fcrk d\u00fcnyas\u0131n\u0131n daha s\u0131x birl\u0259\u015fm\u0259sin\u0259 k\u00f6m\u0259k g\u00f6st\u0259rdiyini qeyd edib.<\/p>\n<p>Parlamentin s\u0259dri bildirib ki, T\u00fcrkiy\u0259 30 illik i\u015f\u011fal d\u00f6vr\u00fcnd\u0259 vandallar\u0131n viran qoydu\u011fu Qaraba\u011fda v\u0259 \u015e\u0259rqi Z\u0259ng\u0259zurda b\u0259rpa-quruculuq i\u015fl\u0259rind\u0259 d\u0259, b\u00fct\u00fcn dig\u0259r m\u0259s\u0259l\u0259l\u0259rd\u0259 d\u0259 bizim yan\u0131m\u0131zdad\u0131r.<\/p>\n","protected":false},"excerpt":{"rendered":"<p>\u201cAz\u0259rbaycanla T\u00fcrkiy\u0259nin birlik v\u0259 b\u0259rab\u0259rliyi qar\u015f\u0131dak\u0131 ill\u0259rd\u0259 xalqlar\u0131m\u0131za yeni-yeni u\u011furlar g\u0259tir\u0259c\u0259k\u201d. \u201cReport\u201d\u00a0x\u0259b\u0259r verir ki, bunu Milli M\u0259clisin s\u0259dri Sahib\u0259 Qafarova T\u00fcrkiy\u0259 C\u00fcmhuriyy\u0259tinin qurulmas\u0131n\u0131n 100 illiyi m\u00fcnasib\u0259til\u0259 ke\u00e7irilmi\u015f t\u0259dbird\u0259 \u00e7\u0131x\u0131\u015f\u0131nda deyib. Sahib\u0259 Qafarova bildirib ki, qarda\u015f \u00f6lk\u0259nin davaml\u0131 inki\u015faf yolunda \u0259ld\u0259 etdiyi u\u011furlar bizi \u00fcr\u0259kd\u0259n sevindirir, \u00e7\u00fcnki T\u00fcrkiy\u0259nin g\u00fcc\u00fc Az\u0259rbaycan\u0131n g\u00fcc\u00fc, Az\u0259rbaycan\u0131n g\u00fcc\u00fc is\u0259 T\u00fcrkiy\u0259nin g\u00fcc\u00fcd\u00fcr. Xalqlar\u0131m\u0131z\u0131n v\u0259 d\u00f6vl\u0259tl\u0259rimizin qarda\u015fl\u0131\u011f\u0131 v\u0259 dostlu\u011fu bizim \u0259n b\u00f6y\u00fck s\u0259rv\u0259timizdir. O, qeyd edib ki, biz h\u0259mi\u015f\u0259 m\u0259mnunluqla s\u00f6yl\u0259yirik ki, \u00f6lk\u0259l\u0259rimiz aras\u0131nda m\u00fcnasib\u0259tl\u0259r ulu \u00f6nd\u0259r Heyd\u0259r \u018fliyevin ifad\u0259 etdiyi \u201cbir mill\u0259t, iki d\u00f6vl\u0259t\u201d prinsipi \u00fcz\u0259rind\u0259 qurulmu\u015fdur.&hellip;<\/p>\n","protected":false},"author":2,"featured_media":650618,"comment_status":"closed","ping_status":"closed","sticky":false,"template":"","format":"standard","meta":{"om_disable_all_campaigns":false,"_monsterinsights_skip_tracking":false,"_monsterinsights_sitenote_active":false,"_monsterinsights_sitenote_note":"","_monsterinsights_sitenote_category":0},"categories":[4],"tags":[],"aioseo_notices":[],"gutentor_comment":0,"rttpg_featured_image_url":{"full":["https:\/\/arantv.az\/wp-content\/uploads\/2023\/10\/98d9adcd-5421-3488-98d7-911f2bcd132c_850.jpg",620,413,false],"landscape":["https:\/\/arantv.az\/wp-content\/uploads\/2023\/10\/98d9adcd-5421-3488-98d7-911f2bcd132c_850.jpg",620,413,false],"portraits":["https:\/\/arantv.az\/wp-content\/uploads\/2023\/10\/98d9adcd-5421-3488-98d7-911f2bcd132c_850.jpg",620,413,false],"thumbnail":["https:\/\/arantv.az\/wp-content\/uploads\/2023\/10\/98d9adcd-5421-3488-98d7-911f2bcd132c_850-500x280.jpg",500,280,true],"medium":["https:\/\/arantv.az\/wp-content\/uploads\/2023\/10\/98d9adcd-5421-3488-98d7-911f2bcd132c_850-548x365.jpg",548,365,true],"large":["https:\/\/arantv.az\/wp-content\/uploads\/2023\/10\/98d9adcd-5421-3488-98d7-911f2bcd132c_850.jpg",620,413,false],"1536x1536":["https:\/\/arantv.az\/wp-content\/uploads\/2023\/10\/98d9adcd-5421-3488-98d7-911f2bcd132c_850.jpg",620,413,false],"2048x2048":["https:\/\/arantv.az\/wp-content\/uploads\/2023\/10\/98d9adcd-5421-3488-98d7-911f2bcd132c_850.jpg",620,413,false],"post-thumbnail":["https:\/\/arantv.az\/wp-content\/uploads\/2023\/10\/98d9adcd-5421-3488-98d7-911f2bcd132c_850-240x172.jpg",240,172,true],"advps-thumb-one":["https:\/\/arantv.az\/wp-content\/uploads\/2023\/10\/98d9adcd-5421-3488-98d7-911f2bcd132c_850.jpg",620,413,false]},"rttpg_author":{"display_name":"V\u00fcsal Rafiqo\u011flu","author_link":"https:\/\/arantv.az\/?author=2"},"rttpg_comment":0,"rttpg_category":"<a href=\"https:\/\/arantv.az\/?cat=4\" rel=\"category\">Siyas\u0259t<\/a>","rttpg_excerpt":"\u201cAz\u0259rbaycanla T\u00fcrkiy\u0259nin birlik v\u0259 b\u0259rab\u0259rliyi qar\u015f\u0131dak\u0131 ill\u0259rd\u0259 xalqlar\u0131m\u0131za yeni-yeni u\u011furlar g\u0259tir\u0259c\u0259k\u201d. \u201cReport\u201d\u00a0x\u0259b\u0259r verir ki, bunu Milli M\u0259clisin s\u0259dri Sahib\u0259 Qafarova T\u00fcrkiy\u0259 C\u00fcmhuriyy\u0259tinin qurulmas\u0131n\u0131n 100 illiyi m\u00fcnasib\u0259til\u0259 ke\u00e7irilmi\u015f t\u0259dbird\u0259 \u00e7\u0131x\u0131\u015f\u0131nda deyib. Sahib\u0259 Qafarova bildirib ki, qarda\u015f \u00f6lk\u0259nin davaml\u0131 inki\u015faf yolunda \u0259ld\u0259 etdiyi u\u011furlar bizi \u00fcr\u0259kd\u0259n sevindirir, \u00e7\u00fcnki T\u00fcrkiy\u0259nin g\u00fcc\u00fc Az\u0259rbaycan\u0131n g\u00fcc\u00fc, Az\u0259rbaycan\u0131n g\u00fcc\u00fc is\u0259 T\u00fcrkiy\u0259nin g\u00fcc\u00fcd\u00fcr.&hellip;","_links":{"self":[{"href":"https:\/\/arantv.az\/index.php?rest_route=\/wp\/v2\/posts\/650617"}],"collection":[{"href":"https:\/\/arantv.az\/index.php?rest_route=\/wp\/v2\/posts"}],"about":[{"href":"https:\/\/arantv.az\/index.php?rest_route=\/wp\/v2\/types\/post"}],"author":[{"embeddable":true,"href":"https:\/\/arantv.az\/index.php?rest_route=\/wp\/v2\/users\/2"}],"replies":[{"embeddable":true,"href":"https:\/\/arantv.az\/index.php?rest_route=%2Fwp%2Fv2%2Fcomments&post=650617"}],"version-history":[{"count":0,"href":"https:\/\/arantv.az\/index.php?rest_route=\/wp\/v2\/posts\/650617\/revisions"}],"wp:featuredmedia":[{"embeddable":true,"href":"https:\/\/arantv.az\/index.php?rest_route=\/wp\/v2\/media\/650618"}],"wp:attachment":[{"href":"https:\/\/arantv.az\/index.php?rest_route=%2Fwp%2Fv2%2Fmedia&parent=650617"}],"wp:term":[{"taxonomy":"category","embeddable":true,"href":"https:\/\/arantv.az\/index.php?rest_route=%2Fwp%2Fv2%2Fcategories&post=650617"},{"taxonomy":"post_tag","embeddable":true,"href":"https:\/\/arantv.az\/index.php?rest_route=%2Fwp%2Fv2%2Ftags&post=650617"}],"curies":[{"name":"wp","href":"https:\/\/api.w.org\/{rel}","templated":true}]}}