{"id":650622,"date":"2023-10-29T20:47:15","date_gmt":"2023-10-29T16:47:15","guid":{"rendered":"https:\/\/arantv.az\/?p=650622"},"modified":"2023-10-29T20:47:15","modified_gmt":"2023-10-29T16:47:15","slug":"%c9%99rdogan-guclu-turkiy%c9%99-ucun-calismaga-davam-ed%c9%99c%c9%99yik","status":"publish","type":"post","link":"https:\/\/arantv.az\/?p=650622","title":{"rendered":"\u018frdo\u011fan: \u201cG\u00fccl\u00fc T\u00fcrkiy\u0259 \u00fc\u00e7\u00fcn \u00e7al\u0131\u015fma\u011fa davam ed\u0259c\u0259yik\u201d"},"content":{"rendered":"<p>\u201cG\u00fccl\u00fc T\u00fcrkiy\u0259 \u00fc\u00e7\u00fcn \u00e7al\u0131\u015fma\u011fa davam ed\u0259c\u0259yik\u201d.<\/p>\n<p>Bunu T\u00fcrkiy\u0259 Respublikas\u0131n\u0131n Prezidenti R\u0259c\u0259b Tayyib \u018frdo\u011fan T\u00fcrkiy\u0259 C\u00fcmhuriyy\u0259tinin elan edilm\u0259sinin 100 ili m\u00fcnasib\u0259til\u0259 veril\u0259n r\u0259smi ziyaf\u0259tin i\u015ftirak\u00e7\u0131lar\u0131na videom\u00fcraci\u0259ti zaman\u0131 deyib.<\/p>\n<p>T\u00fcrkiy\u0259 Prezidenti \u00f6lk\u0259sind\u0259 v\u0259 d\u00fcnyan\u0131n d\u00f6rd bir yan\u0131nda ya\u015fayan v\u0259t\u0259nda\u015flar\u0131 C\u00fcmhuriyy\u0259t bayram\u0131 m\u00fcnasib\u0259til\u0259 t\u0259brik edib:<\/p>\n<p>\u201cBiziml\u0259 bu sevinci payla\u015fan dostlar\u0131m\u0131za t\u0259\u015f\u0259kk\u00fcr edirik. 1000 ildir v\u0259t\u0259n torpaqlar\u0131n\u0131 qanla sulayan \u015f\u0259hidl\u0259rimizi, C\u00fcmhuriyy\u0259timizin banisi Mustafa Kamal Atat\u00fcrk\u00fc h\u00f6rm\u0259tl\u0259 an\u0131ram. K\u00f6k\u00fcn\u00fc tariximizd\u0259n ald\u0131\u011f\u0131m\u0131z ilhamla C\u00fcmhuriyy\u0259timizi daha da inki\u015faf etdirm\u0259k \u0259n \u00f6n\u0259mli v\u0259zif\u0259mizdir\u201d.<\/p>\n<p>R.T.\u018frdo\u011fan vur\u011fulay\u0131b ki,\u00a0son 20 ild\u0259 T\u00fcrkiy\u0259nin m\u00fcasir m\u0259d\u0259niyy\u0259tin \u0259n \u00fcst s\u0259viyy\u0259sin\u0259 \u00e7\u0131xar\u0131lmas\u0131 \u00fc\u00e7\u00fcn b\u00fct\u00fcn sah\u0259l\u0259rd\u0259 islahatlar h\u0259yata ke\u00e7irilib:<\/p>\n<p>\u201cD\u00f6vl\u0259t v\u0259 mill\u0259t aras\u0131ndak\u0131 divar\u0131 qald\u0131rd\u0131q. Bundan sonra \u00f6lk\u0259mizin geosiyasi bax\u0131mdan daha da g\u00fccl\u0259nm\u0259si \u00fc\u00e7\u00fcn f\u0259aliyy\u0259timizi davam etdiririk. \u00d6lk\u0259mizin d\u00fc\u015fm\u0259nl\u0259rinin b\u00fct\u00fcn s\u0259yl\u0259rin\u0259 baxmayaraq, biz g\u00fccl\u00fc T\u00fcrkiy\u0259 \u00fc\u00e7\u00fcn \u00e7al\u0131\u015fma\u011fa davam ed\u0259c\u0259yik\u201d.<\/p>\n<p>M\u0259nb\u0259: Haber T\u00fcrk<\/p>\n","protected":false},"excerpt":{"rendered":"<p>\u201cG\u00fccl\u00fc T\u00fcrkiy\u0259 \u00fc\u00e7\u00fcn \u00e7al\u0131\u015fma\u011fa davam ed\u0259c\u0259yik\u201d. Bunu T\u00fcrkiy\u0259 Respublikas\u0131n\u0131n Prezidenti R\u0259c\u0259b Tayyib \u018frdo\u011fan T\u00fcrkiy\u0259 C\u00fcmhuriyy\u0259tinin elan edilm\u0259sinin 100 ili m\u00fcnasib\u0259til\u0259 veril\u0259n r\u0259smi ziyaf\u0259tin i\u015ftirak\u00e7\u0131lar\u0131na videom\u00fcraci\u0259ti zaman\u0131 deyib. T\u00fcrkiy\u0259 Prezidenti \u00f6lk\u0259sind\u0259 v\u0259 d\u00fcnyan\u0131n d\u00f6rd bir yan\u0131nda ya\u015fayan v\u0259t\u0259nda\u015flar\u0131 C\u00fcmhuriyy\u0259t bayram\u0131 m\u00fcnasib\u0259til\u0259 t\u0259brik edib: \u201cBiziml\u0259 bu sevinci payla\u015fan dostlar\u0131m\u0131za t\u0259\u015f\u0259kk\u00fcr edirik. 1000 ildir v\u0259t\u0259n torpaqlar\u0131n\u0131 qanla sulayan \u015f\u0259hidl\u0259rimizi, C\u00fcmhuriyy\u0259timizin banisi Mustafa Kamal Atat\u00fcrk\u00fc h\u00f6rm\u0259tl\u0259 an\u0131ram. K\u00f6k\u00fcn\u00fc tariximizd\u0259n ald\u0131\u011f\u0131m\u0131z ilhamla C\u00fcmhuriyy\u0259timizi daha da inki\u015faf etdirm\u0259k \u0259n \u00f6n\u0259mli v\u0259zif\u0259mizdir\u201d. R.T.\u018frdo\u011fan vur\u011fulay\u0131b ki,\u00a0son 20 ild\u0259 T\u00fcrkiy\u0259nin m\u00fcasir m\u0259d\u0259niyy\u0259tin \u0259n \u00fcst s\u0259viyy\u0259sin\u0259 \u00e7\u0131xar\u0131lmas\u0131 \u00fc\u00e7\u00fcn b\u00fct\u00fcn sah\u0259l\u0259rd\u0259&hellip;<\/p>\n","protected":false},"author":2,"featured_media":650624,"comment_status":"closed","ping_status":"closed","sticky":false,"template":"","format":"standard","meta":{"om_disable_all_campaigns":false,"_monsterinsights_skip_tracking":false,"_monsterinsights_sitenote_active":false,"_monsterinsights_sitenote_note":"","_monsterinsights_sitenote_category":0},"categories":[7],"tags":[],"aioseo_notices":[],"gutentor_comment":0,"rttpg_featured_image_url":{"full":["https:\/\/arantv.az\/wp-content\/uploads\/2023\/10\/FotoJet-2023-10-29T195453.487.jpg",620,413,false],"landscape":["https:\/\/arantv.az\/wp-content\/uploads\/2023\/10\/FotoJet-2023-10-29T195453.487.jpg",620,413,false],"portraits":["https:\/\/arantv.az\/wp-content\/uploads\/2023\/10\/FotoJet-2023-10-29T195453.487.jpg",620,413,false],"thumbnail":["https:\/\/arantv.az\/wp-content\/uploads\/2023\/10\/FotoJet-2023-10-29T195453.487-500x280.jpg",500,280,true],"medium":["https:\/\/arantv.az\/wp-content\/uploads\/2023\/10\/FotoJet-2023-10-29T195453.487-548x365.jpg",548,365,true],"large":["https:\/\/arantv.az\/wp-content\/uploads\/2023\/10\/FotoJet-2023-10-29T195453.487.jpg",620,413,false],"1536x1536":["https:\/\/arantv.az\/wp-content\/uploads\/2023\/10\/FotoJet-2023-10-29T195453.487.jpg",620,413,false],"2048x2048":["https:\/\/arantv.az\/wp-content\/uploads\/2023\/10\/FotoJet-2023-10-29T195453.487.jpg",620,413,false],"post-thumbnail":["https:\/\/arantv.az\/wp-content\/uploads\/2023\/10\/FotoJet-2023-10-29T195453.487-240x172.jpg",240,172,true],"advps-thumb-one":["https:\/\/arantv.az\/wp-content\/uploads\/2023\/10\/FotoJet-2023-10-29T195453.487.jpg",620,413,false]},"rttpg_author":{"display_name":"V\u00fcsal Rafiqo\u011flu","author_link":"https:\/\/arantv.az\/?author=2"},"rttpg_comment":0,"rttpg_category":"<a href=\"https:\/\/arantv.az\/?cat=7\" rel=\"category\">D\u00fcnya<\/a>","rttpg_excerpt":"\u201cG\u00fccl\u00fc T\u00fcrkiy\u0259 \u00fc\u00e7\u00fcn \u00e7al\u0131\u015fma\u011fa davam ed\u0259c\u0259yik\u201d. Bunu T\u00fcrkiy\u0259 Respublikas\u0131n\u0131n Prezidenti R\u0259c\u0259b Tayyib \u018frdo\u011fan T\u00fcrkiy\u0259 C\u00fcmhuriyy\u0259tinin elan edilm\u0259sinin 100 ili m\u00fcnasib\u0259til\u0259 veril\u0259n r\u0259smi ziyaf\u0259tin i\u015ftirak\u00e7\u0131lar\u0131na videom\u00fcraci\u0259ti zaman\u0131 deyib. T\u00fcrkiy\u0259 Prezidenti \u00f6lk\u0259sind\u0259 v\u0259 d\u00fcnyan\u0131n d\u00f6rd bir yan\u0131nda ya\u015fayan v\u0259t\u0259nda\u015flar\u0131 C\u00fcmhuriyy\u0259t bayram\u0131 m\u00fcnasib\u0259til\u0259 t\u0259brik edib: \u201cBiziml\u0259 bu sevinci payla\u015fan dostlar\u0131m\u0131za t\u0259\u015f\u0259kk\u00fcr edirik. 1000 ildir v\u0259t\u0259n torpaqlar\u0131n\u0131 qanla sulayan&hellip;","_links":{"self":[{"href":"https:\/\/arantv.az\/index.php?rest_route=\/wp\/v2\/posts\/650622"}],"collection":[{"href":"https:\/\/arantv.az\/index.php?rest_route=\/wp\/v2\/posts"}],"about":[{"href":"https:\/\/arantv.az\/index.php?rest_route=\/wp\/v2\/types\/post"}],"author":[{"embeddable":true,"href":"https:\/\/arantv.az\/index.php?rest_route=\/wp\/v2\/users\/2"}],"replies":[{"embeddable":true,"href":"https:\/\/arantv.az\/index.php?rest_route=%2Fwp%2Fv2%2Fcomments&post=650622"}],"version-history":[{"count":0,"href":"https:\/\/arantv.az\/index.php?rest_route=\/wp\/v2\/posts\/650622\/revisions"}],"wp:featuredmedia":[{"embeddable":true,"href":"https:\/\/arantv.az\/index.php?rest_route=\/wp\/v2\/media\/650624"}],"wp:attachment":[{"href":"https:\/\/arantv.az\/index.php?rest_route=%2Fwp%2Fv2%2Fmedia&parent=650622"}],"wp:term":[{"taxonomy":"category","embeddable":true,"href":"https:\/\/arantv.az\/index.php?rest_route=%2Fwp%2Fv2%2Fcategories&post=650622"},{"taxonomy":"post_tag","embeddable":true,"href":"https:\/\/arantv.az\/index.php?rest_route=%2Fwp%2Fv2%2Ftags&post=650622"}],"curies":[{"name":"wp","href":"https:\/\/api.w.org\/{rel}","templated":true}]}}