{"id":650626,"date":"2023-10-29T20:48:20","date_gmt":"2023-10-29T16:48:20","guid":{"rendered":"https:\/\/arantv.az\/?p=650626"},"modified":"2023-10-29T20:48:20","modified_gmt":"2023-10-29T16:48:20","slug":"r%c9%99c%c9%99b-oztop-son-100-ild%c9%99-az%c9%99rbaycanla-turkiy%c9%99-arasinda-saysiz-%c9%99m%c9%99kdasliqlar-olub","status":"publish","type":"post","link":"https:\/\/arantv.az\/?p=650626","title":{"rendered":"R\u0259c\u0259b \u00d6ztop: \u201cSon 100 ild\u0259 Az\u0259rbaycanla T\u00fcrkiy\u0259 aras\u0131nda says\u0131z \u0259m\u0259kda\u015fl\u0131qlar olub\u201d"},"content":{"rendered":"<p>\u201cSon 100 ild\u0259 Az\u0259rbaycanla T\u00fcrkiy\u0259 aras\u0131nda says\u0131z \u0259makda\u015fl\u0131qlar olub\u201d.<\/p>\n<p>\u201cReport\u201d x\u0259b\u0259r verir ki, bunu T\u00fcrkiy\u0259nin G\u0259nc\u0259d\u0259ki ba\u015f konsulu R\u0259c\u0259b \u00d6ztop T\u00fcrkiy\u0259 C\u00fcmhuriyy\u0259tinin yaranmas\u0131n\u0131n 100 illiyi m\u00fcnasib\u0259til\u0259 ke\u00e7iril\u0259n t\u0259dbird\u0259n sonra jurnalistl\u0259r\u0259 m\u00fcsahib\u0259sind\u0259 bildirib.<\/p>\n<p>Ba\u015f konsul T\u00fcrkiy\u0259 v\u0259 Az\u0259rbaycan qarda\u015fl\u0131\u011f\u0131n\u0131n y\u00fczillikl\u0259r boyunca davam etm\u0259sini dil\u0259yib:<\/p>\n<p>\u201cT\u00fcrkiy\u0259-Az\u0259rbaycan qarda\u015fl\u0131\u011f\u0131 ke\u00e7mi\u015fl\u0259r\u0259 dayan\u0131r. He\u00e7 k\u0259s\u0259 sirr deyil ki, bu iki \u00f6lk\u0259 daha s\u0131x \u0259m\u0259kda\u015fl\u0131q edir. Qar\u015f\u0131dak\u0131 100 ill\u0259rd\u0259 d\u0259 bu iki \u00f6lk\u0259 aras\u0131nda olan qarda\u015fl\u0131q m\u00fcnasib\u0259tl\u0259rinin daha da iri add\u0131mlarla davam ed\u0259c\u0259yin\u0259 inan\u0131r\u0131q. T\u00fcrkiy\u0259-Az\u0259rbaycan dostlu\u011funun \u0259b\u0259di olmas\u0131n\u0131 arzu edir\u0259m\u201d.<\/p>\n<p>Xat\u0131rladaq ki, bu g\u00fcn T\u00fcrkiy\u0259 C\u00fcmhuriyy\u0259tinin yaranmas\u0131n\u0131n 100 illiyi m\u00fcnasib\u0259til\u0259 T\u00fcrkiy\u0259 C\u00fcmhuriyy\u0259tinin G\u0259nc\u0259ki Ba\u015f Konsullu\u011funun qar\u015f\u0131s\u0131ndan ba\u015flayaraq Qafqaz \u0130slam Ordusunun G\u0259nc\u0259d\u0259ki ilk \u0259m\u0259liyyatlar\u0131 zaman\u0131 \u015f\u0259hid olmu\u015f 13 n\u0259f\u0259r \u0259sg\u0259rin xatir\u0259sin\u0259 ucald\u0131lm\u0131\u015f abid\u0259nin \u00f6n\u00fcn\u0259 q\u0259d\u0259r y\u00fcr\u00fc\u015f ke\u00e7irilib.<\/p>\n","protected":false},"excerpt":{"rendered":"<p>\u201cSon 100 ild\u0259 Az\u0259rbaycanla T\u00fcrkiy\u0259 aras\u0131nda says\u0131z \u0259makda\u015fl\u0131qlar olub\u201d. \u201cReport\u201d x\u0259b\u0259r verir ki, bunu T\u00fcrkiy\u0259nin G\u0259nc\u0259d\u0259ki ba\u015f konsulu R\u0259c\u0259b \u00d6ztop T\u00fcrkiy\u0259 C\u00fcmhuriyy\u0259tinin yaranmas\u0131n\u0131n 100 illiyi m\u00fcnasib\u0259til\u0259 ke\u00e7iril\u0259n t\u0259dbird\u0259n sonra jurnalistl\u0259r\u0259 m\u00fcsahib\u0259sind\u0259 bildirib. Ba\u015f konsul T\u00fcrkiy\u0259 v\u0259 Az\u0259rbaycan qarda\u015fl\u0131\u011f\u0131n\u0131n y\u00fczillikl\u0259r boyunca davam etm\u0259sini dil\u0259yib: \u201cT\u00fcrkiy\u0259-Az\u0259rbaycan qarda\u015fl\u0131\u011f\u0131 ke\u00e7mi\u015fl\u0259r\u0259 dayan\u0131r. He\u00e7 k\u0259s\u0259 sirr deyil ki, bu iki \u00f6lk\u0259 daha s\u0131x \u0259m\u0259kda\u015fl\u0131q edir. Qar\u015f\u0131dak\u0131 100 ill\u0259rd\u0259 d\u0259 bu iki \u00f6lk\u0259 aras\u0131nda olan qarda\u015fl\u0131q m\u00fcnasib\u0259tl\u0259rinin daha da iri add\u0131mlarla davam ed\u0259c\u0259yin\u0259 inan\u0131r\u0131q. T\u00fcrkiy\u0259-Az\u0259rbaycan dostlu\u011funun \u0259b\u0259di olmas\u0131n\u0131 arzu edir\u0259m\u201d. Xat\u0131rladaq ki, bu g\u00fcn T\u00fcrkiy\u0259 C\u00fcmhuriyy\u0259tinin yaranmas\u0131n\u0131n&hellip;<\/p>\n","protected":false},"author":2,"featured_media":650629,"comment_status":"closed","ping_status":"closed","sticky":false,"template":"","format":"standard","meta":{"om_disable_all_campaigns":false,"_monsterinsights_skip_tracking":false,"_monsterinsights_sitenote_active":false,"_monsterinsights_sitenote_note":"","_monsterinsights_sitenote_category":0},"categories":[4],"tags":[],"aioseo_notices":[],"gutentor_comment":0,"rttpg_featured_image_url":{"full":["https:\/\/arantv.az\/wp-content\/uploads\/2023\/10\/93d7af58-abf4-354b-999a-dd3b2e9646e3_850.jpg",620,413,false],"landscape":["https:\/\/arantv.az\/wp-content\/uploads\/2023\/10\/93d7af58-abf4-354b-999a-dd3b2e9646e3_850.jpg",620,413,false],"portraits":["https:\/\/arantv.az\/wp-content\/uploads\/2023\/10\/93d7af58-abf4-354b-999a-dd3b2e9646e3_850.jpg",620,413,false],"thumbnail":["https:\/\/arantv.az\/wp-content\/uploads\/2023\/10\/93d7af58-abf4-354b-999a-dd3b2e9646e3_850-500x280.jpg",500,280,true],"medium":["https:\/\/arantv.az\/wp-content\/uploads\/2023\/10\/93d7af58-abf4-354b-999a-dd3b2e9646e3_850-548x365.jpg",548,365,true],"large":["https:\/\/arantv.az\/wp-content\/uploads\/2023\/10\/93d7af58-abf4-354b-999a-dd3b2e9646e3_850.jpg",620,413,false],"1536x1536":["https:\/\/arantv.az\/wp-content\/uploads\/2023\/10\/93d7af58-abf4-354b-999a-dd3b2e9646e3_850.jpg",620,413,false],"2048x2048":["https:\/\/arantv.az\/wp-content\/uploads\/2023\/10\/93d7af58-abf4-354b-999a-dd3b2e9646e3_850.jpg",620,413,false],"post-thumbnail":["https:\/\/arantv.az\/wp-content\/uploads\/2023\/10\/93d7af58-abf4-354b-999a-dd3b2e9646e3_850-240x172.jpg",240,172,true],"advps-thumb-one":["https:\/\/arantv.az\/wp-content\/uploads\/2023\/10\/93d7af58-abf4-354b-999a-dd3b2e9646e3_850.jpg",620,413,false]},"rttpg_author":{"display_name":"V\u00fcsal Rafiqo\u011flu","author_link":"https:\/\/arantv.az\/?author=2"},"rttpg_comment":0,"rttpg_category":"<a href=\"https:\/\/arantv.az\/?cat=4\" rel=\"category\">Siyas\u0259t<\/a>","rttpg_excerpt":"\u201cSon 100 ild\u0259 Az\u0259rbaycanla T\u00fcrkiy\u0259 aras\u0131nda says\u0131z \u0259makda\u015fl\u0131qlar olub\u201d. \u201cReport\u201d x\u0259b\u0259r verir ki, bunu T\u00fcrkiy\u0259nin G\u0259nc\u0259d\u0259ki ba\u015f konsulu R\u0259c\u0259b \u00d6ztop T\u00fcrkiy\u0259 C\u00fcmhuriyy\u0259tinin yaranmas\u0131n\u0131n 100 illiyi m\u00fcnasib\u0259til\u0259 ke\u00e7iril\u0259n t\u0259dbird\u0259n sonra jurnalistl\u0259r\u0259 m\u00fcsahib\u0259sind\u0259 bildirib. Ba\u015f konsul T\u00fcrkiy\u0259 v\u0259 Az\u0259rbaycan qarda\u015fl\u0131\u011f\u0131n\u0131n y\u00fczillikl\u0259r boyunca davam etm\u0259sini dil\u0259yib: \u201cT\u00fcrkiy\u0259-Az\u0259rbaycan qarda\u015fl\u0131\u011f\u0131 ke\u00e7mi\u015fl\u0259r\u0259 dayan\u0131r. He\u00e7 k\u0259s\u0259 sirr deyil ki, bu iki \u00f6lk\u0259&hellip;","_links":{"self":[{"href":"https:\/\/arantv.az\/index.php?rest_route=\/wp\/v2\/posts\/650626"}],"collection":[{"href":"https:\/\/arantv.az\/index.php?rest_route=\/wp\/v2\/posts"}],"about":[{"href":"https:\/\/arantv.az\/index.php?rest_route=\/wp\/v2\/types\/post"}],"author":[{"embeddable":true,"href":"https:\/\/arantv.az\/index.php?rest_route=\/wp\/v2\/users\/2"}],"replies":[{"embeddable":true,"href":"https:\/\/arantv.az\/index.php?rest_route=%2Fwp%2Fv2%2Fcomments&post=650626"}],"version-history":[{"count":0,"href":"https:\/\/arantv.az\/index.php?rest_route=\/wp\/v2\/posts\/650626\/revisions"}],"wp:featuredmedia":[{"embeddable":true,"href":"https:\/\/arantv.az\/index.php?rest_route=\/wp\/v2\/media\/650629"}],"wp:attachment":[{"href":"https:\/\/arantv.az\/index.php?rest_route=%2Fwp%2Fv2%2Fmedia&parent=650626"}],"wp:term":[{"taxonomy":"category","embeddable":true,"href":"https:\/\/arantv.az\/index.php?rest_route=%2Fwp%2Fv2%2Fcategories&post=650626"},{"taxonomy":"post_tag","embeddable":true,"href":"https:\/\/arantv.az\/index.php?rest_route=%2Fwp%2Fv2%2Ftags&post=650626"}],"curies":[{"name":"wp","href":"https:\/\/api.w.org\/{rel}","templated":true}]}}