{"id":650980,"date":"2023-10-30T14:17:19","date_gmt":"2023-10-30T10:17:19","guid":{"rendered":"https:\/\/arantv.az\/?p=650980"},"modified":"2023-10-30T14:17:19","modified_gmt":"2023-10-30T10:17:19","slug":"metyu-brayza-pasinyan-az%c9%99rbaycanla-sulh-muqavil%c9%99si-imzalamaq-ist%c9%99yir","status":"publish","type":"post","link":"https:\/\/arantv.az\/?p=650980","title":{"rendered":"Metyu Brayza: \u201cPa\u015finyan Az\u0259rbaycanla s\u00fclh m\u00fcqavil\u0259si imzalamaq ist\u0259yir\u201d"},"content":{"rendered":"<p>\u201cErm\u0259nistan\u0131n ba\u015f naziri Nikol Pa\u015finyan Az\u0259rbaycanla s\u00fclh m\u00fcqavil\u0259si imzalamaq ist\u0259yir\u201d.<\/p>\n<p>Bunu \u201cReport\u201da a\u00e7\u0131qlamas\u0131nda Ceymstaun Fondunun \u0130dar\u0259 Hey\u0259tinin \u00fczv\u00fc, AB\u015e-nin Az\u0259rbaycandak\u0131 ke\u00e7mi\u015f s\u0259firi, beyn\u0259lxalq ekspert Metyu Brayza deyib.<\/p>\n<p>Onun s\u00f6zl\u0259rin\u0259 g\u00f6r\u0259, Erm\u0259nistan\u0131n ba\u015f naziri Nikol Pa\u015finyan ba\u015fa d\u00fc\u015f\u00fcr ki, \u00f6lk\u0259sinin firavan g\u0259l\u0259c\u0259yi ondan Az\u0259rbaycan v\u0259 T\u00fcrkiy\u0259 il\u0259 m\u00fcnasib\u0259tl\u0259ri normalla\u015fd\u0131rma\u011f\u0131, o c\u00fcml\u0259d\u0259n n\u0259qliyyat \u0259laq\u0259l\u0259rini b\u0259rpa etm\u0259yi t\u0259l\u0259b edir:<\/p>\n<p>\u201cBu, yeni ticar\u0259t v\u0259 investisiyalara, i\u015f yerl\u0259rinin a\u00e7\u0131lmas\u0131na, iqtisadi art\u0131ma, \u00e7i\u00e7\u0259kl\u0259nm\u0259y\u0259 v\u0259 Erm\u0259nistan\u0131n \u00f6z\u00fc \u00fc\u00e7\u00fcn siyasi sabitliy\u0259 g\u0259tirib \u00e7\u0131xaracaq. Son ill\u0259r Pa\u015finyan a\u00e7\u0131q \u015f\u0259kild\u0259 b\u0259yan edib ki, o, Az\u0259rbaycanla s\u00fclh ist\u0259yir. O, do\u011frudan da\u00a0Az\u0259rbaycanla s\u00fclh m\u00fcqavil\u0259si ba\u011flamaq ist\u0259yir. Lakin ona indiy\u0259d\u0259k Qaraba\u011fdak\u0131 ke\u00e7mi\u015f radikal mill\u0259t\u00e7i rejim v\u0259 qeyri-qanuni h\u0259rbi birl\u0259\u015fm\u0259l\u0259r mane olurdu. \u0130kinci Qaraba\u011f m\u00fcharib\u0259sind\u0259n \u00fc\u00e7 il sonra h\u0259min ekstremist mill\u0259t\u00e7i rejim v\u0259 Erm\u0259nistan\u0131n qeyri-qanuni h\u0259rbi birl\u0259\u015fm\u0259l\u0259ri Qaraba\u011fdan \u00e7\u0131xar\u0131ld\u0131, y\u0259ni s\u00fclh m\u00fcqavil\u0259sinin qar\u015f\u0131s\u0131nda duran son mane\u0259l\u0259r aradan qald\u0131r\u0131ld\u0131\u201d.<\/p>\n<p>Ekspert hesab edir ki, Nikol Pa\u015finyan s\u00fclh m\u00fcqavil\u0259si \u00fczr\u0259 dan\u0131\u015f\u0131qlar\u0131 intensivl\u0259\u015fdir\u0259c\u0259k v\u0259 Erm\u0259nistan\u0131 iqtisadi t\u0259r\u0259fda\u015f kimi Az\u0259rbaycan v\u0259 T\u00fcrkiy\u0259 il\u0259 \u0259m\u0259kda\u015fl\u0131q i\u00e7\u0259risind\u0259 firavan g\u0259l\u0259c\u0259y\u0259 aparacaq:<\/p>\n<p>\u201cBunu g\u00f6zl\u0259yir\u0259m. Ancaq s\u00f6z\u00fcged\u0259n proses h\u0259l\u0259 bir az vaxt aparacaq, \u00e7\u00fcnki Az\u0259rbaycan v\u0259 T\u00fcrkiy\u0259 il\u0259 davam ed\u0259n g\u0259rginlikd\u0259n qazanc v\u0259 m\u0259nf\u0259\u0259t \u0259ld\u0259 ed\u0259n kifay\u0259t q\u0259d\u0259r erm\u0259ni siyas\u0259t\u00e7i var. Amma fikrimc\u0259, Erm\u0259nistanda s\u00fclhsev\u0259r siyasi q\u00fcvv\u0259l\u0259r getdikc\u0259 g\u00fccl\u0259nir\u201d.<\/p>\n","protected":false},"excerpt":{"rendered":"<p>\u201cErm\u0259nistan\u0131n ba\u015f naziri Nikol Pa\u015finyan Az\u0259rbaycanla s\u00fclh m\u00fcqavil\u0259si imzalamaq ist\u0259yir\u201d. Bunu \u201cReport\u201da a\u00e7\u0131qlamas\u0131nda Ceymstaun Fondunun \u0130dar\u0259 Hey\u0259tinin \u00fczv\u00fc, AB\u015e-nin Az\u0259rbaycandak\u0131 ke\u00e7mi\u015f s\u0259firi, beyn\u0259lxalq ekspert Metyu Brayza deyib. Onun s\u00f6zl\u0259rin\u0259 g\u00f6r\u0259, Erm\u0259nistan\u0131n ba\u015f naziri Nikol Pa\u015finyan ba\u015fa d\u00fc\u015f\u00fcr ki, \u00f6lk\u0259sinin firavan g\u0259l\u0259c\u0259yi ondan Az\u0259rbaycan v\u0259 T\u00fcrkiy\u0259 il\u0259 m\u00fcnasib\u0259tl\u0259ri normalla\u015fd\u0131rma\u011f\u0131, o c\u00fcml\u0259d\u0259n n\u0259qliyyat \u0259laq\u0259l\u0259rini b\u0259rpa etm\u0259yi t\u0259l\u0259b edir: \u201cBu, yeni ticar\u0259t v\u0259 investisiyalara, i\u015f yerl\u0259rinin a\u00e7\u0131lmas\u0131na, iqtisadi art\u0131ma, \u00e7i\u00e7\u0259kl\u0259nm\u0259y\u0259 v\u0259 Erm\u0259nistan\u0131n \u00f6z\u00fc \u00fc\u00e7\u00fcn siyasi sabitliy\u0259 g\u0259tirib \u00e7\u0131xaracaq. Son ill\u0259r Pa\u015finyan a\u00e7\u0131q \u015f\u0259kild\u0259 b\u0259yan edib ki, o, Az\u0259rbaycanla s\u00fclh ist\u0259yir. O, do\u011frudan da\u00a0Az\u0259rbaycanla&hellip;<\/p>\n","protected":false},"author":2,"featured_media":650983,"comment_status":"closed","ping_status":"closed","sticky":false,"template":"","format":"standard","meta":{"om_disable_all_campaigns":false,"_monsterinsights_skip_tracking":false,"_monsterinsights_sitenote_active":false,"_monsterinsights_sitenote_note":"","_monsterinsights_sitenote_category":0},"categories":[4],"tags":[],"aioseo_notices":[],"gutentor_comment":0,"rttpg_featured_image_url":{"full":["https:\/\/arantv.az\/wp-content\/uploads\/2023\/10\/84156ab5-cbe9-37f7-8ada-fa976c2de990_850.jpg",620,413,false],"landscape":["https:\/\/arantv.az\/wp-content\/uploads\/2023\/10\/84156ab5-cbe9-37f7-8ada-fa976c2de990_850.jpg",620,413,false],"portraits":["https:\/\/arantv.az\/wp-content\/uploads\/2023\/10\/84156ab5-cbe9-37f7-8ada-fa976c2de990_850.jpg",620,413,false],"thumbnail":["https:\/\/arantv.az\/wp-content\/uploads\/2023\/10\/84156ab5-cbe9-37f7-8ada-fa976c2de990_850-500x280.jpg",500,280,true],"medium":["https:\/\/arantv.az\/wp-content\/uploads\/2023\/10\/84156ab5-cbe9-37f7-8ada-fa976c2de990_850-548x365.jpg",548,365,true],"large":["https:\/\/arantv.az\/wp-content\/uploads\/2023\/10\/84156ab5-cbe9-37f7-8ada-fa976c2de990_850.jpg",620,413,false],"1536x1536":["https:\/\/arantv.az\/wp-content\/uploads\/2023\/10\/84156ab5-cbe9-37f7-8ada-fa976c2de990_850.jpg",620,413,false],"2048x2048":["https:\/\/arantv.az\/wp-content\/uploads\/2023\/10\/84156ab5-cbe9-37f7-8ada-fa976c2de990_850.jpg",620,413,false],"post-thumbnail":["https:\/\/arantv.az\/wp-content\/uploads\/2023\/10\/84156ab5-cbe9-37f7-8ada-fa976c2de990_850-240x172.jpg",240,172,true],"advps-thumb-one":["https:\/\/arantv.az\/wp-content\/uploads\/2023\/10\/84156ab5-cbe9-37f7-8ada-fa976c2de990_850.jpg",620,413,false]},"rttpg_author":{"display_name":"V\u00fcsal Rafiqo\u011flu","author_link":"https:\/\/arantv.az\/?author=2"},"rttpg_comment":0,"rttpg_category":"<a href=\"https:\/\/arantv.az\/?cat=4\" rel=\"category\">Siyas\u0259t<\/a>","rttpg_excerpt":"\u201cErm\u0259nistan\u0131n ba\u015f naziri Nikol Pa\u015finyan Az\u0259rbaycanla s\u00fclh m\u00fcqavil\u0259si imzalamaq ist\u0259yir\u201d. Bunu \u201cReport\u201da a\u00e7\u0131qlamas\u0131nda Ceymstaun Fondunun \u0130dar\u0259 Hey\u0259tinin \u00fczv\u00fc, AB\u015e-nin Az\u0259rbaycandak\u0131 ke\u00e7mi\u015f s\u0259firi, beyn\u0259lxalq ekspert Metyu Brayza deyib. Onun s\u00f6zl\u0259rin\u0259 g\u00f6r\u0259, Erm\u0259nistan\u0131n ba\u015f naziri Nikol Pa\u015finyan ba\u015fa d\u00fc\u015f\u00fcr ki, \u00f6lk\u0259sinin firavan g\u0259l\u0259c\u0259yi ondan Az\u0259rbaycan v\u0259 T\u00fcrkiy\u0259 il\u0259 m\u00fcnasib\u0259tl\u0259ri normalla\u015fd\u0131rma\u011f\u0131, o c\u00fcml\u0259d\u0259n n\u0259qliyyat \u0259laq\u0259l\u0259rini b\u0259rpa etm\u0259yi t\u0259l\u0259b&hellip;","_links":{"self":[{"href":"https:\/\/arantv.az\/index.php?rest_route=\/wp\/v2\/posts\/650980"}],"collection":[{"href":"https:\/\/arantv.az\/index.php?rest_route=\/wp\/v2\/posts"}],"about":[{"href":"https:\/\/arantv.az\/index.php?rest_route=\/wp\/v2\/types\/post"}],"author":[{"embeddable":true,"href":"https:\/\/arantv.az\/index.php?rest_route=\/wp\/v2\/users\/2"}],"replies":[{"embeddable":true,"href":"https:\/\/arantv.az\/index.php?rest_route=%2Fwp%2Fv2%2Fcomments&post=650980"}],"version-history":[{"count":0,"href":"https:\/\/arantv.az\/index.php?rest_route=\/wp\/v2\/posts\/650980\/revisions"}],"wp:featuredmedia":[{"embeddable":true,"href":"https:\/\/arantv.az\/index.php?rest_route=\/wp\/v2\/media\/650983"}],"wp:attachment":[{"href":"https:\/\/arantv.az\/index.php?rest_route=%2Fwp%2Fv2%2Fmedia&parent=650980"}],"wp:term":[{"taxonomy":"category","embeddable":true,"href":"https:\/\/arantv.az\/index.php?rest_route=%2Fwp%2Fv2%2Fcategories&post=650980"},{"taxonomy":"post_tag","embeddable":true,"href":"https:\/\/arantv.az\/index.php?rest_route=%2Fwp%2Fv2%2Ftags&post=650980"}],"curies":[{"name":"wp","href":"https:\/\/api.w.org\/{rel}","templated":true}]}}