{"id":650990,"date":"2023-10-30T15:18:04","date_gmt":"2023-10-30T11:18:04","guid":{"rendered":"https:\/\/arantv.az\/?p=650990"},"modified":"2023-10-30T15:18:04","modified_gmt":"2023-10-30T11:18:04","slug":"vladimir-putin-mahacqala-hadis%c9%99l%c9%99ri-il%c9%99-bagli-boyuk-musavir%c9%99-kecir%c9%99c%c9%99k","status":"publish","type":"post","link":"https:\/\/arantv.az\/?p=650990","title":{"rendered":"Vladimir Putin Maha\u00e7qala hadis\u0259l\u0259ri il\u0259 ba\u011fl\u0131 b\u00f6y\u00fck m\u00fc\u015favir\u0259 ke\u00e7ir\u0259c\u0259k"},"content":{"rendered":"<p>\u201cPrezident Vladimir Putin Q\u0259rbin Rusiya c\u0259miyy\u0259tini par\u00e7alamaq c\u0259hdl\u0259rini m\u00fczakir\u0259 etm\u0259k \u00fc\u00e7\u00fcn m\u00fc\u015favir\u0259 ke\u00e7ir\u0259c\u0259k\u201d.<\/p>\n<p>Bunu oktyabr\u0131n 30-da Rusiya liderinin m\u0259tbuat katibi Dmitri Peskov deyib.<\/p>\n<p>Maha\u00e7qala hadis\u0259l\u0259ri il\u0259 ba\u011fl\u0131 t\u0259xmin\u0259n saat 19:00-da geni\u015f m\u00fc\u015favir\u0259nin ke\u00e7iril\u0259c\u0259yi planla\u015fd\u0131r\u0131l\u0131r.<\/p>\n<p>\u201cBu t\u0259dbird\u0259 Q\u0259rb \u00f6lk\u0259l\u0259rinin Yax\u0131n \u015e\u0259rqd\u0259ki hadis\u0259l\u0259rd\u0259n Rusiya c\u0259miyy\u0259tini par\u00e7alamaq \u00fc\u00e7\u00fcn istifad\u0259 etm\u0259k c\u0259hdl\u0259ri m\u00fczakir\u0259 edil\u0259c\u0259k\u201d, &#8211; dey\u0259 Kreml r\u0259smisi izah edib.<\/p>\n<p>\u018fvv\u0259lc\u0259 prezidentin \u00e7\u0131x\u0131\u015f ed\u0259c\u0259yi, daha sonra is\u0259 ba\u011fl\u0131 qap\u0131lar arxas\u0131nda m\u00fc\u015favir\u0259 ke\u00e7iril\u0259c\u0259yi g\u00f6zl\u0259nilir.<\/p>\n<p>\u201cPutin Da\u011f\u0131stan Respublikas\u0131ndak\u0131 v\u0259ziyy\u0259tl\u0259 ba\u011fl\u0131 d\u00fcn\u0259n gec\u0259 v\u0259 bu g\u00fcn s\u0259h\u0259r Federal T\u0259hl\u00fck\u0259sizlik Xitm\u0259ti, Rusiya Qvardiyas\u0131 v\u0259 respublikan\u0131n r\u0259hb\u0259ri Sergey Melikovdan \u0259trafl\u0131 hesabatlar al\u0131b v\u0259 alma\u011fa davam edir\u201d, &#8211; dey\u0259 Peskov \u0259lav\u0259 edib.<\/p>\n<div id=\"22889818619\"><\/div>\n<p>Qeyd ed\u0259k ki, oktyabr\u0131n 29-da Da\u011f\u0131stan\u0131n paytaxt\u0131 Maha\u00e7qalada y\u00fczl\u0259rl\u0259 \u015f\u0259xs aeroporta h\u00fccum edib. Onlar \u0130sraild\u0259n g\u0259l\u0259n t\u0259yyar\u0259nin enm\u0259li oldu\u011fu \u201cKaspiysk\u201d Hava Liman\u0131 yax\u0131nl\u0131\u011f\u0131nda topla\u015f\u0131b, \u0259ll\u0259rind\u0259 \u201cDa\u011f\u0131standa u\u015faq qatill\u0259rin\u0259 yer yoxdur\u201d yaz\u0131lan plakatlar tutublar. Sonra etiraz\u00e7\u0131lar hava liman\u0131ndak\u0131 xidm\u0259ti otaqlara daxil olaraq \u0130sraild\u0259n g\u0259lmi\u015f v\u0259 burada gizl\u0259dilm\u0259si ehtimal edil\u0259n y\u0259hudil\u0259ri axtar\u0131blar.<\/p>\n<p>Hava liman\u0131n\u0131n f\u0259aliyy\u0259ti m\u0259hdudla\u015fd\u0131r\u0131l\u0131b.<\/p>\n<p>Oktyabr\u0131n 30-da polis Maha\u00e7qala hava liman\u0131 \u0259razisind\u0259ki k\u00fctl\u0259vi i\u011fti\u015fa\u015flar\u0131n 150-d\u0259n \u00e7ox f\u0259al i\u015ftirak\u00e7\u0131s\u0131n\u0131 m\u00fc\u0259yy\u0259n edib. Onlardan 60 n\u0259f\u0259ri saxlan\u0131laraq polis b\u00f6lm\u0259l\u0259rin\u0259 apar\u0131l\u0131b.<\/p>\n<p>M\u0259nb\u0259: TASS<\/p>\n","protected":false},"excerpt":{"rendered":"<p>\u201cPrezident Vladimir Putin Q\u0259rbin Rusiya c\u0259miyy\u0259tini par\u00e7alamaq c\u0259hdl\u0259rini m\u00fczakir\u0259 etm\u0259k \u00fc\u00e7\u00fcn m\u00fc\u015favir\u0259 ke\u00e7ir\u0259c\u0259k\u201d. Bunu oktyabr\u0131n 30-da Rusiya liderinin m\u0259tbuat katibi Dmitri Peskov deyib. Maha\u00e7qala hadis\u0259l\u0259ri il\u0259 ba\u011fl\u0131 t\u0259xmin\u0259n saat 19:00-da geni\u015f m\u00fc\u015favir\u0259nin ke\u00e7iril\u0259c\u0259yi planla\u015fd\u0131r\u0131l\u0131r. \u201cBu t\u0259dbird\u0259 Q\u0259rb \u00f6lk\u0259l\u0259rinin Yax\u0131n \u015e\u0259rqd\u0259ki hadis\u0259l\u0259rd\u0259n Rusiya c\u0259miyy\u0259tini par\u00e7alamaq \u00fc\u00e7\u00fcn istifad\u0259 etm\u0259k c\u0259hdl\u0259ri m\u00fczakir\u0259 edil\u0259c\u0259k\u201d, &#8211; dey\u0259 Kreml r\u0259smisi izah edib. \u018fvv\u0259lc\u0259 prezidentin \u00e7\u0131x\u0131\u015f ed\u0259c\u0259yi, daha sonra is\u0259 ba\u011fl\u0131 qap\u0131lar arxas\u0131nda m\u00fc\u015favir\u0259 ke\u00e7iril\u0259c\u0259yi g\u00f6zl\u0259nilir. \u201cPutin Da\u011f\u0131stan Respublikas\u0131ndak\u0131 v\u0259ziyy\u0259tl\u0259 ba\u011fl\u0131 d\u00fcn\u0259n gec\u0259 v\u0259 bu g\u00fcn s\u0259h\u0259r Federal T\u0259hl\u00fck\u0259sizlik Xitm\u0259ti, Rusiya Qvardiyas\u0131 v\u0259 respublikan\u0131n r\u0259hb\u0259ri Sergey Melikovdan&hellip;<\/p>\n","protected":false},"author":2,"featured_media":650991,"comment_status":"closed","ping_status":"closed","sticky":false,"template":"","format":"standard","meta":{"om_disable_all_campaigns":false,"_monsterinsights_skip_tracking":false,"_monsterinsights_sitenote_active":false,"_monsterinsights_sitenote_note":"","_monsterinsights_sitenote_category":0},"categories":[7],"tags":[],"aioseo_notices":[],"gutentor_comment":0,"rttpg_featured_image_url":{"full":["https:\/\/arantv.az\/wp-content\/uploads\/2023\/10\/FotoJet-2023-10-30T145027.191.jpg",620,413,false],"landscape":["https:\/\/arantv.az\/wp-content\/uploads\/2023\/10\/FotoJet-2023-10-30T145027.191.jpg",620,413,false],"portraits":["https:\/\/arantv.az\/wp-content\/uploads\/2023\/10\/FotoJet-2023-10-30T145027.191.jpg",620,413,false],"thumbnail":["https:\/\/arantv.az\/wp-content\/uploads\/2023\/10\/FotoJet-2023-10-30T145027.191-500x280.jpg",500,280,true],"medium":["https:\/\/arantv.az\/wp-content\/uploads\/2023\/10\/FotoJet-2023-10-30T145027.191-548x365.jpg",548,365,true],"large":["https:\/\/arantv.az\/wp-content\/uploads\/2023\/10\/FotoJet-2023-10-30T145027.191.jpg",620,413,false],"1536x1536":["https:\/\/arantv.az\/wp-content\/uploads\/2023\/10\/FotoJet-2023-10-30T145027.191.jpg",620,413,false],"2048x2048":["https:\/\/arantv.az\/wp-content\/uploads\/2023\/10\/FotoJet-2023-10-30T145027.191.jpg",620,413,false],"post-thumbnail":["https:\/\/arantv.az\/wp-content\/uploads\/2023\/10\/FotoJet-2023-10-30T145027.191-240x172.jpg",240,172,true],"advps-thumb-one":["https:\/\/arantv.az\/wp-content\/uploads\/2023\/10\/FotoJet-2023-10-30T145027.191.jpg",620,413,false]},"rttpg_author":{"display_name":"V\u00fcsal Rafiqo\u011flu","author_link":"https:\/\/arantv.az\/?author=2"},"rttpg_comment":0,"rttpg_category":"<a href=\"https:\/\/arantv.az\/?cat=7\" rel=\"category\">D\u00fcnya<\/a>","rttpg_excerpt":"\u201cPrezident Vladimir Putin Q\u0259rbin Rusiya c\u0259miyy\u0259tini par\u00e7alamaq c\u0259hdl\u0259rini m\u00fczakir\u0259 etm\u0259k \u00fc\u00e7\u00fcn m\u00fc\u015favir\u0259 ke\u00e7ir\u0259c\u0259k\u201d. Bunu oktyabr\u0131n 30-da Rusiya liderinin m\u0259tbuat katibi Dmitri Peskov deyib. Maha\u00e7qala hadis\u0259l\u0259ri il\u0259 ba\u011fl\u0131 t\u0259xmin\u0259n saat 19:00-da geni\u015f m\u00fc\u015favir\u0259nin ke\u00e7iril\u0259c\u0259yi planla\u015fd\u0131r\u0131l\u0131r. \u201cBu t\u0259dbird\u0259 Q\u0259rb \u00f6lk\u0259l\u0259rinin Yax\u0131n \u015e\u0259rqd\u0259ki hadis\u0259l\u0259rd\u0259n Rusiya c\u0259miyy\u0259tini par\u00e7alamaq \u00fc\u00e7\u00fcn istifad\u0259 etm\u0259k c\u0259hdl\u0259ri m\u00fczakir\u0259 edil\u0259c\u0259k\u201d, &#8211; dey\u0259 Kreml r\u0259smisi izah&hellip;","_links":{"self":[{"href":"https:\/\/arantv.az\/index.php?rest_route=\/wp\/v2\/posts\/650990"}],"collection":[{"href":"https:\/\/arantv.az\/index.php?rest_route=\/wp\/v2\/posts"}],"about":[{"href":"https:\/\/arantv.az\/index.php?rest_route=\/wp\/v2\/types\/post"}],"author":[{"embeddable":true,"href":"https:\/\/arantv.az\/index.php?rest_route=\/wp\/v2\/users\/2"}],"replies":[{"embeddable":true,"href":"https:\/\/arantv.az\/index.php?rest_route=%2Fwp%2Fv2%2Fcomments&post=650990"}],"version-history":[{"count":0,"href":"https:\/\/arantv.az\/index.php?rest_route=\/wp\/v2\/posts\/650990\/revisions"}],"wp:featuredmedia":[{"embeddable":true,"href":"https:\/\/arantv.az\/index.php?rest_route=\/wp\/v2\/media\/650991"}],"wp:attachment":[{"href":"https:\/\/arantv.az\/index.php?rest_route=%2Fwp%2Fv2%2Fmedia&parent=650990"}],"wp:term":[{"taxonomy":"category","embeddable":true,"href":"https:\/\/arantv.az\/index.php?rest_route=%2Fwp%2Fv2%2Fcategories&post=650990"},{"taxonomy":"post_tag","embeddable":true,"href":"https:\/\/arantv.az\/index.php?rest_route=%2Fwp%2Fv2%2Ftags&post=650990"}],"curies":[{"name":"wp","href":"https:\/\/api.w.org\/{rel}","templated":true}]}}