{"id":650993,"date":"2023-10-30T15:18:55","date_gmt":"2023-10-30T11:18:55","guid":{"rendered":"https:\/\/arantv.az\/?p=650993"},"modified":"2023-10-30T15:18:55","modified_gmt":"2023-10-30T11:18:55","slug":"avropa-ittifaqi-ozunu-gozd%c9%99n-salir-atdigi-addimlar-bumeranq-effekti-verir-s%c9%99rh-foto","status":"publish","type":"post","link":"https:\/\/arantv.az\/?p=650993","title":{"rendered":"Avropa \u0130ttifaq\u0131 \u00f6z\u00fcn\u00fc g\u00f6zd\u0259n sal\u0131r, atd\u0131\u011f\u0131 add\u0131mlar bumeranq effekti verir &#8211; \u015e\u018fRH + FOTO"},"content":{"rendered":"<p>Son zamanlar Avropa \u0130ttifaq\u0131 (A\u0130) il\u0259 Az\u0259rbaycan aras\u0131ndak\u0131 m\u00fcnasib\u0259tl\u0259rd\u0259 m\u00fc\u0259yy\u0259n probleml\u0259r yaran\u0131b. Bunun da \u0259sas s\u0259b\u0259bi m\u0259hz Br\u00fcsselin C\u0259nubi Qafqaz v\u0259 r\u0259smi Bak\u0131 il\u0259 ba\u011fl\u0131 qeyri-adekvat siyas\u0259tidir.<\/p>\n<p>Do\u011frudur, ayr\u0131-ayr\u0131 vaxtlarda Bel\u00e7ikan\u0131n paytaxt\u0131 Br\u00fcsseld\u0259 Az\u0259rbaycanla Erm\u0259nistan aras\u0131nda konstruktiv g\u00f6r\u00fc\u015fl\u0259r ke\u00e7irilib. Amma ittifaq\u00a0b\u00fct\u00fcn add\u0131mlar\u0131nda \u00f6z maraqlar\u0131n\u0131 g\u00fcd\u00fcb. M\u0259hz buna g\u00f6r\u0259 d\u0259 t\u0259\u015fkilat\u0131n atd\u0131\u011f\u0131 add\u0131mlarda, ritorikas\u0131nda a\u00e7\u0131q-ayd\u0131n ziddiyy\u0259t m\u00fc\u015fahid\u0259 olunur. Bu ziddiyy\u0259t is\u0259 Az\u0259rbaycan\u0131n maraqlar\u0131na uy\u011fun deyil. S\u00f6zs\u00fcz ki, biz\u0259 bel\u0259 t\u0259r\u0259fda\u015f laz\u0131m deyil. N\u0259z\u0259r\u0259 almaq laz\u0131md\u0131r ki, Az\u0259rbaycan\u0131n Avropaya ehtiyac\u0131 yoxdur, \u0259ksin\u0259, A\u0130 \u00f6lk\u0259miz\u0259 m\u00f6htacd\u0131r. \u00c7\u00fcnki m\u0259hz Az\u0259rbaycan Avropan\u0131n enerji t\u0259hl\u00fck\u0259sizliyinin \u0259sas t\u0259minat\u00e7\u0131lar\u0131ndan biridir. M\u00fcxt\u0259lif vaxtlarda ayr\u0131-ayr\u0131 Avropa r\u0259smil\u0259ri, o c\u00fcml\u0259d\u0259n Avropa Komissiyas\u0131n\u0131n r\u0259hb\u0259ri Ursula fon der Lyayen bunu \u015f\u0259xs\u0259n etiraf edibl\u0259r.<\/p>\n<p>\u0130kincisi, Br\u00fcsselin bundan sonra Erm\u0259nistanla m\u00fcnasib\u0259tl\u0259rin normalla\u015fmas\u0131nda da hans\u0131sa rol oynamas\u0131na ehtiyac yoxdur. R\u0259smi Bak\u0131 \u00f6z i\u015fini \u00f6z\u00fc g\u00f6r\u00fcb. Biz bundan sonra A\u0130-siz d\u0259 maraqlar\u0131m\u0131z\u0131 t\u0259min ed\u0259 bil\u0259rik.<\/p>\n<p>Unutmaq olmaz ki, bu g\u00fcn A\u0130 M\u0259rk\u0259zi Asiya il\u0259 \u0259m\u0259kda\u015fl\u0131q \u00fc\u00e7\u00fcn strategiya qurur, amma Avropadan b\u00f6lg\u0259y\u0259 yol Az\u0259rbaycandan ke\u00e7ir.<\/p>\n<p><img src=\"https:\/\/cdn.oxu.az\/uploads\/W1siZiIsIjIwMjMvMTAvMzAvMTMvMzQvMzcvZWQwODBjYmEtZjZiNS00MjcyLWI5OWMtMDcwZDhhNTI4YzcwL2M1NGQ4NDM4LWJjYzEtMzI5MC1hMjAwLTJiMTMxY2Y4ZDBlYSAoMSkuanBnIl0sWyJwIiwiZW5jb2RlIiwianBnIiwiLXF1YWxpdHkgODAiXSxbInAiLCJ0aHVtYiIsIjU5MHg1OTBcdTAwM2UiXV0?sha=dec34a3839fa6c61\" alt=\"\" \/><\/p>\n<p>A\u0130-nin Az\u0259rbaycana qar\u015f\u0131 q\u0259r\u0259zli m\u00fcnasib\u0259tinin \u0259sas s\u0259b\u0259bl\u0259rind\u0259n biri m\u0259hz Fransad\u0131r. R\u0259smi Parisin Az\u0259rbaycan h\u0259qiq\u0259tl\u0259rin\u0259 m\u00fcnasib\u0259ti ayd\u0131nd\u0131r. Fransa x\u00fcsusil\u0259 son ill\u0259r regionun \u201c\u0259n z\u0259if b\u0259ndi\u201d olan Erm\u0259nistandan istifad\u0259 etm\u0259kl\u0259 \u00f6z\u00fcn\u00fcn b\u00f6lg\u0259d\u0259ki maraqlar\u0131n\u0131 t\u0259min etm\u0259y\u0259 \u00e7al\u0131\u015f\u0131b. Br\u00fcsseld\u0259ki b\u0259zi dair\u0259l\u0259r, ilk n\u00f6vb\u0259d\u0259 Fransa, Az\u0259rbaycanla \u0259laq\u0259l\u0259r\u0259 b\u00f6y\u00fck z\u0259r\u0259r vururlar. B\u0259zi ki\u00e7ik marionet \u00f6lk\u0259l\u0259r d\u0259 bu istiqam\u0259td\u0259 canf\u0259\u015fanl\u0131q g\u00f6st\u0259rirl\u0259r. \u018fg\u0259r bel\u0259 dem\u0259k m\u00fcmk\u00fcns\u0259, Paris t\u0259sir dair\u0259sind\u0259 olan b\u0259zi d\u00f6vl\u0259tl\u0259ri d\u0259 manipulyasiya etm\u0259y\u0259 \u00e7al\u0131\u015f\u0131r.<\/p>\n<p>\u018flb\u0259tt\u0259, r\u0259smi Bak\u0131 bu qeyri-sa\u011flam m\u00fcnasib\u0259t\u0259 s\u0259birli v\u0259 d\u00f6z\u00fcml\u00fc yana\u015fa bilm\u0259zdi. Prezident\u00a0<strong>\u0130lham \u018fliyevin<\/strong>\u00a0bu yax\u0131nlarda Qranada v\u0259 Br\u00fcssel g\u00f6r\u00fc\u015fl\u0259rind\u0259n imtina etm\u0259si m\u0259hz A\u0130-nin yanl\u0131\u015f siyas\u0259tin\u0259 qar\u015f\u0131 q\u0259tiyy\u0259tli m\u00f6vqeyimizin t\u0259zah\u00fcr\u00fcd\u00fcr. S\u00f6z\u00fcged\u0259n g\u00f6r\u00fc\u015fl\u0259rd\u0259 i\u015ftirak etm\u0259diyin\u0259 g\u00f6r\u0259 r\u0259smi Bak\u0131n\u0131 q\u0131nayanlar bunun s\u0259b\u0259bl\u0259ri bar\u0259d\u0259 d\u00fc\u015f\u00fcnm\u0259li, Avropa \u0130ttifaq\u0131n\u0131n riyakarl\u0131\u011f\u0131n\u0131 n\u0259z\u0259r\u0259 almal\u0131d\u0131rlar.<\/p>\n<p>\u018fslind\u0259 Az\u0259rbaycanla m\u00fcnasib\u0259tl\u0259rin pisl\u0259\u015fm\u0259si ittifaq\u0131n strateji maraqlar\u0131na uy\u011fun deyil. Bunu ba\u015fa d\u00fc\u015fm\u0259k \u00fc\u00e7\u00fcn ciddi diplomatik t\u0259hlil\u0259 ehtiyac yoxdur. N\u0259z\u0259r\u0259 almaq laz\u0131md\u0131r ki, bu g\u00fcn Az\u0259rbaycan C\u0259nubi Qafqaz\u0131n \u0259sas siyasi aktorudur. Art\u0131q regional reall\u0131qlar\u0131 dikt\u0259 ed\u0259n oyun\u00e7ulardan biri m\u0259hz r\u0259smi Bak\u0131d\u0131r. Bu is\u0259 o dem\u0259kdir ki, A\u0130 Az\u0259rbaycan\u0131n maraqlar\u0131n\u0131 n\u0259z\u0259r\u0259 almadan b\u00f6lg\u0259 il\u0259 ba\u011fl\u0131 he\u00e7 bir layih\u0259sini h\u0259yata ke\u00e7ir\u0259 bilm\u0259z. \u00dcst\u0259g\u0259l, A\u0130 unutmamal\u0131d\u0131r ki, b\u00fct\u00fcn regional m\u0259s\u0259l\u0259l\u0259r art\u0131q \u201c3+3\u201d format\u0131nda (Az\u0259rbaycan, T\u00fcrkiy\u0259, Erm\u0259nistan, G\u00fcrc\u00fcstan, \u0130ran, Rusiya) m\u00fczakir\u0259 olunur v\u0259 m\u0259hz Bak\u0131 bu platforman\u0131n t\u0259\u015f\u0259bb\u00fcskar\u0131d\u0131r. Son zamanlar Tehranla Bak\u0131 aras\u0131nda probleml\u0259rin h\u0259ll olunmas\u0131 n\u0259tic\u0259sind\u0259 alt\u0131l\u0131q platforma daha da canlan\u0131b.<\/p>\n<p><img src=\"https:\/\/cdn.oxu.az\/uploads\/W1siZiIsIjIwMjMvMTAvMzAvMTMvMzQvMzcvMzYwMDMwODItNzE0Yi00OWUzLWEwZjYtMjk4ZTdiMWU1NGIyLzMzMDM0NGIwLTU5MTQtMzQ4MS04MmIwLWMwZTBjYTdmNWRjOS5qcGciXSxbInAiLCJlbmNvZGUiLCJqcGciLCItcXVhbGl0eSA4MCJdLFsicCIsInRodW1iIiwiNTkweDU5MFx1MDAzZSJdXQ?sha=851b813e932b4640\" alt=\"\" \/><\/p>\n<p>A\u0130 n\u0259z\u0259r\u0259 almal\u0131d\u0131r ki, Az\u0259rbaycan regionun apar\u0131c\u0131, \u00f6n\u0259mli d\u00f6vl\u0259tidir v\u0259 V\u0259t\u0259n m\u00fcharib\u0259sind\u0259ki q\u0259l\u0259b\u0259d\u0259n sonra regionun lider d\u00f6vl\u0259ti kimi \u00f6z g\u00fcc\u00fcn\u00fc bir daha ortaya qoydu. Bak\u0131 il\u0259 hesabla\u015fmadan A\u0130-nin maraqlar\u0131 n\u0259 Qafqaz regionunda, n\u0259 d\u0259 M\u0259rk\u0259zi Asiyada t\u0259min oluna bil\u0259r.<\/p>\n<p>Bu g\u00fcn Az\u0259rbaycan\u0131n \u00c7inl\u0259 \u0259laq\u0259l\u0259ri d\u0259 dinamik \u015f\u0259kild\u0259 inki\u015faf edir. \u00c7inin 1995-ci ild\u0259n 2022-ci il\u0259 kimi Az\u0259rbaycana birba\u015fa investisiyas\u0131 920 milyon AB\u015e dollar\u0131 t\u0259\u015fkil edib. Halbuki bunu indiy\u0259d\u0259k he\u00e7 bir A\u0130 \u00f6lk\u0259si etm\u0259yib. Bu g\u00fcn Avropan\u0131n malik oldu\u011fu texnologiya daha ucuz v\u0259 keyfiyy\u0259tli \u015f\u0259kild\u0259 \u00c7ind\u0259 m\u00f6vcuddur. Prosesl\u0259rin haz\u0131rk\u0131 inki\u015faf\u0131, o c\u00fcml\u0259d\u0259n intensivl\u0259\u015f\u0259n qar\u015f\u0131l\u0131ql\u0131 t\u0259maslar onu dem\u0259y\u0259 \u0259sas verir ki, Pekinl\u0259 Bak\u0131 aras\u0131nda \u0259laq\u0259l\u0259r daha s\u00fcr\u0259tl\u0259 inki\u015faf ed\u0259c\u0259k.<\/p>\n<p><img src=\"https:\/\/cdn.oxu.az\/uploads\/W1siZiIsIjIwMjMvMTAvMzAvMTMvMzQvMzcvNDkyM2U0MTYtNGQ0ZC00NWRkLTgyMWQtNmQ0ZDYyMjc2YjMzL2NlYjUzMTU4LWQyMTktMzQzMS1hZjc3LTdjMDRmNDVkNGZkYi5qcGciXSxbInAiLCJlbmNvZGUiLCJqcGciLCItcXVhbGl0eSA4MCJdLFsicCIsInRodW1iIiwiNTkweDU5MFx1MDAzZSJdXQ?sha=752dabe5509e1552\" alt=\"\" \/><\/p>\n<p>Eyni zamanda, Az\u0259rbaycan\u0131n B\u018f\u018f v\u0259 S\u0259udiyy\u0259 \u018fr\u0259bistan\u0131 il\u0259 b\u00f6y\u00fck layih\u0259l\u0259ri var. Bu tenderl\u0259rd\u0259 Avropa \u015firk\u0259tl\u0259ri d\u0259 i\u015ftirak edibl\u0259r, amma r\u0259smi Bak\u0131 qarda\u015f \u00f6lk\u0259l\u0259r\u0259 \u00fcst\u00fcnl\u00fck verib. Az\u0259rbaycan\u0131n \u00f6z daxili investisiya resurslar\u0131, el\u0259c\u0259 d\u0259, \u00c7in, T\u00fcrkiy\u0259, S\u0259udiyy\u0259 \u018fr\u0259bistan\u0131, B\u018f\u018f kimi t\u0259r\u0259fda\u015f \u00f6lk\u0259l\u0259ri var. Buna g\u00f6r\u0259 Az\u0259rbaycan\u0131n n\u0259 AB\u015e-y\u0259, n\u0259 d\u0259 A\u0130-y\u0259 texnoloji v\u0259 iqtisadi bax\u0131m\u0131ndan ehtiyac\u0131 yoxdur.<\/p>\n<p>Bel\u0259likl\u0259, A\u0130 Az\u0259rbaycana qar\u015f\u0131 add\u0131m atark\u0259n iki d\u0259f\u0259 d\u00fc\u015f\u00fcnm\u0259li, h\u0259r\u0259k\u0259tl\u0259rind\u0259 daha diqq\u0259tli olmal\u0131d\u0131r. \u00c7\u00fcnki itir\u0259n \u00f6z\u00fc olacaq. B\u00fct\u00fcn q\u0259r\u0259zli yana\u015fmalar bumeranq effekti ver\u0259c\u0259k. Bel\u0259 dem\u0259k m\u00fcmk\u00fcns\u0259, A\u0130 qazd\u0131\u011f\u0131 quyuya \u00f6z\u00fc d\u00fc\u015f\u0259c\u0259k.<\/p>\n","protected":false},"excerpt":{"rendered":"<p>Son zamanlar Avropa \u0130ttifaq\u0131 (A\u0130) il\u0259 Az\u0259rbaycan aras\u0131ndak\u0131 m\u00fcnasib\u0259tl\u0259rd\u0259 m\u00fc\u0259yy\u0259n probleml\u0259r yaran\u0131b. Bunun da \u0259sas s\u0259b\u0259bi m\u0259hz Br\u00fcsselin C\u0259nubi Qafqaz v\u0259 r\u0259smi Bak\u0131 il\u0259 ba\u011fl\u0131 qeyri-adekvat siyas\u0259tidir. Do\u011frudur, ayr\u0131-ayr\u0131 vaxtlarda Bel\u00e7ikan\u0131n paytaxt\u0131 Br\u00fcsseld\u0259 Az\u0259rbaycanla Erm\u0259nistan aras\u0131nda konstruktiv g\u00f6r\u00fc\u015fl\u0259r ke\u00e7irilib. Amma ittifaq\u00a0b\u00fct\u00fcn add\u0131mlar\u0131nda \u00f6z maraqlar\u0131n\u0131 g\u00fcd\u00fcb. M\u0259hz buna g\u00f6r\u0259 d\u0259 t\u0259\u015fkilat\u0131n atd\u0131\u011f\u0131 add\u0131mlarda, ritorikas\u0131nda a\u00e7\u0131q-ayd\u0131n ziddiyy\u0259t m\u00fc\u015fahid\u0259 olunur. Bu ziddiyy\u0259t is\u0259 Az\u0259rbaycan\u0131n maraqlar\u0131na uy\u011fun deyil. S\u00f6zs\u00fcz ki, biz\u0259 bel\u0259 t\u0259r\u0259fda\u015f laz\u0131m deyil. N\u0259z\u0259r\u0259 almaq laz\u0131md\u0131r ki, Az\u0259rbaycan\u0131n Avropaya ehtiyac\u0131 yoxdur, \u0259ksin\u0259, A\u0130 \u00f6lk\u0259miz\u0259 m\u00f6htacd\u0131r. \u00c7\u00fcnki m\u0259hz Az\u0259rbaycan Avropan\u0131n enerji t\u0259hl\u00fck\u0259sizliyinin \u0259sas&hellip;<\/p>\n","protected":false},"author":2,"featured_media":650994,"comment_status":"closed","ping_status":"closed","sticky":false,"template":"","format":"standard","meta":{"om_disable_all_campaigns":false,"_monsterinsights_skip_tracking":false,"_monsterinsights_sitenote_active":false,"_monsterinsights_sitenote_note":"","_monsterinsights_sitenote_category":0},"categories":[4],"tags":[],"aioseo_notices":[],"gutentor_comment":0,"rttpg_featured_image_url":{"full":["https:\/\/arantv.az\/wp-content\/uploads\/2023\/10\/29fd4200-70b1-37d6-83dc-999169301039_850.jpg",620,413,false],"landscape":["https:\/\/arantv.az\/wp-content\/uploads\/2023\/10\/29fd4200-70b1-37d6-83dc-999169301039_850.jpg",620,413,false],"portraits":["https:\/\/arantv.az\/wp-content\/uploads\/2023\/10\/29fd4200-70b1-37d6-83dc-999169301039_850.jpg",620,413,false],"thumbnail":["https:\/\/arantv.az\/wp-content\/uploads\/2023\/10\/29fd4200-70b1-37d6-83dc-999169301039_850-500x280.jpg",500,280,true],"medium":["https:\/\/arantv.az\/wp-content\/uploads\/2023\/10\/29fd4200-70b1-37d6-83dc-999169301039_850-548x365.jpg",548,365,true],"large":["https:\/\/arantv.az\/wp-content\/uploads\/2023\/10\/29fd4200-70b1-37d6-83dc-999169301039_850.jpg",620,413,false],"1536x1536":["https:\/\/arantv.az\/wp-content\/uploads\/2023\/10\/29fd4200-70b1-37d6-83dc-999169301039_850.jpg",620,413,false],"2048x2048":["https:\/\/arantv.az\/wp-content\/uploads\/2023\/10\/29fd4200-70b1-37d6-83dc-999169301039_850.jpg",620,413,false],"post-thumbnail":["https:\/\/arantv.az\/wp-content\/uploads\/2023\/10\/29fd4200-70b1-37d6-83dc-999169301039_850-240x172.jpg",240,172,true],"advps-thumb-one":["https:\/\/arantv.az\/wp-content\/uploads\/2023\/10\/29fd4200-70b1-37d6-83dc-999169301039_850.jpg",620,413,false]},"rttpg_author":{"display_name":"V\u00fcsal Rafiqo\u011flu","author_link":"https:\/\/arantv.az\/?author=2"},"rttpg_comment":0,"rttpg_category":"<a href=\"https:\/\/arantv.az\/?cat=4\" rel=\"category\">Siyas\u0259t<\/a>","rttpg_excerpt":"Son zamanlar Avropa \u0130ttifaq\u0131 (A\u0130) il\u0259 Az\u0259rbaycan aras\u0131ndak\u0131 m\u00fcnasib\u0259tl\u0259rd\u0259 m\u00fc\u0259yy\u0259n probleml\u0259r yaran\u0131b. Bunun da \u0259sas s\u0259b\u0259bi m\u0259hz Br\u00fcsselin C\u0259nubi Qafqaz v\u0259 r\u0259smi Bak\u0131 il\u0259 ba\u011fl\u0131 qeyri-adekvat siyas\u0259tidir. Do\u011frudur, ayr\u0131-ayr\u0131 vaxtlarda Bel\u00e7ikan\u0131n paytaxt\u0131 Br\u00fcsseld\u0259 Az\u0259rbaycanla Erm\u0259nistan aras\u0131nda konstruktiv g\u00f6r\u00fc\u015fl\u0259r ke\u00e7irilib. Amma ittifaq\u00a0b\u00fct\u00fcn add\u0131mlar\u0131nda \u00f6z maraqlar\u0131n\u0131 g\u00fcd\u00fcb. M\u0259hz buna g\u00f6r\u0259 d\u0259 t\u0259\u015fkilat\u0131n atd\u0131\u011f\u0131 add\u0131mlarda, ritorikas\u0131nda a\u00e7\u0131q-ayd\u0131n ziddiyy\u0259t&hellip;","_links":{"self":[{"href":"https:\/\/arantv.az\/index.php?rest_route=\/wp\/v2\/posts\/650993"}],"collection":[{"href":"https:\/\/arantv.az\/index.php?rest_route=\/wp\/v2\/posts"}],"about":[{"href":"https:\/\/arantv.az\/index.php?rest_route=\/wp\/v2\/types\/post"}],"author":[{"embeddable":true,"href":"https:\/\/arantv.az\/index.php?rest_route=\/wp\/v2\/users\/2"}],"replies":[{"embeddable":true,"href":"https:\/\/arantv.az\/index.php?rest_route=%2Fwp%2Fv2%2Fcomments&post=650993"}],"version-history":[{"count":0,"href":"https:\/\/arantv.az\/index.php?rest_route=\/wp\/v2\/posts\/650993\/revisions"}],"wp:featuredmedia":[{"embeddable":true,"href":"https:\/\/arantv.az\/index.php?rest_route=\/wp\/v2\/media\/650994"}],"wp:attachment":[{"href":"https:\/\/arantv.az\/index.php?rest_route=%2Fwp%2Fv2%2Fmedia&parent=650993"}],"wp:term":[{"taxonomy":"category","embeddable":true,"href":"https:\/\/arantv.az\/index.php?rest_route=%2Fwp%2Fv2%2Fcategories&post=650993"},{"taxonomy":"post_tag","embeddable":true,"href":"https:\/\/arantv.az\/index.php?rest_route=%2Fwp%2Fv2%2Ftags&post=650993"}],"curies":[{"name":"wp","href":"https:\/\/api.w.org\/{rel}","templated":true}]}}