{"id":651003,"date":"2023-10-30T15:27:40","date_gmt":"2023-10-30T11:27:40","guid":{"rendered":"https:\/\/arantv.az\/?p=651003"},"modified":"2023-10-30T15:27:40","modified_gmt":"2023-10-30T11:27:40","slug":"kanadanin-az%c9%99rbaycani-deportasiyada-ittiham-etm%c9%99si-q%c9%99r%c9%99z-v%c9%99-s%c9%99libcilik-t%c9%99f%c9%99kkurudur-s%c9%99rh-foto","status":"publish","type":"post","link":"https:\/\/arantv.az\/?p=651003","title":{"rendered":"\u201cKanadan\u0131n Az\u0259rbaycan\u0131 \u201cdeportasiya\u201dda ittiham etm\u0259si q\u0259r\u0259z v\u0259 s\u0259lib\u00e7ilik t\u0259f\u0259kk\u00fcr\u00fcd\u00fcr\u201d &#8211; \u015e\u018fRH + FOTO"},"content":{"rendered":"<p>\u201cAz\u0259rbaycan\u0131n \u00f6z \u0259razi b\u00fct\u00f6vl\u00fcy\u00fcn\u00fc v\u0259 suverenliyini b\u0259rpa etm\u0259si Erm\u0259nistan\u0131n havadarlar\u0131n\u0131 ciddi narahat edir. Bu s\u0259b\u0259bd\u0259n d\u0259 bir s\u0131ra \u00f6lk\u0259l\u0259rin h\u00f6kum\u0259t n\u00fcmay\u0259nd\u0259l\u0259ri Erm\u0259nistana s\u0259f\u0259r ed\u0259r\u0259k Az\u0259rbaycan\u0131n \u0259leyhin\u0259 b\u0259yanatlar s\u0259sl\u0259ndirirl\u0259r. Kanada xarici i\u015fl\u0259r naziri Melani Coli d\u0259 Erm\u0259nistana s\u0259f\u0259ri zaman\u0131 Az\u0259rbaycana qar\u015f\u0131 \u0259sass\u0131z ittihamlar s\u0259sl\u0259ndirib v\u0259 h\u0259tta Bak\u0131n\u0131 sanksiyalarla h\u0259d\u0259l\u0259yib\u201d.<\/p>\n<p>Bu fikirl\u0259ri\u00a0<strong>Oxu.Az-<\/strong>a a\u00e7\u0131qlamas\u0131nda Milli M\u0259clisin Beyn\u0259lxalq m\u00fcnasib\u0259tl\u0259r v\u0259 parlamentl\u0259raras\u0131 \u0259laq\u0259l\u0259r komit\u0259sinin s\u0259dr m\u00fcavini\u00a0<strong>Sevinc F\u0259t\u0259liyeva<\/strong>\u00a0deyib. Deputat bildirib ki, Az\u0259rbaycan 30 il \u0259rzind\u0259 Erm\u0259nistan\u0131n i\u015f\u011fal\u00e7\u0131 siyas\u0259tin\u0259 m\u0259ruz qal\u0131b. Erm\u0259nistan\u0131n \u0259razil\u0259rimizi onillikl\u0259r \u0259rzind\u0259 i\u015f\u011fal alt\u0131nda saxlamas\u0131 v\u0259 bir milyondan \u00e7ox insan\u0131 \u00f6z torpaqlar\u0131ndan qovmas\u0131, onlar\u0131n evl\u0259rini, dig\u0259r infrastrukturu tamamil\u0259 m\u0259hv etm\u0259si beyn\u0259lxalq cinay\u0259tdir:<\/p>\n<p>&nbsp;<\/p>\n<div class=\"gallery\">\n<div class=\"gallery-i\"><img src=\"https:\/\/cdn.oxu.az\/uploads\/W1siZiIsIjIwMjMvMTAvMzAvMTMvNDQvMzcvNmRmZWE2NmUtZWE0My00ZGVmLThjYjUtYTU1YTgzZDlmNGUxL0ZvdG9KZXQgKDM3KS5qcGciXSxbInAiLCJlbmNvZGUiLCJqcGciLCItcXVhbGl0eSA4MCJdLFsicCIsInRodW1iIiwiNTkweDU5MFx1MDAzZSJdXQ?sha=d89ad50b16c8fff8\" alt=\"\" \/><\/p>\n<div class=\"gallery-i-caption\"><\/div>\n<\/div>\n<\/div>\n<p>\u201cAmma n\u0259d\u0259ns\u0259 Kanada v\u0259 dig\u0259r \u00f6lk\u0259l\u0259r b\u00fct\u00fcn bunlara g\u00f6r\u0259 Erm\u0259nistan\u0131 ittiham etm\u0259dil\u0259r. \u018fksin\u0259, Az\u0259rbaycan\u0131n beyn\u0259lxalq h\u00fcquq \u00e7\u0259r\u00e7iv\u0259sind\u0259 \u00f6z \u0259razi b\u00fct\u00f6vl\u00fcy\u00fcn\u00fc v\u0259 suverenliyini t\u0259min etm\u0259si onlar\u0131 narahat edir. Bu o dem\u0259kdir ki, h\u0259min \u00f6lk\u0259l\u0259r \u00fc\u00e7\u00fcn beyn\u0259lxalq h\u00fcquq he\u00e7 bir m\u0259na k\u0259sb etmir, onlar m\u00fc\u0259yy\u0259n maraqlar \u00e7\u0259r\u00e7iv\u0259sind\u0259 siyas\u0259t y\u00fcr\u00fcd\u00fcrl\u0259r.<\/p>\n<p>Kanada xarici i\u015fl\u0259r nazirinin a\u00e7\u0131qlamalar\u0131 is\u0259 onun b\u00f6lg\u0259d\u0259ki prosesl\u0259rd\u0259n x\u0259b\u0259rdar olmad\u0131\u011f\u0131n\u0131 g\u00f6st\u0259rir. 30 il \u0259rzind\u0259 Erm\u0259nistan\u0131 Az\u0259rbaycan \u0259razil\u0259rinin i\u015f\u011fal\u0131na son qoyma\u011fa bir \u00e7a\u011f\u0131r\u0131\u015f bel\u0259 etm\u0259y\u0259n Kanadan\u0131n indi tutdu\u011fu m\u00f6vqe, Az\u0259rbaycan\u0131 \u201cdeportasiya\u201dda ittiham etm\u0259si q\u0259r\u0259z v\u0259 s\u0259lib\u00e7ilik t\u0259f\u0259kk\u00fcr\u00fcnd\u0259n ir\u0259li g\u0259lir. Xan\u0131m Colinin Erm\u0259nistan\u0131n Az\u0259rbaycanla \u015f\u0259rti s\u0259rh\u0259dd\u0259 d\u00f6y\u00fc\u015f m\u00f6vqeyin\u0259 g\u0259l\u0259r\u0259k binoklla \u0259razil\u0259rimizi m\u00fc\u015fahid\u0259 etm\u0259si onun diplomatik davran\u0131\u015f v\u0259 normalardan n\u0259 q\u0259d\u0259r uzaq oldu\u011funu g\u00f6st\u0259rir\u201d.<\/p>\n<p>Sevinc F\u0259t\u0259liyevan\u0131n fikrinc\u0259, nazirin Az\u0259rbaycan\u0131 sanksiyalarla h\u0259d\u0259l\u0259m\u0259si is\u0259 art\u0131q isterikad\u0131r. \u00c7\u00fcnki Kanada yarand\u0131\u011f\u0131 g\u00fcnd\u0259n indiy\u0259d\u0259k m\u00fcst\u0259qil xarici siyas\u0259ti olmayan marionet bir d\u00f6vl\u0259tdir, onun missiyas\u0131 Va\u015finqtondan g\u0259l\u0259n g\u00f6st\u0259ri\u015fl\u0259ri qeyd-\u015f\u0259rtsiz icra etm\u0259kdir. Kanada il\u0259 AB\u015e-nin h\u0259r hans\u0131 bir \u015ftat\u0131 aras\u0131nda yegan\u0259 f\u0259rq ondad\u0131r ki, \u015ftat qubernatorlar\u0131n\u0131n daha \u00e7ox s\u0259lahiyy\u0259ti var, n\u0259inki Kanada h\u00f6kum\u0259tinin. Eyni zamanda, aborigen xalqlar\u0131n soyq\u0131r\u0131m\u0131 n\u0259tic\u0259sind\u0259 yarad\u0131lm\u0131\u015f Kanada hans\u0131sa \u00f6lk\u0259l\u0259ri etnik d\u00f6z\u00fcms\u00fczl\u00fckd\u0259 ittiham ed\u0259 bil\u0259c\u0259k sonuncu d\u00f6vl\u0259tdir.<\/p>\n<p>\u201cKanadan\u0131n Avropa \u0130ttifaq\u0131n\u0131n (A\u0130) Erm\u0259nistandak\u0131 missiyas\u0131na qo\u015fulmas\u0131 is\u0259 faktiki olaraq AB\u015e-nin bu missiya daxilin\u0259 \u00f6z \u201cvassal\u0131\u201dn\u0131 yerl\u0259\u015fdirm\u0259k \u0259m\u0259liyyat\u0131d\u0131r. AB\u015e A\u0130-nin missiyas\u0131na \u00f6z\u00fc qo\u015fulmur, amma \u201c\u0259lalt\u0131s\u0131\u201dn\u0131n vasit\u0259sil\u0259 prosesl\u0259ri n\u0259zar\u0259td\u0259 saxlamaq ist\u0259yir. Kanada X\u0130N ba\u015f\u00e7\u0131s\u0131n\u0131n s\u0259sl\u0259ndirdiyi c\u0259f\u0259ng fikirl\u0259r g\u00f6st\u0259rir ki, nazirin adi co\u011frafi bilikl\u0259ri bel\u0259 yoxdur. \u018fks halda o, Az\u0259rbaycan\u0131n \u0259h\u0259miyy\u0259tini anlayard\u0131. Bu g\u00fcn Kanada \u00f6z\u00fcn\u00fcn uran ehtiyac\u0131n\u0131 M\u0259rk\u0259zi Asiya \u00f6lk\u0259l\u0259ri vasit\u0259sil\u0259 t\u0259min edir. Uran hava yolu il\u0259 da\u015f\u0131na bilm\u0259z, ona g\u00f6r\u0259 uran\u0131 ya \u00c7in, ya Az\u0259rbaycan \u00fcz\u0259rind\u0259n Kanadaya aparmaq m\u00fcmk\u00fcnd\u00fcr. \u00c7inin buna raz\u0131l\u0131q verm\u0259si m\u00fcmk\u00fcn deyil, odur ki, Kanada bu m\u0259s\u0259l\u0259d\u0259 Az\u0259rbaycandan as\u0131l\u0131d\u0131r. Az\u0259rbaycan ist\u0259nil\u0259n vaxt bu ixrac\u0131 dayand\u0131ra bil\u0259r v\u0259 dayand\u0131rmal\u0131d\u0131r. Az\u0259rbaycan Kanada kimi \u00f6lk\u0259l\u0259rin hans\u0131sa sanksiya h\u0259d\u0259fl\u0259rind\u0259n \u00e7\u0259kin\u0259c\u0259k d\u00f6vl\u0259t deyil. Bizim m\u00f6vqeyimiz beyn\u0259lxalq h\u00fcquqa v\u0259 \u0259dal\u0259t prinsipl\u0259rin\u0259 \u0259saslan\u0131r\u201d, &#8211; dey\u0259 deputat vur\u011fulay\u0131b.<\/p>\n","protected":false},"excerpt":{"rendered":"<p>\u201cAz\u0259rbaycan\u0131n \u00f6z \u0259razi b\u00fct\u00f6vl\u00fcy\u00fcn\u00fc v\u0259 suverenliyini b\u0259rpa etm\u0259si Erm\u0259nistan\u0131n havadarlar\u0131n\u0131 ciddi narahat edir. Bu s\u0259b\u0259bd\u0259n d\u0259 bir s\u0131ra \u00f6lk\u0259l\u0259rin h\u00f6kum\u0259t n\u00fcmay\u0259nd\u0259l\u0259ri Erm\u0259nistana s\u0259f\u0259r ed\u0259r\u0259k Az\u0259rbaycan\u0131n \u0259leyhin\u0259 b\u0259yanatlar s\u0259sl\u0259ndirirl\u0259r. Kanada xarici i\u015fl\u0259r naziri Melani Coli d\u0259 Erm\u0259nistana s\u0259f\u0259ri zaman\u0131 Az\u0259rbaycana qar\u015f\u0131 \u0259sass\u0131z ittihamlar s\u0259sl\u0259ndirib v\u0259 h\u0259tta Bak\u0131n\u0131 sanksiyalarla h\u0259d\u0259l\u0259yib\u201d. Bu fikirl\u0259ri\u00a0Oxu.Az-a a\u00e7\u0131qlamas\u0131nda Milli M\u0259clisin Beyn\u0259lxalq m\u00fcnasib\u0259tl\u0259r v\u0259 parlamentl\u0259raras\u0131 \u0259laq\u0259l\u0259r komit\u0259sinin s\u0259dr m\u00fcavini\u00a0Sevinc F\u0259t\u0259liyeva\u00a0deyib. Deputat bildirib ki, Az\u0259rbaycan 30 il \u0259rzind\u0259 Erm\u0259nistan\u0131n i\u015f\u011fal\u00e7\u0131 siyas\u0259tin\u0259 m\u0259ruz qal\u0131b. Erm\u0259nistan\u0131n \u0259razil\u0259rimizi onillikl\u0259r \u0259rzind\u0259 i\u015f\u011fal alt\u0131nda saxlamas\u0131 v\u0259 bir milyondan \u00e7ox insan\u0131 \u00f6z torpaqlar\u0131ndan qovmas\u0131, onlar\u0131n&hellip;<\/p>\n","protected":false},"author":2,"featured_media":651004,"comment_status":"closed","ping_status":"closed","sticky":false,"template":"","format":"standard","meta":{"om_disable_all_campaigns":false,"_monsterinsights_skip_tracking":false,"_monsterinsights_sitenote_active":false,"_monsterinsights_sitenote_note":"","_monsterinsights_sitenote_category":0},"categories":[4],"tags":[],"aioseo_notices":[],"gutentor_comment":0,"rttpg_featured_image_url":{"full":["https:\/\/arantv.az\/wp-content\/uploads\/2023\/10\/azbb.jpg",620,413,false],"landscape":["https:\/\/arantv.az\/wp-content\/uploads\/2023\/10\/azbb.jpg",620,413,false],"portraits":["https:\/\/arantv.az\/wp-content\/uploads\/2023\/10\/azbb.jpg",620,413,false],"thumbnail":["https:\/\/arantv.az\/wp-content\/uploads\/2023\/10\/azbb-500x280.jpg",500,280,true],"medium":["https:\/\/arantv.az\/wp-content\/uploads\/2023\/10\/azbb-548x365.jpg",548,365,true],"large":["https:\/\/arantv.az\/wp-content\/uploads\/2023\/10\/azbb.jpg",620,413,false],"1536x1536":["https:\/\/arantv.az\/wp-content\/uploads\/2023\/10\/azbb.jpg",620,413,false],"2048x2048":["https:\/\/arantv.az\/wp-content\/uploads\/2023\/10\/azbb.jpg",620,413,false],"post-thumbnail":["https:\/\/arantv.az\/wp-content\/uploads\/2023\/10\/azbb-240x172.jpg",240,172,true],"advps-thumb-one":["https:\/\/arantv.az\/wp-content\/uploads\/2023\/10\/azbb.jpg",620,413,false]},"rttpg_author":{"display_name":"V\u00fcsal Rafiqo\u011flu","author_link":"https:\/\/arantv.az\/?author=2"},"rttpg_comment":0,"rttpg_category":"<a href=\"https:\/\/arantv.az\/?cat=4\" rel=\"category\">Siyas\u0259t<\/a>","rttpg_excerpt":"\u201cAz\u0259rbaycan\u0131n \u00f6z \u0259razi b\u00fct\u00f6vl\u00fcy\u00fcn\u00fc v\u0259 suverenliyini b\u0259rpa etm\u0259si Erm\u0259nistan\u0131n havadarlar\u0131n\u0131 ciddi narahat edir. Bu s\u0259b\u0259bd\u0259n d\u0259 bir s\u0131ra \u00f6lk\u0259l\u0259rin h\u00f6kum\u0259t n\u00fcmay\u0259nd\u0259l\u0259ri Erm\u0259nistana s\u0259f\u0259r ed\u0259r\u0259k Az\u0259rbaycan\u0131n \u0259leyhin\u0259 b\u0259yanatlar s\u0259sl\u0259ndirirl\u0259r. Kanada xarici i\u015fl\u0259r naziri Melani Coli d\u0259 Erm\u0259nistana s\u0259f\u0259ri zaman\u0131 Az\u0259rbaycana qar\u015f\u0131 \u0259sass\u0131z ittihamlar s\u0259sl\u0259ndirib v\u0259 h\u0259tta Bak\u0131n\u0131 sanksiyalarla h\u0259d\u0259l\u0259yib\u201d. Bu fikirl\u0259ri\u00a0Oxu.Az-a a\u00e7\u0131qlamas\u0131nda Milli M\u0259clisin Beyn\u0259lxalq m\u00fcnasib\u0259tl\u0259r&hellip;","_links":{"self":[{"href":"https:\/\/arantv.az\/index.php?rest_route=\/wp\/v2\/posts\/651003"}],"collection":[{"href":"https:\/\/arantv.az\/index.php?rest_route=\/wp\/v2\/posts"}],"about":[{"href":"https:\/\/arantv.az\/index.php?rest_route=\/wp\/v2\/types\/post"}],"author":[{"embeddable":true,"href":"https:\/\/arantv.az\/index.php?rest_route=\/wp\/v2\/users\/2"}],"replies":[{"embeddable":true,"href":"https:\/\/arantv.az\/index.php?rest_route=%2Fwp%2Fv2%2Fcomments&post=651003"}],"version-history":[{"count":0,"href":"https:\/\/arantv.az\/index.php?rest_route=\/wp\/v2\/posts\/651003\/revisions"}],"wp:featuredmedia":[{"embeddable":true,"href":"https:\/\/arantv.az\/index.php?rest_route=\/wp\/v2\/media\/651004"}],"wp:attachment":[{"href":"https:\/\/arantv.az\/index.php?rest_route=%2Fwp%2Fv2%2Fmedia&parent=651003"}],"wp:term":[{"taxonomy":"category","embeddable":true,"href":"https:\/\/arantv.az\/index.php?rest_route=%2Fwp%2Fv2%2Fcategories&post=651003"},{"taxonomy":"post_tag","embeddable":true,"href":"https:\/\/arantv.az\/index.php?rest_route=%2Fwp%2Fv2%2Ftags&post=651003"}],"curies":[{"name":"wp","href":"https:\/\/api.w.org\/{rel}","templated":true}]}}