{"id":651011,"date":"2023-10-30T15:29:28","date_gmt":"2023-10-30T11:29:28","guid":{"rendered":"https:\/\/arantv.az\/?p=651011"},"modified":"2023-10-30T15:29:28","modified_gmt":"2023-10-30T11:29:28","slug":"dagistanda-xaos-boyuyur-soydaslarimizin-yasadigi-d%c9%99rb%c9%99ndd%c9%99-son-v%c9%99ziyy%c9%99t","status":"publish","type":"post","link":"https:\/\/arantv.az\/?p=651011","title":{"rendered":"Da\u011f\u0131standa xaos b\u00f6y\u00fcy\u00fcr &#8211; Soyda\u015flar\u0131m\u0131z\u0131n ya\u015fad\u0131\u011f\u0131 D\u0259rb\u0259ndd\u0259 SON V\u018fZ\u0130YY\u018fT"},"content":{"rendered":"<p>\u201cD\u0259rb\u0259ndd\u0259, \u00fcmumiyy\u0259tl\u0259, Da\u011f\u0131standa ya\u015fayan soyda\u015flar\u0131m\u0131z Maha\u00e7qalada ba\u015f ver\u0259n hadis\u0259l\u0259rin t\u0259sirin\u0259 d\u00fc\u015fm\u0259m\u0259li, \u00f6zl\u0259rini \u00e7ox t\u0259mkinli aparmal\u0131d\u0131rlar\u201d.<\/p>\n<p>Bunu\u00a0Bizim.media-ya a\u00e7\u0131qlamas\u0131nda tan\u0131nm\u0131\u015f jurnalist, \u015eimali Qafqaz \u00fczr\u0259 ekspert\u00a0M\u00fcq\u0259dd\u0259s Mehdiyev\u00a0deyib.<\/p>\n<p>Onun s\u00f6zl\u0259rin\u0259 g\u00f6r\u0259, Da\u011f\u0131standa \u00f6t\u0259n g\u00fcn ba\u015f ver\u0259nl\u0259r \u00e7ox b\u00f6y\u00fck t\u0259\u0259ss\u00fcf hissi do\u011furur v\u0259 bu ya\u015fananlar t\u0259xribat\u00e7\u0131 q\u00fcvv\u0259l\u0259rin \u0259vv\u0259ld\u0259n planla\u015fd\u0131rd\u0131\u011f\u0131 plan\u0131n bir hiss\u0259sidir v\u0259 Da\u011f\u0131standa ya\u015fayan az\u0259rbaycanl\u0131lar \u00e7ox b\u00f6y\u00fck t\u0259mkin v\u0259 s\u0259bir n\u00fcmayi\u015f etdirm\u0259lidirl\u0259r:<\/p>\n<p>\u201cMaha\u00e7qalada ba\u015f ver\u0259nl\u0259rin fonunda bu gec\u0259 200 mind\u0259n \u00e7ox az\u0259rbaycanl\u0131n\u0131n ya\u015fad\u0131\u011f\u0131 D\u0259rb\u0259nd \u015f\u0259h\u0259rind\u0259 m\u00fc\u0259yy\u0259n g\u0259rginlik olsa da, \u015f\u00fck\u00fcrl\u0259r olsun, h\u0259r hans\u0131 qar\u015f\u0131durma ya\u015fanmay\u0131b.<\/p>\n<p>Gec\u0259 boyu D\u0259rb\u0259nd polisi \u015f\u0259h\u0259rd\u0259ki sinaqoqa n\u0259zar\u0259t edib, m\u00fchafiz\u0259 ciddi \u015f\u0259kild\u0259 t\u0259min edilib. \u015e\u0259h\u0259r r\u0259smil\u0259ri v\u0259ziyy\u0259ti n\u0259zar\u0259t\u0259 g\u00f6t\u00fcr\u00fcbl\u0259r. B\u0259zi y\u0259hudi ail\u0259l\u0259rinin orada gec\u0259l\u0259diyi bar\u0259d\u0259 m\u0259lumatlar var. Rusiya Ravvinliyinin D\u0259rb\u0259nd n\u00fcmay\u0259nd\u0259liyinin d\u0259 bir m\u00fcraci\u0259tinin yay\u0131ld\u0131\u011f\u0131 bildirilir. M\u00fcraci\u0259td\u0259 onlar\u0131n n\u0259 ed\u0259c\u0259kl\u0259rini bilm\u0259dikl\u0259ri, laz\u0131m g\u0259l\u0259rs\u0259, 400-\u0259 yax\u0131n y\u0259hudi ail\u0259sinin b\u00f6lg\u0259d\u0259n k\u00f6\u00e7\u00fcr\u00fclm\u0259si \u00f6z \u0259ksini tap\u0131b. Amma h\u0259l\u0259lik bununla ba\u011fl\u0131 h\u0259r hans\u0131 r\u0259smi m\u0259lumat yoxdur\u201d.<\/p>\n<p>M\u00fcq\u0259dd\u0259s Mehdiyev qeyd edib ki, D\u0259rb\u0259nd \u015f\u0259h\u0259rind\u0259ki C\u00fcm\u0259 m\u0259scidinin axundu Seyid Ha\u015fim Teyyubovun da xalqa m\u00fcraci\u0259t etdiyi, soyda\u015flar\u0131m\u0131za \u00f6lk\u0259d\u0259 ba\u015f ver\u0259n\u00a0hadis\u0259l\u0259r\u0259 b\u00f6y\u00fck s\u0259bir v\u0259 t\u0259mkinl\u0259 yana\u015fma\u011f\u0131 t\u00f6vsiy\u0259 etdiyi bar\u0259d\u0259 m\u0259lumatlar da var.<\/p>\n<p>\u00dcmumiyy\u0259tl\u0259, Da\u011f\u0131standa ba\u015f ver\u0259nl\u0259rl\u0259 ba\u011fl\u0131 Da\u011f\u0131stan Respublikas\u0131n\u0131n r\u0259hb\u0259ri Sergey M\u0259likov v\u0259 dig\u0259r r\u0259smil\u0259rin \u00e7\u0131x\u0131\u015f v\u0259 m\u00fcraci\u0259tl\u0259rind\u0259 \u0259halini t\u0259mkinli olma\u011fa \u00e7a\u011f\u0131r\u0131blar.<\/p>\n<p>Bildirilib ki, Da\u011f\u0131standa \u0259srl\u0259r boyu y\u0259hudil\u0259rl\u0259 b\u00fct\u00fcn xalqlar\u0131n n\u00fcmay\u0259nd\u0259l\u0259ri mehriban \u015f\u0259raitd\u0259 ya\u015fay\u0131b v\u0259 \u0259hali t\u0259xribat\u00e7\u0131 q\u00fcvv\u0259l\u0259rin q\u0131z\u0131\u015fd\u0131r\u0131c\u0131 m\u00f6vqel\u0259rin\u0259 uymamal\u0131 v\u0259 b\u00f6y\u00fck t\u0259mkin n\u00fcmayi\u015f etdirm\u0259lidir.<\/p>\n","protected":false},"excerpt":{"rendered":"<p>\u201cD\u0259rb\u0259ndd\u0259, \u00fcmumiyy\u0259tl\u0259, Da\u011f\u0131standa ya\u015fayan soyda\u015flar\u0131m\u0131z Maha\u00e7qalada ba\u015f ver\u0259n hadis\u0259l\u0259rin t\u0259sirin\u0259 d\u00fc\u015fm\u0259m\u0259li, \u00f6zl\u0259rini \u00e7ox t\u0259mkinli aparmal\u0131d\u0131rlar\u201d. Bunu\u00a0Bizim.media-ya a\u00e7\u0131qlamas\u0131nda tan\u0131nm\u0131\u015f jurnalist, \u015eimali Qafqaz \u00fczr\u0259 ekspert\u00a0M\u00fcq\u0259dd\u0259s Mehdiyev\u00a0deyib. Onun s\u00f6zl\u0259rin\u0259 g\u00f6r\u0259, Da\u011f\u0131standa \u00f6t\u0259n g\u00fcn ba\u015f ver\u0259nl\u0259r \u00e7ox b\u00f6y\u00fck t\u0259\u0259ss\u00fcf hissi do\u011furur v\u0259 bu ya\u015fananlar t\u0259xribat\u00e7\u0131 q\u00fcvv\u0259l\u0259rin \u0259vv\u0259ld\u0259n planla\u015fd\u0131rd\u0131\u011f\u0131 plan\u0131n bir hiss\u0259sidir v\u0259 Da\u011f\u0131standa ya\u015fayan az\u0259rbaycanl\u0131lar \u00e7ox b\u00f6y\u00fck t\u0259mkin v\u0259 s\u0259bir n\u00fcmayi\u015f etdirm\u0259lidirl\u0259r: \u201cMaha\u00e7qalada ba\u015f ver\u0259nl\u0259rin fonunda bu gec\u0259 200 mind\u0259n \u00e7ox az\u0259rbaycanl\u0131n\u0131n ya\u015fad\u0131\u011f\u0131 D\u0259rb\u0259nd \u015f\u0259h\u0259rind\u0259 m\u00fc\u0259yy\u0259n g\u0259rginlik olsa da, \u015f\u00fck\u00fcrl\u0259r olsun, h\u0259r hans\u0131 qar\u015f\u0131durma ya\u015fanmay\u0131b. Gec\u0259 boyu D\u0259rb\u0259nd polisi \u015f\u0259h\u0259rd\u0259ki sinaqoqa n\u0259zar\u0259t edib, m\u00fchafiz\u0259&hellip;<\/p>\n","protected":false},"author":2,"featured_media":651012,"comment_status":"closed","ping_status":"closed","sticky":false,"template":"","format":"standard","meta":{"om_disable_all_campaigns":false,"_monsterinsights_skip_tracking":false,"_monsterinsights_sitenote_active":false,"_monsterinsights_sitenote_note":"","_monsterinsights_sitenote_category":0},"categories":[7],"tags":[],"aioseo_notices":[],"gutentor_comment":0,"rttpg_featured_image_url":{"full":["https:\/\/arantv.az\/wp-content\/uploads\/2023\/10\/1698651847_1-2.jpg",620,413,false],"landscape":["https:\/\/arantv.az\/wp-content\/uploads\/2023\/10\/1698651847_1-2.jpg",620,413,false],"portraits":["https:\/\/arantv.az\/wp-content\/uploads\/2023\/10\/1698651847_1-2.jpg",620,413,false],"thumbnail":["https:\/\/arantv.az\/wp-content\/uploads\/2023\/10\/1698651847_1-2-500x280.jpg",500,280,true],"medium":["https:\/\/arantv.az\/wp-content\/uploads\/2023\/10\/1698651847_1-2-548x365.jpg",548,365,true],"large":["https:\/\/arantv.az\/wp-content\/uploads\/2023\/10\/1698651847_1-2.jpg",620,413,false],"1536x1536":["https:\/\/arantv.az\/wp-content\/uploads\/2023\/10\/1698651847_1-2.jpg",620,413,false],"2048x2048":["https:\/\/arantv.az\/wp-content\/uploads\/2023\/10\/1698651847_1-2.jpg",620,413,false],"post-thumbnail":["https:\/\/arantv.az\/wp-content\/uploads\/2023\/10\/1698651847_1-2-240x172.jpg",240,172,true],"advps-thumb-one":["https:\/\/arantv.az\/wp-content\/uploads\/2023\/10\/1698651847_1-2.jpg",620,413,false]},"rttpg_author":{"display_name":"V\u00fcsal Rafiqo\u011flu","author_link":"https:\/\/arantv.az\/?author=2"},"rttpg_comment":0,"rttpg_category":"<a href=\"https:\/\/arantv.az\/?cat=7\" rel=\"category\">D\u00fcnya<\/a>","rttpg_excerpt":"\u201cD\u0259rb\u0259ndd\u0259, \u00fcmumiyy\u0259tl\u0259, Da\u011f\u0131standa ya\u015fayan soyda\u015flar\u0131m\u0131z Maha\u00e7qalada ba\u015f ver\u0259n hadis\u0259l\u0259rin t\u0259sirin\u0259 d\u00fc\u015fm\u0259m\u0259li, \u00f6zl\u0259rini \u00e7ox t\u0259mkinli aparmal\u0131d\u0131rlar\u201d. Bunu\u00a0Bizim.media-ya a\u00e7\u0131qlamas\u0131nda tan\u0131nm\u0131\u015f jurnalist, \u015eimali Qafqaz \u00fczr\u0259 ekspert\u00a0M\u00fcq\u0259dd\u0259s Mehdiyev\u00a0deyib. Onun s\u00f6zl\u0259rin\u0259 g\u00f6r\u0259, Da\u011f\u0131standa \u00f6t\u0259n g\u00fcn ba\u015f ver\u0259nl\u0259r \u00e7ox b\u00f6y\u00fck t\u0259\u0259ss\u00fcf hissi do\u011furur v\u0259 bu ya\u015fananlar t\u0259xribat\u00e7\u0131 q\u00fcvv\u0259l\u0259rin \u0259vv\u0259ld\u0259n planla\u015fd\u0131rd\u0131\u011f\u0131 plan\u0131n bir hiss\u0259sidir v\u0259 Da\u011f\u0131standa ya\u015fayan az\u0259rbaycanl\u0131lar \u00e7ox b\u00f6y\u00fck t\u0259mkin v\u0259&hellip;","_links":{"self":[{"href":"https:\/\/arantv.az\/index.php?rest_route=\/wp\/v2\/posts\/651011"}],"collection":[{"href":"https:\/\/arantv.az\/index.php?rest_route=\/wp\/v2\/posts"}],"about":[{"href":"https:\/\/arantv.az\/index.php?rest_route=\/wp\/v2\/types\/post"}],"author":[{"embeddable":true,"href":"https:\/\/arantv.az\/index.php?rest_route=\/wp\/v2\/users\/2"}],"replies":[{"embeddable":true,"href":"https:\/\/arantv.az\/index.php?rest_route=%2Fwp%2Fv2%2Fcomments&post=651011"}],"version-history":[{"count":0,"href":"https:\/\/arantv.az\/index.php?rest_route=\/wp\/v2\/posts\/651011\/revisions"}],"wp:featuredmedia":[{"embeddable":true,"href":"https:\/\/arantv.az\/index.php?rest_route=\/wp\/v2\/media\/651012"}],"wp:attachment":[{"href":"https:\/\/arantv.az\/index.php?rest_route=%2Fwp%2Fv2%2Fmedia&parent=651011"}],"wp:term":[{"taxonomy":"category","embeddable":true,"href":"https:\/\/arantv.az\/index.php?rest_route=%2Fwp%2Fv2%2Fcategories&post=651011"},{"taxonomy":"post_tag","embeddable":true,"href":"https:\/\/arantv.az\/index.php?rest_route=%2Fwp%2Fv2%2Ftags&post=651011"}],"curies":[{"name":"wp","href":"https:\/\/api.w.org\/{rel}","templated":true}]}}