{"id":651015,"date":"2023-10-30T15:30:01","date_gmt":"2023-10-30T11:30:01","guid":{"rendered":"https:\/\/arantv.az\/?p=651015"},"modified":"2023-10-30T15:30:01","modified_gmt":"2023-10-30T11:30:01","slug":"arif-huseynov-isl%c9%99rim%c9%99-qiym%c9%99t-verilm%c9%99si-m%c9%99n%c9%99-xususi-guc-verir-aciqlama","status":"publish","type":"post","link":"https:\/\/arantv.az\/?p=651015","title":{"rendered":"Arif H\u00fcseynov: \u201c\u0130\u015fl\u0259rim\u0259 qiym\u0259t verilm\u0259si m\u0259n\u0259 x\u00fcsusi g\u00fcc verir\u201d &#8211; A\u00c7IQLAMA"},"content":{"rendered":"<p>\u201c\u015e\u00f6hr\u0259t\u201d ordeni il\u0259 t\u0259ltif olundu\u011fumdan indi x\u0259b\u0259r tutdum\u201d.<\/p>\n<p>Bu s\u00f6zl\u0259ri\u00a0<strong>Oxu.Az-<\/strong>a a\u00e7\u0131qlamas\u0131nda Prezident\u00a0<strong>\u0130lham \u018fliyevin<\/strong>\u00a0m\u00fcvafiq s\u0259r\u0259ncam\u0131 il\u0259 Az\u0259rbaycan r\u0259ssaml\u0131q s\u0259n\u0259tinin inki\u015faf\u0131nda xidm\u0259tl\u0259rin\u0259 g\u00f6r\u0259 \u201c\u015e\u00f6hr\u0259t\u201d ordeni il\u0259 t\u0259ltif olunan\u00a0Xalq r\u0259ssam\u0131\u00a0<strong>Arif H\u00fcseynov<\/strong>\u00a0deyib.<\/p>\n<p>R\u0259ssam m\u00fckafat\u0131n onun \u00fc\u00e7\u00fcn g\u00f6zl\u0259nilm\u0259z oldu\u011funu qeyd edib:<\/p>\n<p>\u201c\u015e\u00f6hr\u0259t\u201d ordeni il\u0259 t\u0259ltif olundu\u011fumu yeni \u00f6yr\u0259ndim. \u018fvv\u0259la onu deyim ki, bu g\u00fcn m\u0259nim 80 illik yubileyimdir. A\u00e7\u0131\u011f\u0131 80 ya\u015f\u0131m oldu\u011fum v\u0259siq\u0259m\u0259 baxanda yad\u0131ma d\u00fc\u015f\u00fcr. R\u0259sml\u0259 m\u0259\u015f\u011ful olanda he\u00e7 xat\u0131rlam\u0131ram. C\u0259nab prezidentin m\u0259nim i\u015fl\u0259rim\u0259 qiym\u0259t verm\u0259si x\u00fcsusi g\u00fcc verir. Orden il\u0259 t\u0259ltif olunma\u011f\u0131m\u0131n bu g\u00fcn\u0259 t\u0259sad\u00fcf etm\u0259si maraq do\u011furur. \u00dcmidvericidir. G\u0259l\u0259c\u0259kd\u0259 yeni-yeni \u0259s\u0259rl\u0259r yaratma\u011fa g\u00fcc verir.<\/p>\n<p>Qaraba\u011fda b\u00f6y\u00fck s\u0259rgi etmi\u015f\u0259m. Bunlar ham\u0131s\u0131 n\u0259z\u0259r\u0259 al\u0131n\u0131b. Obyektiv qiym\u0259t verilib. Diqq\u0259tiniz\u0259 g\u00f6r\u0259, minn\u0259tdaram\u201d.<\/p>\n<p>Qeyd ed\u0259k ki, r\u0259ssam Arif H\u00fcseynov 1992-ci ild\u0259 \u201cAz\u0259rbaycan Respublikas\u0131n\u0131n \u018fm\u0259kdar r\u0259ssam\u0131\u201d, 2006-ci ild\u0259 is\u0259 \u201cAz\u0259rbaycan Respublikas\u0131n\u0131n Xalq r\u0259ssam\u0131\u201d adlar\u0131na layiq g\u00f6r\u00fcl\u00fcb.<\/p>\n","protected":false},"excerpt":{"rendered":"<p>\u201c\u015e\u00f6hr\u0259t\u201d ordeni il\u0259 t\u0259ltif olundu\u011fumdan indi x\u0259b\u0259r tutdum\u201d. Bu s\u00f6zl\u0259ri\u00a0Oxu.Az-a a\u00e7\u0131qlamas\u0131nda Prezident\u00a0\u0130lham \u018fliyevin\u00a0m\u00fcvafiq s\u0259r\u0259ncam\u0131 il\u0259 Az\u0259rbaycan r\u0259ssaml\u0131q s\u0259n\u0259tinin inki\u015faf\u0131nda xidm\u0259tl\u0259rin\u0259 g\u00f6r\u0259 \u201c\u015e\u00f6hr\u0259t\u201d ordeni il\u0259 t\u0259ltif olunan\u00a0Xalq r\u0259ssam\u0131\u00a0Arif H\u00fcseynov\u00a0deyib. R\u0259ssam m\u00fckafat\u0131n onun \u00fc\u00e7\u00fcn g\u00f6zl\u0259nilm\u0259z oldu\u011funu qeyd edib: \u201c\u015e\u00f6hr\u0259t\u201d ordeni il\u0259 t\u0259ltif olundu\u011fumu yeni \u00f6yr\u0259ndim. \u018fvv\u0259la onu deyim ki, bu g\u00fcn m\u0259nim 80 illik yubileyimdir. A\u00e7\u0131\u011f\u0131 80 ya\u015f\u0131m oldu\u011fum v\u0259siq\u0259m\u0259 baxanda yad\u0131ma d\u00fc\u015f\u00fcr. R\u0259sml\u0259 m\u0259\u015f\u011ful olanda he\u00e7 xat\u0131rlam\u0131ram. C\u0259nab prezidentin m\u0259nim i\u015fl\u0259rim\u0259 qiym\u0259t verm\u0259si x\u00fcsusi g\u00fcc verir. Orden il\u0259 t\u0259ltif olunma\u011f\u0131m\u0131n bu g\u00fcn\u0259 t\u0259sad\u00fcf etm\u0259si maraq do\u011furur. \u00dcmidvericidir. G\u0259l\u0259c\u0259kd\u0259 yeni-yeni \u0259s\u0259rl\u0259r yaratma\u011fa&hellip;<\/p>\n","protected":false},"author":2,"featured_media":651016,"comment_status":"closed","ping_status":"closed","sticky":false,"template":"","format":"standard","meta":{"om_disable_all_campaigns":false,"_monsterinsights_skip_tracking":false,"_monsterinsights_sitenote_active":false,"_monsterinsights_sitenote_note":"","_monsterinsights_sitenote_category":0},"categories":[1],"tags":[],"aioseo_notices":[],"gutentor_comment":0,"rttpg_featured_image_url":{"full":["https:\/\/arantv.az\/wp-content\/uploads\/2023\/10\/FotoJet-2023-10-30T140423.036.jpg",620,413,false],"landscape":["https:\/\/arantv.az\/wp-content\/uploads\/2023\/10\/FotoJet-2023-10-30T140423.036.jpg",620,413,false],"portraits":["https:\/\/arantv.az\/wp-content\/uploads\/2023\/10\/FotoJet-2023-10-30T140423.036.jpg",620,413,false],"thumbnail":["https:\/\/arantv.az\/wp-content\/uploads\/2023\/10\/FotoJet-2023-10-30T140423.036-500x280.jpg",500,280,true],"medium":["https:\/\/arantv.az\/wp-content\/uploads\/2023\/10\/FotoJet-2023-10-30T140423.036-548x365.jpg",548,365,true],"large":["https:\/\/arantv.az\/wp-content\/uploads\/2023\/10\/FotoJet-2023-10-30T140423.036.jpg",620,413,false],"1536x1536":["https:\/\/arantv.az\/wp-content\/uploads\/2023\/10\/FotoJet-2023-10-30T140423.036.jpg",620,413,false],"2048x2048":["https:\/\/arantv.az\/wp-content\/uploads\/2023\/10\/FotoJet-2023-10-30T140423.036.jpg",620,413,false],"post-thumbnail":["https:\/\/arantv.az\/wp-content\/uploads\/2023\/10\/FotoJet-2023-10-30T140423.036-240x172.jpg",240,172,true],"advps-thumb-one":["https:\/\/arantv.az\/wp-content\/uploads\/2023\/10\/FotoJet-2023-10-30T140423.036.jpg",620,413,false]},"rttpg_author":{"display_name":"V\u00fcsal Rafiqo\u011flu","author_link":"https:\/\/arantv.az\/?author=2"},"rttpg_comment":0,"rttpg_category":"<a href=\"https:\/\/arantv.az\/?cat=1\" rel=\"category\">C\u0259miyy\u0259t<\/a>","rttpg_excerpt":"\u201c\u015e\u00f6hr\u0259t\u201d ordeni il\u0259 t\u0259ltif olundu\u011fumdan indi x\u0259b\u0259r tutdum\u201d. Bu s\u00f6zl\u0259ri\u00a0Oxu.Az-a a\u00e7\u0131qlamas\u0131nda Prezident\u00a0\u0130lham \u018fliyevin\u00a0m\u00fcvafiq s\u0259r\u0259ncam\u0131 il\u0259 Az\u0259rbaycan r\u0259ssaml\u0131q s\u0259n\u0259tinin inki\u015faf\u0131nda xidm\u0259tl\u0259rin\u0259 g\u00f6r\u0259 \u201c\u015e\u00f6hr\u0259t\u201d ordeni il\u0259 t\u0259ltif olunan\u00a0Xalq r\u0259ssam\u0131\u00a0Arif H\u00fcseynov\u00a0deyib. R\u0259ssam m\u00fckafat\u0131n onun \u00fc\u00e7\u00fcn g\u00f6zl\u0259nilm\u0259z oldu\u011funu qeyd edib: \u201c\u015e\u00f6hr\u0259t\u201d ordeni il\u0259 t\u0259ltif olundu\u011fumu yeni \u00f6yr\u0259ndim. \u018fvv\u0259la onu deyim ki, bu g\u00fcn m\u0259nim 80 illik yubileyimdir. A\u00e7\u0131\u011f\u0131 80&hellip;","_links":{"self":[{"href":"https:\/\/arantv.az\/index.php?rest_route=\/wp\/v2\/posts\/651015"}],"collection":[{"href":"https:\/\/arantv.az\/index.php?rest_route=\/wp\/v2\/posts"}],"about":[{"href":"https:\/\/arantv.az\/index.php?rest_route=\/wp\/v2\/types\/post"}],"author":[{"embeddable":true,"href":"https:\/\/arantv.az\/index.php?rest_route=\/wp\/v2\/users\/2"}],"replies":[{"embeddable":true,"href":"https:\/\/arantv.az\/index.php?rest_route=%2Fwp%2Fv2%2Fcomments&post=651015"}],"version-history":[{"count":0,"href":"https:\/\/arantv.az\/index.php?rest_route=\/wp\/v2\/posts\/651015\/revisions"}],"wp:featuredmedia":[{"embeddable":true,"href":"https:\/\/arantv.az\/index.php?rest_route=\/wp\/v2\/media\/651016"}],"wp:attachment":[{"href":"https:\/\/arantv.az\/index.php?rest_route=%2Fwp%2Fv2%2Fmedia&parent=651015"}],"wp:term":[{"taxonomy":"category","embeddable":true,"href":"https:\/\/arantv.az\/index.php?rest_route=%2Fwp%2Fv2%2Fcategories&post=651015"},{"taxonomy":"post_tag","embeddable":true,"href":"https:\/\/arantv.az\/index.php?rest_route=%2Fwp%2Fv2%2Ftags&post=651015"}],"curies":[{"name":"wp","href":"https:\/\/api.w.org\/{rel}","templated":true}]}}