{"id":65119,"date":"2019-06-08T15:40:31","date_gmt":"2019-06-08T12:40:31","guid":{"rendered":"http:\/\/arantv.az\/?p=65119"},"modified":"2019-06-08T15:40:31","modified_gmt":"2019-06-08T12:40:31","slug":"naxcivana-ucmali-olan-t%c9%99yyar%c9%99-l%c9%99nk%c9%99rana-enis-etdi-s%c9%99b%c9%99b","status":"publish","type":"post","link":"https:\/\/arantv.az\/?p=65119","title":{"rendered":"Nax\u00e7\u0131vana u\u00e7mal\u0131 olan t\u0259yyar\u0259 L\u0259nk\u0259rana eni\u015f etdi &#8211; S\u018fB\u018fB"},"content":{"rendered":"<p>AZAL-\u0131n J2-253 Bak\u0131 (GYD) &#8211; Nax\u00e7\u0131van (NAJ) reysi il\u0259 u\u00e7mal\u0131 olan t\u0259yyar\u0259 L\u0259nk\u0259ran hava liman\u0131na eni\u015f edib.<\/p>\n<p>Bununla ba\u011fl\u0131 AZAL-\u0131n \u201cFacebook\u201d s\u0259hif\u0259sind\u0259\u00a0<a href=\"https:\/\/www.facebook.com\/azalqsc\/posts\/2323225781102993?__xts__%5B0%5D=68.ARCvXSk9Zw-vSXDBra-7-Yv8qQo1UgmjtXEqqcdtkeITDV_E1yHd4ZKFWWEm3vW55xZPGKgqEsSljHFYxdMHtBipaVoeKHaQVtRzwX7yCwDKYwyQoWI-yQbjfJ1vuon19PD1IjVzou8LlaQ7WiXAbnOHTksbugacXX4xlupyIANHar58nId3YWwBACe2sizPItk5wPmNjZImZApt2uSAvSU6W4FUXUz7OK7KPrQX07ZgnctwlnXRBC4hIp-TU3VhC5GsG2xuah6vQcK5n1RIFbl3f5ojTaOd0bVDEdZoBrvD2dLKTTNtJbSMbGpSIfRHXzszjQEQ3NB0QqaeyfE1Hw&amp;__tn__=-R\" target=\"_blank\" rel=\"noopener\">m\u0259lumat<\/a>\u00a0verilib.<\/p>\n<p>Bildirilib ki, Nax\u00e7\u0131van hava liman\u0131nda \u0259lveri\u015fsiz hava \u015f\u0259raiti il\u0259 (\u015fim\u015f\u0259k v\u0259 leysan) \u0259laq\u0259dar olaraq, hava g\u0259misinin kapitan\u0131 L\u0259nk\u0259rana enm\u0259k q\u0259rar\u0131na g\u0259lib.<\/p>\n<div id=\"AdviadNativeVideo0\" class=\"AdviadNativeVideo\"><\/div>\n<p>T\u0259yyar\u0259 yerli vaxtla saat 15:08-d\u0259 \u200b\u200bt\u0259hl\u00fck\u0259siz yer\u0259 enib.<\/p>\n<p>Reysin s\u0259rni\u015finl\u0259ri hava \u015f\u0259raiti yax\u015f\u0131la\u015fd\u0131qdan sonra Nax\u00e7\u0131vana \u00e7atd\u0131r\u0131lacaq.<\/p>\n<p>Qeyd ed\u0259k ki, ehtiyac oldu\u011fu t\u0259qdird\u0259, gecikmi\u015f reysin s\u0259rni\u015finl\u0259ri avia\u015firk\u0259tin qaydalar\u0131na uy\u011fun olaraq z\u0259ruri olan h\u0259r \u015feyl\u0259 t\u0259min edil\u0259c\u0259k.<\/p>\n","protected":false},"excerpt":{"rendered":"<p>AZAL-\u0131n J2-253 Bak\u0131 (GYD) &#8211; Nax\u00e7\u0131van (NAJ) reysi il\u0259 u\u00e7mal\u0131 olan t\u0259yyar\u0259 L\u0259nk\u0259ran hava liman\u0131na eni\u015f edib. Bununla ba\u011fl\u0131 AZAL-\u0131n \u201cFacebook\u201d s\u0259hif\u0259sind\u0259\u00a0m\u0259lumat\u00a0verilib. Bildirilib ki, Nax\u00e7\u0131van hava liman\u0131nda \u0259lveri\u015fsiz hava \u015f\u0259raiti il\u0259 (\u015fim\u015f\u0259k v\u0259 leysan) \u0259laq\u0259dar olaraq, hava g\u0259misinin kapitan\u0131 L\u0259nk\u0259rana enm\u0259k q\u0259rar\u0131na g\u0259lib. T\u0259yyar\u0259 yerli vaxtla saat 15:08-d\u0259 \u200b\u200bt\u0259hl\u00fck\u0259siz yer\u0259 enib. Reysin s\u0259rni\u015finl\u0259ri hava \u015f\u0259raiti yax\u015f\u0131la\u015fd\u0131qdan sonra Nax\u00e7\u0131vana \u00e7atd\u0131r\u0131lacaq. Qeyd ed\u0259k ki, ehtiyac oldu\u011fu t\u0259qdird\u0259, gecikmi\u015f reysin s\u0259rni\u015finl\u0259ri avia\u015firk\u0259tin qaydalar\u0131na uy\u011fun olaraq z\u0259ruri olan h\u0259r \u015feyl\u0259 t\u0259min edil\u0259c\u0259k.<\/p>\n","protected":false},"author":2,"featured_media":65120,"comment_status":"closed","ping_status":"closed","sticky":false,"template":"","format":"standard","meta":{"om_disable_all_campaigns":false,"_monsterinsights_skip_tracking":false,"_monsterinsights_sitenote_active":false,"_monsterinsights_sitenote_note":"","_monsterinsights_sitenote_category":0},"categories":[1],"tags":[],"aioseo_notices":[],"gutentor_comment":0,"rttpg_featured_image_url":{"full":["https:\/\/arantv.az\/wp-content\/uploads\/2019\/06\/azl.jpg",620,353,false],"landscape":["https:\/\/arantv.az\/wp-content\/uploads\/2019\/06\/azl.jpg",620,353,false],"portraits":["https:\/\/arantv.az\/wp-content\/uploads\/2019\/06\/azl.jpg",620,353,false],"thumbnail":["https:\/\/arantv.az\/wp-content\/uploads\/2019\/06\/azl-150x150.jpg",150,150,true],"medium":["https:\/\/arantv.az\/wp-content\/uploads\/2019\/06\/azl-300x171.jpg",300,171,true],"large":["https:\/\/arantv.az\/wp-content\/uploads\/2019\/06\/azl.jpg",620,353,false],"1536x1536":["https:\/\/arantv.az\/wp-content\/uploads\/2019\/06\/azl.jpg",620,353,false],"2048x2048":["https:\/\/arantv.az\/wp-content\/uploads\/2019\/06\/azl.jpg",620,353,false],"post-thumbnail":["https:\/\/arantv.az\/wp-content\/uploads\/2019\/06\/azl-240x172.jpg",240,172,true],"advps-thumb-one":["https:\/\/arantv.az\/wp-content\/uploads\/2019\/06\/azl.jpg",620,353,false]},"rttpg_author":{"display_name":"V\u00fcsal Rafiqo\u011flu","author_link":"https:\/\/arantv.az\/?author=2"},"rttpg_comment":0,"rttpg_category":"<a href=\"https:\/\/arantv.az\/?cat=1\" rel=\"category\">C\u0259miyy\u0259t<\/a>","rttpg_excerpt":"AZAL-\u0131n J2-253 Bak\u0131 (GYD) &#8211; Nax\u00e7\u0131van (NAJ) reysi il\u0259 u\u00e7mal\u0131 olan t\u0259yyar\u0259 L\u0259nk\u0259ran hava liman\u0131na eni\u015f edib. Bununla ba\u011fl\u0131 AZAL-\u0131n \u201cFacebook\u201d s\u0259hif\u0259sind\u0259\u00a0m\u0259lumat\u00a0verilib. Bildirilib ki, Nax\u00e7\u0131van hava liman\u0131nda \u0259lveri\u015fsiz hava \u015f\u0259raiti il\u0259 (\u015fim\u015f\u0259k v\u0259 leysan) \u0259laq\u0259dar olaraq, hava g\u0259misinin kapitan\u0131 L\u0259nk\u0259rana enm\u0259k q\u0259rar\u0131na g\u0259lib. T\u0259yyar\u0259 yerli vaxtla saat 15:08-d\u0259 \u200b\u200bt\u0259hl\u00fck\u0259siz yer\u0259 enib. Reysin s\u0259rni\u015finl\u0259ri hava \u015f\u0259raiti&hellip;","_links":{"self":[{"href":"https:\/\/arantv.az\/index.php?rest_route=\/wp\/v2\/posts\/65119"}],"collection":[{"href":"https:\/\/arantv.az\/index.php?rest_route=\/wp\/v2\/posts"}],"about":[{"href":"https:\/\/arantv.az\/index.php?rest_route=\/wp\/v2\/types\/post"}],"author":[{"embeddable":true,"href":"https:\/\/arantv.az\/index.php?rest_route=\/wp\/v2\/users\/2"}],"replies":[{"embeddable":true,"href":"https:\/\/arantv.az\/index.php?rest_route=%2Fwp%2Fv2%2Fcomments&post=65119"}],"version-history":[{"count":0,"href":"https:\/\/arantv.az\/index.php?rest_route=\/wp\/v2\/posts\/65119\/revisions"}],"wp:featuredmedia":[{"embeddable":true,"href":"https:\/\/arantv.az\/index.php?rest_route=\/wp\/v2\/media\/65120"}],"wp:attachment":[{"href":"https:\/\/arantv.az\/index.php?rest_route=%2Fwp%2Fv2%2Fmedia&parent=65119"}],"wp:term":[{"taxonomy":"category","embeddable":true,"href":"https:\/\/arantv.az\/index.php?rest_route=%2Fwp%2Fv2%2Fcategories&post=65119"},{"taxonomy":"post_tag","embeddable":true,"href":"https:\/\/arantv.az\/index.php?rest_route=%2Fwp%2Fv2%2Ftags&post=65119"}],"curies":[{"name":"wp","href":"https:\/\/api.w.org\/{rel}","templated":true}]}}