{"id":65125,"date":"2019-06-08T15:44:25","date_gmt":"2019-06-08T12:44:25","guid":{"rendered":"http:\/\/arantv.az\/?p=65125"},"modified":"2019-06-08T15:44:25","modified_gmt":"2019-06-08T12:44:25","slug":"az%c9%99rbaycan-as-pa-nin-komit%c9%99-iclasinda-t%c9%99msil-olunub","status":"publish","type":"post","link":"https:\/\/arantv.az\/?p=65125","title":{"rendered":"Az\u0259rbaycan A\u015e PA-n\u0131n komit\u0259 iclas\u0131nda t\u0259msil olunub"},"content":{"rendered":"<p><strong>Milli M\u0259clisin deputat\u0131 Sahib\u0259 Qafarova Avropa \u015euras\u0131 Parlament Assambleyas\u0131n\u0131n b\u0259rab\u0259rlik v\u0259 qeyri-diskriminasiya komit\u0259sinin iclas\u0131nda i\u015ftirak etm\u0259k \u00fc\u00e7\u00fcn iyunun 4-d\u0259n 6-d\u0259k Serbiyan\u0131n paytaxt\u0131 Belqradda s\u0259f\u0259rd\u0259 olub.<\/strong><\/p>\n<p><strong>ARANTV.AZ<\/strong>-\u0131n m\u0259lumat\u0131na g\u00f6r\u0259, Milli M\u0259clisin deputat\u0131 s\u0259f\u0259r \u00e7\u0259r\u00e7iv\u0259sind\u0259 Belqradda Az\u0259rbaycan xalq\u0131n\u0131n \u00fcmummilli lideri Heyd\u0259r \u018fliyevin abid\u0259sini ziyar\u0259t edib, \u00f6n\u00fcn\u0259 g\u00fcl d\u0259st\u0259l\u0259ri d\u00fcz\u00fcb.<\/p>\n<p>A\u015ePA-n\u0131n b\u0259rab\u0259rlik v\u0259 qeyri-diskriminasiya komit\u0259sinin iclas\u0131nda m\u00fczakir\u0259 olunan m\u00f6vzu il\u0259 ba\u011fl\u0131 \u00e7\u0131x\u0131\u015f ed\u0259n S.Qafarova deyib ki, ruhi v\u0259 psixi sa\u011flaml\u0131q c\u0259miyy\u0259tl\u0259rd\u0259 h\u0259ssas bir m\u00f6vzudur.<\/p>\n<p>Bir s\u0131ra hallarda m\u00f6vcud olan stiqma v\u0259 stereotipl\u0259rin zehni sa\u011flaml\u0131q \u015f\u0259raiti v\u0259 ya psixososial \u0259lilliyi olan insanlar \u00fc\u00e7\u00fcn \u00e7\u0259tinlikl\u0259r yaratd\u0131\u011f\u0131n\u0131 s\u00f6yl\u0259y\u0259n deputat bildirib ki, m\u0259cburi t\u0259dbirl\u0259rin t\u0259tbiq olunmas\u0131 bu \u015f\u0259xsl\u0259r\u0259 b\u0259z\u0259n z\u0259r\u0259r verir.<\/p>\n<p>Deputat\u0131m\u0131z h\u0259m\u00e7inin, iyunun 6-dan 8-n\u0259 kimi Fransan\u0131n paytaxt\u0131 Parisd\u0259 s\u0259f\u0259rd\u0259 olub. O, Az\u0259rbaycanda qad\u0131nlara se\u00e7ki h\u00fcququnun verilm\u0259sinin 100 illiyi il\u0259 \u0259laq\u0259dar Az\u0259rbaycanda qad\u0131n h\u0259r\u0259kat\u0131na, qad\u0131n h\u00fcquqlar\u0131n\u0131n tarixin\u0259 v\u0259 perspektivl\u0259rin\u0259 h\u0259sr olunmu\u015f elmi konfransda i\u015ftirak edib.<\/p>\n","protected":false},"excerpt":{"rendered":"<p>Milli M\u0259clisin deputat\u0131 Sahib\u0259 Qafarova Avropa \u015euras\u0131 Parlament Assambleyas\u0131n\u0131n b\u0259rab\u0259rlik v\u0259 qeyri-diskriminasiya komit\u0259sinin iclas\u0131nda i\u015ftirak etm\u0259k \u00fc\u00e7\u00fcn iyunun 4-d\u0259n 6-d\u0259k Serbiyan\u0131n paytaxt\u0131 Belqradda s\u0259f\u0259rd\u0259 olub. ARANTV.AZ-\u0131n m\u0259lumat\u0131na g\u00f6r\u0259, Milli M\u0259clisin deputat\u0131 s\u0259f\u0259r \u00e7\u0259r\u00e7iv\u0259sind\u0259 Belqradda Az\u0259rbaycan xalq\u0131n\u0131n \u00fcmummilli lideri Heyd\u0259r \u018fliyevin abid\u0259sini ziyar\u0259t edib, \u00f6n\u00fcn\u0259 g\u00fcl d\u0259st\u0259l\u0259ri d\u00fcz\u00fcb. A\u015ePA-n\u0131n b\u0259rab\u0259rlik v\u0259 qeyri-diskriminasiya komit\u0259sinin iclas\u0131nda m\u00fczakir\u0259 olunan m\u00f6vzu il\u0259 ba\u011fl\u0131 \u00e7\u0131x\u0131\u015f ed\u0259n S.Qafarova deyib ki, ruhi v\u0259 psixi sa\u011flaml\u0131q c\u0259miyy\u0259tl\u0259rd\u0259 h\u0259ssas bir m\u00f6vzudur. Bir s\u0131ra hallarda m\u00f6vcud olan stiqma v\u0259 stereotipl\u0259rin zehni sa\u011flaml\u0131q \u015f\u0259raiti v\u0259 ya psixososial \u0259lilliyi olan insanlar \u00fc\u00e7\u00fcn \u00e7\u0259tinlikl\u0259r&hellip;<\/p>\n","protected":false},"author":2,"featured_media":65126,"comment_status":"closed","ping_status":"closed","sticky":false,"template":"","format":"standard","meta":{"om_disable_all_campaigns":false,"_monsterinsights_skip_tracking":false,"_monsterinsights_sitenote_active":false,"_monsterinsights_sitenote_note":"","_monsterinsights_sitenote_category":0},"categories":[4],"tags":[],"aioseo_notices":[],"gutentor_comment":0,"rttpg_featured_image_url":{"full":["https:\/\/arantv.az\/wp-content\/uploads\/2019\/06\/aspa_5u867463635635-1.jpg",800,600,false],"landscape":["https:\/\/arantv.az\/wp-content\/uploads\/2019\/06\/aspa_5u867463635635-1.jpg",800,600,false],"portraits":["https:\/\/arantv.az\/wp-content\/uploads\/2019\/06\/aspa_5u867463635635-1.jpg",800,600,false],"thumbnail":["https:\/\/arantv.az\/wp-content\/uploads\/2019\/06\/aspa_5u867463635635-1-150x150.jpg",150,150,true],"medium":["https:\/\/arantv.az\/wp-content\/uploads\/2019\/06\/aspa_5u867463635635-1-300x225.jpg",300,225,true],"large":["https:\/\/arantv.az\/wp-content\/uploads\/2019\/06\/aspa_5u867463635635-1.jpg",640,480,false],"1536x1536":["https:\/\/arantv.az\/wp-content\/uploads\/2019\/06\/aspa_5u867463635635-1.jpg",800,600,false],"2048x2048":["https:\/\/arantv.az\/wp-content\/uploads\/2019\/06\/aspa_5u867463635635-1.jpg",800,600,false],"post-thumbnail":["https:\/\/arantv.az\/wp-content\/uploads\/2019\/06\/aspa_5u867463635635-1-240x172.jpg",240,172,true],"advps-thumb-one":["https:\/\/arantv.az\/wp-content\/uploads\/2019\/06\/aspa_5u867463635635-1.jpg",800,600,false]},"rttpg_author":{"display_name":"V\u00fcsal Rafiqo\u011flu","author_link":"https:\/\/arantv.az\/?author=2"},"rttpg_comment":0,"rttpg_category":"<a href=\"https:\/\/arantv.az\/?cat=4\" rel=\"category\">Siyas\u0259t<\/a>","rttpg_excerpt":"Milli M\u0259clisin deputat\u0131 Sahib\u0259 Qafarova Avropa \u015euras\u0131 Parlament Assambleyas\u0131n\u0131n b\u0259rab\u0259rlik v\u0259 qeyri-diskriminasiya komit\u0259sinin iclas\u0131nda i\u015ftirak etm\u0259k \u00fc\u00e7\u00fcn iyunun 4-d\u0259n 6-d\u0259k Serbiyan\u0131n paytaxt\u0131 Belqradda s\u0259f\u0259rd\u0259 olub. ARANTV.AZ-\u0131n m\u0259lumat\u0131na g\u00f6r\u0259, Milli M\u0259clisin deputat\u0131 s\u0259f\u0259r \u00e7\u0259r\u00e7iv\u0259sind\u0259 Belqradda Az\u0259rbaycan xalq\u0131n\u0131n \u00fcmummilli lideri Heyd\u0259r \u018fliyevin abid\u0259sini ziyar\u0259t edib, \u00f6n\u00fcn\u0259 g\u00fcl d\u0259st\u0259l\u0259ri d\u00fcz\u00fcb. A\u015ePA-n\u0131n b\u0259rab\u0259rlik v\u0259 qeyri-diskriminasiya komit\u0259sinin iclas\u0131nda m\u00fczakir\u0259 olunan&hellip;","_links":{"self":[{"href":"https:\/\/arantv.az\/index.php?rest_route=\/wp\/v2\/posts\/65125"}],"collection":[{"href":"https:\/\/arantv.az\/index.php?rest_route=\/wp\/v2\/posts"}],"about":[{"href":"https:\/\/arantv.az\/index.php?rest_route=\/wp\/v2\/types\/post"}],"author":[{"embeddable":true,"href":"https:\/\/arantv.az\/index.php?rest_route=\/wp\/v2\/users\/2"}],"replies":[{"embeddable":true,"href":"https:\/\/arantv.az\/index.php?rest_route=%2Fwp%2Fv2%2Fcomments&post=65125"}],"version-history":[{"count":0,"href":"https:\/\/arantv.az\/index.php?rest_route=\/wp\/v2\/posts\/65125\/revisions"}],"wp:featuredmedia":[{"embeddable":true,"href":"https:\/\/arantv.az\/index.php?rest_route=\/wp\/v2\/media\/65126"}],"wp:attachment":[{"href":"https:\/\/arantv.az\/index.php?rest_route=%2Fwp%2Fv2%2Fmedia&parent=65125"}],"wp:term":[{"taxonomy":"category","embeddable":true,"href":"https:\/\/arantv.az\/index.php?rest_route=%2Fwp%2Fv2%2Fcategories&post=65125"},{"taxonomy":"post_tag","embeddable":true,"href":"https:\/\/arantv.az\/index.php?rest_route=%2Fwp%2Fv2%2Ftags&post=65125"}],"curies":[{"name":"wp","href":"https:\/\/api.w.org\/{rel}","templated":true}]}}