{"id":651264,"date":"2023-10-31T10:38:31","date_gmt":"2023-10-31T06:38:31","guid":{"rendered":"https:\/\/arantv.az\/?p=651264"},"modified":"2023-10-31T10:38:31","modified_gmt":"2023-10-31T06:38:31","slug":"erm%c9%99nil%c9%99rin-xank%c9%99ndid%c9%99-m%c9%99hv-etdikl%c9%99ri-tarixi-m%c9%99d%c9%99niyy%c9%99t-abid%c9%99l%c9%99rimiz-xususil%c9%99-m%c9%99scidl%c9%99ri-dagidiblar-video","status":"publish","type":"post","link":"https:\/\/arantv.az\/?p=651264","title":{"rendered":"Erm\u0259nil\u0259rin Xank\u0259ndid\u0259 m\u0259hv etdikl\u0259ri tarixi m\u0259d\u0259niyy\u0259t abid\u0259l\u0259rimiz: X\u00fcsusil\u0259 m\u0259scidl\u0259ri da\u011f\u0131d\u0131blar &#8211; V\u0130DEO"},"content":{"rendered":"<article class=\"news\">\n<div class=\"news-inner\">\n<p>\u0130\u015f\u011fal d\u00f6vr\u00fcnd\u0259 2 645 tarixi m\u0259d\u0259niyy\u0259t abid\u0259miz erm\u0259ni vandall\u0131\u011f\u0131na m\u0259ruz qal\u0131b. Daha \u00e7ox islam d\u00f6vr\u00fc abid\u0259l\u0259rimiz erm\u0259nil\u0259r t\u0259r\u0259find\u0259n birm\u0259nal\u0131 olaraq da\u011f\u0131d\u0131l\u0131b. Alban d\u00f6vr\u00fcn\u0259 aid tarixi abid\u0259l\u0259rimizi is\u0259 m\u0259hv edib saxtala\u015fd\u0131rmaq ist\u0259yibl\u0259r.<\/p>\n<p>\u201cTarix v\u0259 M\u0259d\u0259niyy\u0259t Abid\u0259l\u0259rini M\u00fcdafi\u0259 T\u0259\u015fkilat\u0131\u201d \u0130B-nin s\u0259dri Faiq \u0130smay\u0131lov \u201c\u0130TV X\u0259b\u0259r\u201d\u0259 bildirib ki, 1920-ci il\u0259 q\u0259d\u0259r Xank\u0259ndi \u015f\u0259h\u0259rind\u0259 bir n\u0259f\u0259r d\u0259 olsun erm\u0259ni ya\u015famay\u0131b:<\/p>\n<p>\u201cXank\u0259ndi \u015f\u0259h\u0259rinin \u00f6z\u00fcnd\u0259 37 m\u0259h\u0259ll\u0259 olmu\u015fdu, bu m\u0259h\u0259ll\u0259l\u0259rin 15-i \u0259sas m\u0259h\u0259ll\u0259 say\u0131l\u0131rd\u0131. 15 m\u0259h\u0259ll\u0259nin h\u0259r birind\u0259 \u015eu\u015fa \u015f\u0259h\u0259rind\u0259ki kimi, m\u0259h\u0259ll\u0259 m\u0259scidl\u0259ri vard\u0131. T\u0259kc\u0259 Xank\u0259ndi \u015f\u0259h\u0259rind\u0259 17-d\u0259n \u00e7ox t\u00fcrb\u0259miz olub. Faktiki olaraq onlardan biri d\u0259 bu g\u00fcn\u0259 kimi qalmay\u0131b. Erm\u0259nil\u0259r t\u0259r\u0259find\u0259n da\u011f\u0131d\u0131l\u0131b.<\/p>\n<p>\u00dcmumilikd\u0259 g\u00f6t\u00fcr\u0259nd\u0259 Xank\u0259ndi \u015f\u0259h\u0259rind\u0259 80-d\u0259n \u00e7ox tarix-m\u0259d\u0259niyy\u0259t abid\u0259l\u0259rimiz var\u201d.<\/p>\n<p>Erm\u0259nil\u0259r \u0259razil\u0259rimizd\u0259 qeyri-qanuni arxeoloji qaz\u0131nt\u0131lar aparmaqla sanki \u201cx\u0259zin\u0259\u201d axtar\u0131blar.<\/p>\n<p>\u018ftrafl\u0131 s\u00fcjeti t\u0259qdim edirik:<\/p>\n<div><iframe loading=\"lazy\" title=\"YouTube video player\" src=\"https:\/\/www.youtube.com\/embed\/c2fxqzVLOdY?si=mzjCMoJ4pXSm1LDl\" width=\"560\" height=\"315\" frameborder=\"0\" allowfullscreen=\"allowfullscreen\" data-mce-fragment=\"1\"><\/iframe><\/div>\n<\/div>\n<\/article>\n","protected":false},"excerpt":{"rendered":"<p>\u0130\u015f\u011fal d\u00f6vr\u00fcnd\u0259 2 645 tarixi m\u0259d\u0259niyy\u0259t abid\u0259miz erm\u0259ni vandall\u0131\u011f\u0131na m\u0259ruz qal\u0131b. Daha \u00e7ox islam d\u00f6vr\u00fc abid\u0259l\u0259rimiz erm\u0259nil\u0259r t\u0259r\u0259find\u0259n birm\u0259nal\u0131 olaraq da\u011f\u0131d\u0131l\u0131b. Alban d\u00f6vr\u00fcn\u0259 aid tarixi abid\u0259l\u0259rimizi is\u0259 m\u0259hv edib saxtala\u015fd\u0131rmaq ist\u0259yibl\u0259r. \u201cTarix v\u0259 M\u0259d\u0259niyy\u0259t Abid\u0259l\u0259rini M\u00fcdafi\u0259 T\u0259\u015fkilat\u0131\u201d \u0130B-nin s\u0259dri Faiq \u0130smay\u0131lov \u201c\u0130TV X\u0259b\u0259r\u201d\u0259 bildirib ki, 1920-ci il\u0259 q\u0259d\u0259r Xank\u0259ndi \u015f\u0259h\u0259rind\u0259 bir n\u0259f\u0259r d\u0259 olsun erm\u0259ni ya\u015famay\u0131b: \u201cXank\u0259ndi \u015f\u0259h\u0259rinin \u00f6z\u00fcnd\u0259 37 m\u0259h\u0259ll\u0259 olmu\u015fdu, bu m\u0259h\u0259ll\u0259l\u0259rin 15-i \u0259sas m\u0259h\u0259ll\u0259 say\u0131l\u0131rd\u0131. 15 m\u0259h\u0259ll\u0259nin h\u0259r birind\u0259 \u015eu\u015fa \u015f\u0259h\u0259rind\u0259ki kimi, m\u0259h\u0259ll\u0259 m\u0259scidl\u0259ri vard\u0131. T\u0259kc\u0259 Xank\u0259ndi \u015f\u0259h\u0259rind\u0259 17-d\u0259n \u00e7ox t\u00fcrb\u0259miz olub. Faktiki olaraq onlardan biri d\u0259&hellip;<\/p>\n","protected":false},"author":2,"featured_media":651265,"comment_status":"closed","ping_status":"closed","sticky":false,"template":"","format":"standard","meta":{"om_disable_all_campaigns":false,"_monsterinsights_skip_tracking":false,"_monsterinsights_sitenote_active":false,"_monsterinsights_sitenote_note":"","_monsterinsights_sitenote_category":0},"categories":[1],"tags":[],"aioseo_notices":[],"gutentor_comment":0,"rttpg_featured_image_url":{"full":["https:\/\/arantv.az\/wp-content\/uploads\/2023\/10\/fd811403-7421-3196-8981-ddda0614327f_850-1.jpg",620,413,false],"landscape":["https:\/\/arantv.az\/wp-content\/uploads\/2023\/10\/fd811403-7421-3196-8981-ddda0614327f_850-1.jpg",620,413,false],"portraits":["https:\/\/arantv.az\/wp-content\/uploads\/2023\/10\/fd811403-7421-3196-8981-ddda0614327f_850-1.jpg",620,413,false],"thumbnail":["https:\/\/arantv.az\/wp-content\/uploads\/2023\/10\/fd811403-7421-3196-8981-ddda0614327f_850-1-500x280.jpg",500,280,true],"medium":["https:\/\/arantv.az\/wp-content\/uploads\/2023\/10\/fd811403-7421-3196-8981-ddda0614327f_850-1-548x365.jpg",548,365,true],"large":["https:\/\/arantv.az\/wp-content\/uploads\/2023\/10\/fd811403-7421-3196-8981-ddda0614327f_850-1.jpg",620,413,false],"1536x1536":["https:\/\/arantv.az\/wp-content\/uploads\/2023\/10\/fd811403-7421-3196-8981-ddda0614327f_850-1.jpg",620,413,false],"2048x2048":["https:\/\/arantv.az\/wp-content\/uploads\/2023\/10\/fd811403-7421-3196-8981-ddda0614327f_850-1.jpg",620,413,false],"post-thumbnail":["https:\/\/arantv.az\/wp-content\/uploads\/2023\/10\/fd811403-7421-3196-8981-ddda0614327f_850-1-240x172.jpg",240,172,true],"advps-thumb-one":["https:\/\/arantv.az\/wp-content\/uploads\/2023\/10\/fd811403-7421-3196-8981-ddda0614327f_850-1.jpg",620,413,false]},"rttpg_author":{"display_name":"V\u00fcsal Rafiqo\u011flu","author_link":"https:\/\/arantv.az\/?author=2"},"rttpg_comment":0,"rttpg_category":"<a href=\"https:\/\/arantv.az\/?cat=1\" rel=\"category\">C\u0259miyy\u0259t<\/a>","rttpg_excerpt":"\u0130\u015f\u011fal d\u00f6vr\u00fcnd\u0259 2 645 tarixi m\u0259d\u0259niyy\u0259t abid\u0259miz erm\u0259ni vandall\u0131\u011f\u0131na m\u0259ruz qal\u0131b. Daha \u00e7ox islam d\u00f6vr\u00fc abid\u0259l\u0259rimiz erm\u0259nil\u0259r t\u0259r\u0259find\u0259n birm\u0259nal\u0131 olaraq da\u011f\u0131d\u0131l\u0131b. Alban d\u00f6vr\u00fcn\u0259 aid tarixi abid\u0259l\u0259rimizi is\u0259 m\u0259hv edib saxtala\u015fd\u0131rmaq ist\u0259yibl\u0259r. \u201cTarix v\u0259 M\u0259d\u0259niyy\u0259t Abid\u0259l\u0259rini M\u00fcdafi\u0259 T\u0259\u015fkilat\u0131\u201d \u0130B-nin s\u0259dri Faiq \u0130smay\u0131lov \u201c\u0130TV X\u0259b\u0259r\u201d\u0259 bildirib ki, 1920-ci il\u0259 q\u0259d\u0259r Xank\u0259ndi \u015f\u0259h\u0259rind\u0259 bir n\u0259f\u0259r d\u0259 olsun erm\u0259ni&hellip;","_links":{"self":[{"href":"https:\/\/arantv.az\/index.php?rest_route=\/wp\/v2\/posts\/651264"}],"collection":[{"href":"https:\/\/arantv.az\/index.php?rest_route=\/wp\/v2\/posts"}],"about":[{"href":"https:\/\/arantv.az\/index.php?rest_route=\/wp\/v2\/types\/post"}],"author":[{"embeddable":true,"href":"https:\/\/arantv.az\/index.php?rest_route=\/wp\/v2\/users\/2"}],"replies":[{"embeddable":true,"href":"https:\/\/arantv.az\/index.php?rest_route=%2Fwp%2Fv2%2Fcomments&post=651264"}],"version-history":[{"count":0,"href":"https:\/\/arantv.az\/index.php?rest_route=\/wp\/v2\/posts\/651264\/revisions"}],"wp:featuredmedia":[{"embeddable":true,"href":"https:\/\/arantv.az\/index.php?rest_route=\/wp\/v2\/media\/651265"}],"wp:attachment":[{"href":"https:\/\/arantv.az\/index.php?rest_route=%2Fwp%2Fv2%2Fmedia&parent=651264"}],"wp:term":[{"taxonomy":"category","embeddable":true,"href":"https:\/\/arantv.az\/index.php?rest_route=%2Fwp%2Fv2%2Fcategories&post=651264"},{"taxonomy":"post_tag","embeddable":true,"href":"https:\/\/arantv.az\/index.php?rest_route=%2Fwp%2Fv2%2Ftags&post=651264"}],"curies":[{"name":"wp","href":"https:\/\/api.w.org\/{rel}","templated":true}]}}