{"id":651270,"date":"2023-10-31T10:39:55","date_gmt":"2023-10-31T06:39:55","guid":{"rendered":"https:\/\/arantv.az\/?p=651270"},"modified":"2023-10-31T10:39:55","modified_gmt":"2023-10-31T06:39:55","slug":"m%c9%99tbuat-surasi-jurnalistl%c9%99r%c9%99-xususi-god%c9%99kc%c9%99-verilm%c9%99sini-dayandirdi-s%c9%99b%c9%99b","status":"publish","type":"post","link":"https:\/\/arantv.az\/?p=651270","title":{"rendered":"M\u0259tbuat \u015euras\u0131 jurnalistl\u0259r\u0259 x\u00fcsusi g\u00f6d\u0259k\u00e7\u0259 verilm\u0259sini dayand\u0131rd\u0131 &#8211; S\u018fB\u018fB"},"content":{"rendered":"<p>M\u0259tbuat \u015euras\u0131 (M\u015e) \u201cPRESS\u201d g\u00f6d\u0259k\u00e7\u0259l\u0259rinin verilm\u0259sini dayand\u0131r\u0131b.<\/p>\n<p>Bu bar\u0259d\u0259 M\u015e-dan m\u0259lumat verilib.<\/p>\n<p>Bildirilib ki, m\u00fcxt\u0259lif sosial \u015f\u0259b\u0259k\u0259 profill\u0259rind\u0259 b\u0259zi \u015f\u0259xsl\u0259rin Az\u0259rbaycan M\u0259tbuat \u015euras\u0131na m\u0259xsus oldu\u011fu iddia edil\u0259n, \u00fcz\u0259rind\u0259 \u201cPRESS\u201d yaz\u0131lm\u0131\u015f v\u0259 \u015furan\u0131n loqosunun \u0259ksini tapd\u0131\u011f\u0131 g\u00f6d\u0259k\u00e7\u0259l\u0259rd\u0259 media prinsipl\u0259rin\u0259 zidd f\u0259aliyy\u0259t ger\u00e7\u0259kl\u0259\u015fdirdikl\u0259rin\u0259 dair fikirl\u0259r v\u0259 g\u00f6r\u00fcnt\u00fcl\u0259r payla\u015f\u0131l\u0131b. Bununla \u0259laq\u0259dar M\u0259tbuat \u015euras\u0131 h\u0259min g\u00f6d\u0259k\u00e7\u0259l\u0259rin verilm\u0259sini dayand\u0131r\u0131b.<\/p>\n<p>\u201cQeyd ed\u0259k ki, g\u00f6d\u0259k\u00e7\u0259l\u0259r f\u0259rdi \u015f\u0259xsl\u0259r\u0259 deyil, m\u00f6h\u00fcrl\u00fc v\u0259 imzal\u0131 m\u00fcraci\u0259t \u0259sas\u0131nda redaksiyalara verilirdi. Lakin \u015eura bel\u0259 sad\u0259 prosedurun media f\u0259aliyy\u0259ti h\u0259yata ke\u00e7irdiyini bildir\u0259n t\u0259sad\u00fcfi \u015f\u0259xsl\u0259rin d\u0259 g\u00f6d\u0259k\u00e7\u0259l\u0259ri \u0259ld\u0259 ed\u0259 bilm\u0259sin\u0259 yol a\u00e7d\u0131\u011f\u0131n\u0131 m\u00fc\u0259yy\u0259nl\u0259\u015fdirdi. Buna g\u00f6r\u0259 g\u00f6d\u0259k\u00e7\u0259l\u0259rin verilm\u0259si dayand\u0131r\u0131ld\u0131.<\/p>\n<p>M\u0259tbuat \u015euras\u0131, h\u0259m\u00e7inin, \u201cPRESS\u201d g\u00f6d\u0259k\u00e7\u0259l\u0259rinin b\u0259nz\u0259rl\u0259rinin ayr\u0131-ayr\u0131 \u015f\u0259xsl\u0259r t\u0259r\u0259find\u0259n f\u0259rdi qaydada haz\u0131rland\u0131\u011f\u0131n\u0131 da m\u00fc\u0259yy\u0259nl\u0259\u015fdirib. Haz\u0131rda yay\u0131lm\u0131\u015f g\u00f6r\u00fcnt\u00fcl\u0259rd\u0259 bu tip \u015f\u0259xsl\u0259r \u0259ks olunub. \u015eura bildirir ki, g\u00f6d\u0259k\u00e7\u0259l\u0259r jurnalistl\u0259rin k\u00fctl\u0259vi aksiyalarda, \u00fcmum\u0259n ekstremal durumlarda pe\u015f\u0259 borclar\u0131n\u0131 s\u0259rb\u0259st yerin\u0259 yetirm\u0259l\u0259ri, f\u0259rql\u0259nm\u0259l\u0259ri \u00fc\u00e7\u00fcnd\u00fcr v\u0259 he\u00e7 bir halda media f\u0259aliyy\u0259tind\u0259n k\u0259nar m\u0259qs\u0259dl\u0259r namin\u0259 istifad\u0259 edil\u0259 bilm\u0259z. Jurnalist ad\u0131ndan sui-istifad\u0259, t\u0259m\u0259nnal\u0131 m\u00fcnasib\u0259t v\u0259 dig\u0259r xo\u015fag\u0259lm\u0259z hallar \u201cAz\u0259rbaycan Jurnalistl\u0259rinin Etik Davran\u0131\u015f Qaydalar\u0131\u201dna zidd olmaqla yana\u015f\u0131, h\u00fcquqi m\u0259suliyy\u0259t d\u0259 yarad\u0131r. M\u0259tbuat \u015euras\u0131 h\u0259r k\u0259si bunu n\u0259z\u0259r\u0259 alma\u011fa \u00e7a\u011f\u0131r\u0131r.<\/p>\n<p>\u201cPRESS\u201d g\u00f6d\u0259k\u00e7\u0259l\u0259rinin yeni variant\u0131 v\u0259 redaksiyalara verilm\u0259si qaydalar\u0131 haz\u0131rlan\u0131r. Yax\u0131n vaxtlarda bununla ba\u011fl\u0131 \u015f\u0259rtl\u0259rin a\u00e7\u0131qlanmas\u0131 planla\u015fd\u0131r\u0131l\u0131r\u201d, &#8211; dey\u0259 m\u0259lumatda bildirilir.<\/p>\n","protected":false},"excerpt":{"rendered":"<p>M\u0259tbuat \u015euras\u0131 (M\u015e) \u201cPRESS\u201d g\u00f6d\u0259k\u00e7\u0259l\u0259rinin verilm\u0259sini dayand\u0131r\u0131b. Bu bar\u0259d\u0259 M\u015e-dan m\u0259lumat verilib. Bildirilib ki, m\u00fcxt\u0259lif sosial \u015f\u0259b\u0259k\u0259 profill\u0259rind\u0259 b\u0259zi \u015f\u0259xsl\u0259rin Az\u0259rbaycan M\u0259tbuat \u015euras\u0131na m\u0259xsus oldu\u011fu iddia edil\u0259n, \u00fcz\u0259rind\u0259 \u201cPRESS\u201d yaz\u0131lm\u0131\u015f v\u0259 \u015furan\u0131n loqosunun \u0259ksini tapd\u0131\u011f\u0131 g\u00f6d\u0259k\u00e7\u0259l\u0259rd\u0259 media prinsipl\u0259rin\u0259 zidd f\u0259aliyy\u0259t ger\u00e7\u0259kl\u0259\u015fdirdikl\u0259rin\u0259 dair fikirl\u0259r v\u0259 g\u00f6r\u00fcnt\u00fcl\u0259r payla\u015f\u0131l\u0131b. Bununla \u0259laq\u0259dar M\u0259tbuat \u015euras\u0131 h\u0259min g\u00f6d\u0259k\u00e7\u0259l\u0259rin verilm\u0259sini dayand\u0131r\u0131b. \u201cQeyd ed\u0259k ki, g\u00f6d\u0259k\u00e7\u0259l\u0259r f\u0259rdi \u015f\u0259xsl\u0259r\u0259 deyil, m\u00f6h\u00fcrl\u00fc v\u0259 imzal\u0131 m\u00fcraci\u0259t \u0259sas\u0131nda redaksiyalara verilirdi. Lakin \u015eura bel\u0259 sad\u0259 prosedurun media f\u0259aliyy\u0259ti h\u0259yata ke\u00e7irdiyini bildir\u0259n t\u0259sad\u00fcfi \u015f\u0259xsl\u0259rin d\u0259 g\u00f6d\u0259k\u00e7\u0259l\u0259ri \u0259ld\u0259 ed\u0259 bilm\u0259sin\u0259 yol a\u00e7d\u0131\u011f\u0131n\u0131 m\u00fc\u0259yy\u0259nl\u0259\u015fdirdi. Buna g\u00f6r\u0259&hellip;<\/p>\n","protected":false},"author":2,"featured_media":651272,"comment_status":"closed","ping_status":"closed","sticky":false,"template":"","format":"standard","meta":{"om_disable_all_campaigns":false,"_monsterinsights_skip_tracking":false,"_monsterinsights_sitenote_active":false,"_monsterinsights_sitenote_note":"","_monsterinsights_sitenote_category":0},"categories":[1],"tags":[],"aioseo_notices":[],"gutentor_comment":0,"rttpg_featured_image_url":{"full":["https:\/\/arantv.az\/wp-content\/uploads\/2023\/10\/65409a223dd2765409a223dd28169873257865409a223dd2565409a223dd26.jpg",620,413,false],"landscape":["https:\/\/arantv.az\/wp-content\/uploads\/2023\/10\/65409a223dd2765409a223dd28169873257865409a223dd2565409a223dd26.jpg",620,413,false],"portraits":["https:\/\/arantv.az\/wp-content\/uploads\/2023\/10\/65409a223dd2765409a223dd28169873257865409a223dd2565409a223dd26.jpg",620,413,false],"thumbnail":["https:\/\/arantv.az\/wp-content\/uploads\/2023\/10\/65409a223dd2765409a223dd28169873257865409a223dd2565409a223dd26-500x280.jpg",500,280,true],"medium":["https:\/\/arantv.az\/wp-content\/uploads\/2023\/10\/65409a223dd2765409a223dd28169873257865409a223dd2565409a223dd26-548x365.jpg",548,365,true],"large":["https:\/\/arantv.az\/wp-content\/uploads\/2023\/10\/65409a223dd2765409a223dd28169873257865409a223dd2565409a223dd26.jpg",620,413,false],"1536x1536":["https:\/\/arantv.az\/wp-content\/uploads\/2023\/10\/65409a223dd2765409a223dd28169873257865409a223dd2565409a223dd26.jpg",620,413,false],"2048x2048":["https:\/\/arantv.az\/wp-content\/uploads\/2023\/10\/65409a223dd2765409a223dd28169873257865409a223dd2565409a223dd26.jpg",620,413,false],"post-thumbnail":["https:\/\/arantv.az\/wp-content\/uploads\/2023\/10\/65409a223dd2765409a223dd28169873257865409a223dd2565409a223dd26-240x172.jpg",240,172,true],"advps-thumb-one":["https:\/\/arantv.az\/wp-content\/uploads\/2023\/10\/65409a223dd2765409a223dd28169873257865409a223dd2565409a223dd26.jpg",620,413,false]},"rttpg_author":{"display_name":"V\u00fcsal Rafiqo\u011flu","author_link":"https:\/\/arantv.az\/?author=2"},"rttpg_comment":0,"rttpg_category":"<a href=\"https:\/\/arantv.az\/?cat=1\" rel=\"category\">C\u0259miyy\u0259t<\/a>","rttpg_excerpt":"M\u0259tbuat \u015euras\u0131 (M\u015e) \u201cPRESS\u201d g\u00f6d\u0259k\u00e7\u0259l\u0259rinin verilm\u0259sini dayand\u0131r\u0131b. Bu bar\u0259d\u0259 M\u015e-dan m\u0259lumat verilib. Bildirilib ki, m\u00fcxt\u0259lif sosial \u015f\u0259b\u0259k\u0259 profill\u0259rind\u0259 b\u0259zi \u015f\u0259xsl\u0259rin Az\u0259rbaycan M\u0259tbuat \u015euras\u0131na m\u0259xsus oldu\u011fu iddia edil\u0259n, \u00fcz\u0259rind\u0259 \u201cPRESS\u201d yaz\u0131lm\u0131\u015f v\u0259 \u015furan\u0131n loqosunun \u0259ksini tapd\u0131\u011f\u0131 g\u00f6d\u0259k\u00e7\u0259l\u0259rd\u0259 media prinsipl\u0259rin\u0259 zidd f\u0259aliyy\u0259t ger\u00e7\u0259kl\u0259\u015fdirdikl\u0259rin\u0259 dair fikirl\u0259r v\u0259 g\u00f6r\u00fcnt\u00fcl\u0259r payla\u015f\u0131l\u0131b. Bununla \u0259laq\u0259dar M\u0259tbuat \u015euras\u0131 h\u0259min g\u00f6d\u0259k\u00e7\u0259l\u0259rin verilm\u0259sini dayand\u0131r\u0131b. \u201cQeyd&hellip;","_links":{"self":[{"href":"https:\/\/arantv.az\/index.php?rest_route=\/wp\/v2\/posts\/651270"}],"collection":[{"href":"https:\/\/arantv.az\/index.php?rest_route=\/wp\/v2\/posts"}],"about":[{"href":"https:\/\/arantv.az\/index.php?rest_route=\/wp\/v2\/types\/post"}],"author":[{"embeddable":true,"href":"https:\/\/arantv.az\/index.php?rest_route=\/wp\/v2\/users\/2"}],"replies":[{"embeddable":true,"href":"https:\/\/arantv.az\/index.php?rest_route=%2Fwp%2Fv2%2Fcomments&post=651270"}],"version-history":[{"count":0,"href":"https:\/\/arantv.az\/index.php?rest_route=\/wp\/v2\/posts\/651270\/revisions"}],"wp:featuredmedia":[{"embeddable":true,"href":"https:\/\/arantv.az\/index.php?rest_route=\/wp\/v2\/media\/651272"}],"wp:attachment":[{"href":"https:\/\/arantv.az\/index.php?rest_route=%2Fwp%2Fv2%2Fmedia&parent=651270"}],"wp:term":[{"taxonomy":"category","embeddable":true,"href":"https:\/\/arantv.az\/index.php?rest_route=%2Fwp%2Fv2%2Fcategories&post=651270"},{"taxonomy":"post_tag","embeddable":true,"href":"https:\/\/arantv.az\/index.php?rest_route=%2Fwp%2Fv2%2Ftags&post=651270"}],"curies":[{"name":"wp","href":"https:\/\/api.w.org\/{rel}","templated":true}]}}