{"id":65170,"date":"2019-06-10T08:47:28","date_gmt":"2019-06-10T05:47:28","guid":{"rendered":"http:\/\/arantv.az\/?p=65170"},"modified":"2019-06-10T08:47:28","modified_gmt":"2019-06-10T05:47:28","slug":"nicat-f%c9%99r%c9%99cov-turkiy%c9%99d%c9%99-film%c9%99-c%c9%99kil%c9%99c%c9%99k","status":"publish","type":"post","link":"https:\/\/arantv.az\/?p=65170","title":{"rendered":"Nicat F\u0259r\u0259cov T\u00fcrkiy\u0259d\u0259 film\u0259 \u00e7\u0259kil\u0259c\u0259k"},"content":{"rendered":"<p>Taekvondo \u00fczr\u0259 milli komandan\u0131n \u00fczv\u00fc, bir s\u0131ra beyn\u0259lxalq yar\u0131\u015flar\u0131n m\u00fckafat\u00e7\u0131s\u0131 Nicat F\u0259r\u0259cov T\u00fcrkiy\u0259d\u0259 film\u0259 \u00e7\u0259kilm\u0259k t\u0259klifi al\u0131b. T\u00fcrkiy\u0259nin tan\u0131nm\u0131\u015f kino rejissoru Nicat\u0131n instaqram\u0131nda bir ne\u00e7\u0259 videosunu izl\u0259yib v\u0259 onun s\u0259hn\u0259 performans\u0131n\u0131 b\u0259y\u0259nib. Bu haqda is\u0259 <strong>ARANTV.AZ<\/strong>-a idman\u00e7\u0131n\u0131n meneceri m\u0259lumat verib. Menecerin s\u00f6zl\u0259rin\u0259 g\u00f6r\u0259, Nicat T\u00fcrk kino ulduzlar\u0131 il\u0259 birlikd\u0259 film\u0259 \u00e7\u0259kil\u0259 bil\u0259r: &#8220;T\u0259klifi d\u0259y\u0259rl\u0259ndirm\u0259k \u00fc\u00e7\u00fcn avqust ay\u0131na kimi vaxt\u0131m\u0131z var. O zamana q\u0259d\u0259r m\u00fcqavil\u0259nin \u015f\u0259rtl\u0259ri il\u0259 tan\u0131\u015f olub, q\u0259rar verm\u0259liyik&#8221;.<\/p>\n","protected":false},"excerpt":{"rendered":"<p>Taekvondo \u00fczr\u0259 milli komandan\u0131n \u00fczv\u00fc, bir s\u0131ra beyn\u0259lxalq yar\u0131\u015flar\u0131n m\u00fckafat\u00e7\u0131s\u0131 Nicat F\u0259r\u0259cov T\u00fcrkiy\u0259d\u0259 film\u0259 \u00e7\u0259kilm\u0259k t\u0259klifi al\u0131b. T\u00fcrkiy\u0259nin tan\u0131nm\u0131\u015f kino rejissoru Nicat\u0131n instaqram\u0131nda bir ne\u00e7\u0259 videosunu izl\u0259yib v\u0259 onun s\u0259hn\u0259 performans\u0131n\u0131 b\u0259y\u0259nib. Bu haqda is\u0259 ARANTV.AZ-a idman\u00e7\u0131n\u0131n meneceri m\u0259lumat verib. Menecerin s\u00f6zl\u0259rin\u0259 g\u00f6r\u0259, Nicat T\u00fcrk kino ulduzlar\u0131 il\u0259 birlikd\u0259 film\u0259 \u00e7\u0259kil\u0259 bil\u0259r: &#8220;T\u0259klifi d\u0259y\u0259rl\u0259ndirm\u0259k \u00fc\u00e7\u00fcn avqust ay\u0131na kimi vaxt\u0131m\u0131z var. O zamana q\u0259d\u0259r m\u00fcqavil\u0259nin \u015f\u0259rtl\u0259ri il\u0259 tan\u0131\u015f olub, q\u0259rar verm\u0259liyik&#8221;.<\/p>\n","protected":false},"author":2,"featured_media":65171,"comment_status":"closed","ping_status":"closed","sticky":false,"template":"","format":"standard","meta":{"om_disable_all_campaigns":false,"_monsterinsights_skip_tracking":false,"_monsterinsights_sitenote_active":false,"_monsterinsights_sitenote_note":"","_monsterinsights_sitenote_category":0},"categories":[24],"tags":[],"aioseo_notices":[],"gutentor_comment":0,"rttpg_featured_image_url":{"full":["https:\/\/arantv.az\/wp-content\/uploads\/2019\/06\/61662769_2273257432743378_7907652056045846528_n-1.jpg",960,684,false],"landscape":["https:\/\/arantv.az\/wp-content\/uploads\/2019\/06\/61662769_2273257432743378_7907652056045846528_n-1.jpg",960,684,false],"portraits":["https:\/\/arantv.az\/wp-content\/uploads\/2019\/06\/61662769_2273257432743378_7907652056045846528_n-1.jpg",960,684,false],"thumbnail":["https:\/\/arantv.az\/wp-content\/uploads\/2019\/06\/61662769_2273257432743378_7907652056045846528_n-1-150x150.jpg",150,150,true],"medium":["https:\/\/arantv.az\/wp-content\/uploads\/2019\/06\/61662769_2273257432743378_7907652056045846528_n-1-300x214.jpg",300,214,true],"large":["https:\/\/arantv.az\/wp-content\/uploads\/2019\/06\/61662769_2273257432743378_7907652056045846528_n-1.jpg",640,456,false],"1536x1536":["https:\/\/arantv.az\/wp-content\/uploads\/2019\/06\/61662769_2273257432743378_7907652056045846528_n-1.jpg",960,684,false],"2048x2048":["https:\/\/arantv.az\/wp-content\/uploads\/2019\/06\/61662769_2273257432743378_7907652056045846528_n-1.jpg",960,684,false],"post-thumbnail":["https:\/\/arantv.az\/wp-content\/uploads\/2019\/06\/61662769_2273257432743378_7907652056045846528_n-1-240x172.jpg",240,172,true],"advps-thumb-one":["https:\/\/arantv.az\/wp-content\/uploads\/2019\/06\/61662769_2273257432743378_7907652056045846528_n-1-960x620.jpg",960,620,true]},"rttpg_author":{"display_name":"V\u00fcsal Rafiqo\u011flu","author_link":"https:\/\/arantv.az\/?author=2"},"rttpg_comment":0,"rttpg_category":"<a href=\"https:\/\/arantv.az\/?cat=24\" rel=\"category\">Maraql\u0131<\/a>","rttpg_excerpt":"Taekvondo \u00fczr\u0259 milli komandan\u0131n \u00fczv\u00fc, bir s\u0131ra beyn\u0259lxalq yar\u0131\u015flar\u0131n m\u00fckafat\u00e7\u0131s\u0131 Nicat F\u0259r\u0259cov T\u00fcrkiy\u0259d\u0259 film\u0259 \u00e7\u0259kilm\u0259k t\u0259klifi al\u0131b. T\u00fcrkiy\u0259nin tan\u0131nm\u0131\u015f kino rejissoru Nicat\u0131n instaqram\u0131nda bir ne\u00e7\u0259 videosunu izl\u0259yib v\u0259 onun s\u0259hn\u0259 performans\u0131n\u0131 b\u0259y\u0259nib. Bu haqda is\u0259 ARANTV.AZ-a idman\u00e7\u0131n\u0131n meneceri m\u0259lumat verib. Menecerin s\u00f6zl\u0259rin\u0259 g\u00f6r\u0259, Nicat T\u00fcrk kino ulduzlar\u0131 il\u0259 birlikd\u0259 film\u0259 \u00e7\u0259kil\u0259 bil\u0259r: &#8220;T\u0259klifi d\u0259y\u0259rl\u0259ndirm\u0259k \u00fc\u00e7\u00fcn&hellip;","_links":{"self":[{"href":"https:\/\/arantv.az\/index.php?rest_route=\/wp\/v2\/posts\/65170"}],"collection":[{"href":"https:\/\/arantv.az\/index.php?rest_route=\/wp\/v2\/posts"}],"about":[{"href":"https:\/\/arantv.az\/index.php?rest_route=\/wp\/v2\/types\/post"}],"author":[{"embeddable":true,"href":"https:\/\/arantv.az\/index.php?rest_route=\/wp\/v2\/users\/2"}],"replies":[{"embeddable":true,"href":"https:\/\/arantv.az\/index.php?rest_route=%2Fwp%2Fv2%2Fcomments&post=65170"}],"version-history":[{"count":0,"href":"https:\/\/arantv.az\/index.php?rest_route=\/wp\/v2\/posts\/65170\/revisions"}],"wp:featuredmedia":[{"embeddable":true,"href":"https:\/\/arantv.az\/index.php?rest_route=\/wp\/v2\/media\/65171"}],"wp:attachment":[{"href":"https:\/\/arantv.az\/index.php?rest_route=%2Fwp%2Fv2%2Fmedia&parent=65170"}],"wp:term":[{"taxonomy":"category","embeddable":true,"href":"https:\/\/arantv.az\/index.php?rest_route=%2Fwp%2Fv2%2Fcategories&post=65170"},{"taxonomy":"post_tag","embeddable":true,"href":"https:\/\/arantv.az\/index.php?rest_route=%2Fwp%2Fv2%2Ftags&post=65170"}],"curies":[{"name":"wp","href":"https:\/\/api.w.org\/{rel}","templated":true}]}}