{"id":65173,"date":"2019-06-10T08:55:48","date_gmt":"2019-06-10T05:55:48","guid":{"rendered":"http:\/\/arantv.az\/?p=65173"},"modified":"2019-06-10T08:55:48","modified_gmt":"2019-06-10T05:55:48","slug":"aygunun-cixis-ed%c9%99c%c9%99yi-tarix-d%c9%99yisildi","status":"publish","type":"post","link":"https:\/\/arantv.az\/?p=65173","title":{"rendered":"Ayg\u00fcn\u00fcn \u00e7\u0131x\u0131\u015f ed\u0259c\u0259yi tarix d\u0259yi\u015fildi"},"content":{"rendered":"<p>X\u0259b\u0259r verdiyimiz kimi, xalq artisti Ayg\u00fcn Kaz\u0131mova iyulda Bak\u0131da ke\u00e7iril\u0259c\u0259k \u201cJara-2019\u201dbeyn\u0259lxalq musiqi festival\u0131n\u0131n qonaqlar\u0131 s\u0131ras\u0131nda yer al\u0131b. <strong>ARANTV.AZ<\/strong> x\u0259b\u0259r verir ki, bir ne\u00e7\u0259 h\u0259ft\u0259 \u0259vv\u0259l ad\u0131 a\u00e7\u0131qlanan ifa\u00e7\u0131n\u0131n &#8211; iyulun 26-da s\u0259hn\u0259y\u0259 \u00e7\u0131xaca\u011f\u0131 bildirilmi\u015fdi. Bu g\u00fcn is\u0259 festival\u0131n proqram\u0131nda d\u0259yi\u015fiklik edildiyi a\u00e7\u0131qlan\u0131b. Bel\u0259 ki, Kaz\u0131movan\u0131n \u00e7\u0131x\u0131\u015f ed\u0259c\u0259yi tarix d\u0259yi\u015fdirilib. Ayg\u00fcn iyulun 26-da yox, iyulun 25-d\u0259 &#8220;Jara&#8221;da sev\u0259nl\u0259rinin qar\u015f\u0131s\u0131na \u00e7\u0131xacaq. O, bu festivala ikinci d\u0259f\u0259dir qat\u0131l\u0131r. Qeyd ed\u0259k ki, &#8220;Jara&#8221; art\u0131q d\u00f6rd\u00fcnc\u00fc ildir Xalq artisti Emin A\u011falarovun t\u0259\u015fkilat\u00e7\u0131l\u0131\u011f\u0131 il\u0259 ke\u00e7irilir. Gec\u0259d\u0259 h\u0259m\u00e7inin Rusiyan\u0131n tan\u0131nm\u0131\u015f inc\u0259s\u0259n\u0259t n\u00fcmay\u0259nd\u0259l\u0259ri \u00e7\u0131x\u0131\u015f edirl\u0259r.<\/p>\n","protected":false},"excerpt":{"rendered":"<p>X\u0259b\u0259r verdiyimiz kimi, xalq artisti Ayg\u00fcn Kaz\u0131mova iyulda Bak\u0131da ke\u00e7iril\u0259c\u0259k \u201cJara-2019\u201dbeyn\u0259lxalq musiqi festival\u0131n\u0131n qonaqlar\u0131 s\u0131ras\u0131nda yer al\u0131b. ARANTV.AZ x\u0259b\u0259r verir ki, bir ne\u00e7\u0259 h\u0259ft\u0259 \u0259vv\u0259l ad\u0131 a\u00e7\u0131qlanan ifa\u00e7\u0131n\u0131n &#8211; iyulun 26-da s\u0259hn\u0259y\u0259 \u00e7\u0131xaca\u011f\u0131 bildirilmi\u015fdi. Bu g\u00fcn is\u0259 festival\u0131n proqram\u0131nda d\u0259yi\u015fiklik edildiyi a\u00e7\u0131qlan\u0131b. Bel\u0259 ki, Kaz\u0131movan\u0131n \u00e7\u0131x\u0131\u015f ed\u0259c\u0259yi tarix d\u0259yi\u015fdirilib. Ayg\u00fcn iyulun 26-da yox, iyulun 25-d\u0259 &#8220;Jara&#8221;da sev\u0259nl\u0259rinin qar\u015f\u0131s\u0131na \u00e7\u0131xacaq. O, bu festivala ikinci d\u0259f\u0259dir qat\u0131l\u0131r. Qeyd ed\u0259k ki, &#8220;Jara&#8221; art\u0131q d\u00f6rd\u00fcnc\u00fc ildir Xalq artisti Emin A\u011falarovun t\u0259\u015fkilat\u00e7\u0131l\u0131\u011f\u0131 il\u0259 ke\u00e7irilir. Gec\u0259d\u0259 h\u0259m\u00e7inin Rusiyan\u0131n tan\u0131nm\u0131\u015f inc\u0259s\u0259n\u0259t n\u00fcmay\u0259nd\u0259l\u0259ri \u00e7\u0131x\u0131\u015f edirl\u0259r.<\/p>\n","protected":false},"author":2,"featured_media":65174,"comment_status":"closed","ping_status":"closed","sticky":false,"template":"","format":"standard","meta":{"om_disable_all_campaigns":false,"_monsterinsights_skip_tracking":false,"_monsterinsights_sitenote_active":false,"_monsterinsights_sitenote_note":"","_monsterinsights_sitenote_category":0},"categories":[20],"tags":[],"aioseo_notices":[],"gutentor_comment":0,"rttpg_featured_image_url":{"full":["https:\/\/arantv.az\/wp-content\/uploads\/2019\/06\/62056911_2414250932136535_9144088074441981952_n-1.jpg",1078,744,false],"landscape":["https:\/\/arantv.az\/wp-content\/uploads\/2019\/06\/62056911_2414250932136535_9144088074441981952_n-1.jpg",1078,744,false],"portraits":["https:\/\/arantv.az\/wp-content\/uploads\/2019\/06\/62056911_2414250932136535_9144088074441981952_n-1.jpg",1078,744,false],"thumbnail":["https:\/\/arantv.az\/wp-content\/uploads\/2019\/06\/62056911_2414250932136535_9144088074441981952_n-1-150x150.jpg",150,150,true],"medium":["https:\/\/arantv.az\/wp-content\/uploads\/2019\/06\/62056911_2414250932136535_9144088074441981952_n-1-300x207.jpg",300,207,true],"large":["https:\/\/arantv.az\/wp-content\/uploads\/2019\/06\/62056911_2414250932136535_9144088074441981952_n-1-1024x707.jpg",640,442,true],"1536x1536":["https:\/\/arantv.az\/wp-content\/uploads\/2019\/06\/62056911_2414250932136535_9144088074441981952_n-1.jpg",1078,744,false],"2048x2048":["https:\/\/arantv.az\/wp-content\/uploads\/2019\/06\/62056911_2414250932136535_9144088074441981952_n-1.jpg",1078,744,false],"post-thumbnail":["https:\/\/arantv.az\/wp-content\/uploads\/2019\/06\/62056911_2414250932136535_9144088074441981952_n-1-240x172.jpg",240,172,true],"advps-thumb-one":["https:\/\/arantv.az\/wp-content\/uploads\/2019\/06\/62056911_2414250932136535_9144088074441981952_n-1-1078x620.jpg",1078,620,true]},"rttpg_author":{"display_name":"V\u00fcsal Rafiqo\u011flu","author_link":"https:\/\/arantv.az\/?author=2"},"rttpg_comment":0,"rttpg_category":"<a href=\"https:\/\/arantv.az\/?cat=20\" rel=\"category\">\u015eou biznes<\/a>","rttpg_excerpt":"X\u0259b\u0259r verdiyimiz kimi, xalq artisti Ayg\u00fcn Kaz\u0131mova iyulda Bak\u0131da ke\u00e7iril\u0259c\u0259k \u201cJara-2019\u201dbeyn\u0259lxalq musiqi festival\u0131n\u0131n qonaqlar\u0131 s\u0131ras\u0131nda yer al\u0131b. ARANTV.AZ x\u0259b\u0259r verir ki, bir ne\u00e7\u0259 h\u0259ft\u0259 \u0259vv\u0259l ad\u0131 a\u00e7\u0131qlanan ifa\u00e7\u0131n\u0131n &#8211; iyulun 26-da s\u0259hn\u0259y\u0259 \u00e7\u0131xaca\u011f\u0131 bildirilmi\u015fdi. Bu g\u00fcn is\u0259 festival\u0131n proqram\u0131nda d\u0259yi\u015fiklik edildiyi a\u00e7\u0131qlan\u0131b. Bel\u0259 ki, Kaz\u0131movan\u0131n \u00e7\u0131x\u0131\u015f ed\u0259c\u0259yi tarix d\u0259yi\u015fdirilib. Ayg\u00fcn iyulun 26-da yox, iyulun 25-d\u0259&hellip;","_links":{"self":[{"href":"https:\/\/arantv.az\/index.php?rest_route=\/wp\/v2\/posts\/65173"}],"collection":[{"href":"https:\/\/arantv.az\/index.php?rest_route=\/wp\/v2\/posts"}],"about":[{"href":"https:\/\/arantv.az\/index.php?rest_route=\/wp\/v2\/types\/post"}],"author":[{"embeddable":true,"href":"https:\/\/arantv.az\/index.php?rest_route=\/wp\/v2\/users\/2"}],"replies":[{"embeddable":true,"href":"https:\/\/arantv.az\/index.php?rest_route=%2Fwp%2Fv2%2Fcomments&post=65173"}],"version-history":[{"count":0,"href":"https:\/\/arantv.az\/index.php?rest_route=\/wp\/v2\/posts\/65173\/revisions"}],"wp:featuredmedia":[{"embeddable":true,"href":"https:\/\/arantv.az\/index.php?rest_route=\/wp\/v2\/media\/65174"}],"wp:attachment":[{"href":"https:\/\/arantv.az\/index.php?rest_route=%2Fwp%2Fv2%2Fmedia&parent=65173"}],"wp:term":[{"taxonomy":"category","embeddable":true,"href":"https:\/\/arantv.az\/index.php?rest_route=%2Fwp%2Fv2%2Fcategories&post=65173"},{"taxonomy":"post_tag","embeddable":true,"href":"https:\/\/arantv.az\/index.php?rest_route=%2Fwp%2Fv2%2Ftags&post=65173"}],"curies":[{"name":"wp","href":"https:\/\/api.w.org\/{rel}","templated":true}]}}