{"id":651771,"date":"2023-11-01T10:58:37","date_gmt":"2023-11-01T06:58:37","guid":{"rendered":"https:\/\/arantv.az\/?p=651771"},"modified":"2023-11-01T10:58:37","modified_gmt":"2023-11-01T06:58:37","slug":"doqquz-rayona-istiliyin-verilm%c9%99sin%c9%99-baslandi","status":"publish","type":"post","link":"https:\/\/arantv.az\/?p=651771","title":{"rendered":"Doqquz rayona istiliyin verilm\u0259sin\u0259 ba\u015fland\u0131"},"content":{"rendered":"<p>Bu g\u00fcnd\u0259n etibar\u0259n bir ne\u00e7\u0259 rayonda istiliyin verilm\u0259sin\u0259 ba\u015flan\u0131l\u0131b.<\/p>\n<p>Bu bar\u0259d\u0259 Trend-\u0259 \u201cAz\u0259ristilikt\u0259chizat\u201d ASC-nin m\u0259tbuat katibi Elvin Basqall\u0131 deyib.<\/p>\n<p>O qeyd edib ki, bunlar \u015eu\u015fa, Xa\u00e7maz, Q\u0259b\u0259l\u0259, Quba, Qusar, Lerik, \u015eamax\u0131, Siy\u0259z\u0259n v\u0259 \u015eabran rayonlar\u0131d\u0131r.<\/p>\n<p>\u201cBununla ba\u011fl\u0131 q\u0259rar b\u00f6lg\u0259l\u0259r \u00fczr\u0259 iqlim \u015f\u0259raiti n\u0259z\u0259r\u0259 al\u0131naraq verilib. Bak\u0131 \u015f\u0259h\u0259rin\u0259 v\u0259 dig\u0259r rayonlara istiliyin verilm\u0259sin\u0259 noyabr\u0131n 15-d\u0259 ba\u015flanmas\u0131 n\u0259z\u0259rd\u0259 tutulub\u201d, &#8211; dey\u0259 o qeyd edib.<\/p>\n","protected":false},"excerpt":{"rendered":"<p>Bu g\u00fcnd\u0259n etibar\u0259n bir ne\u00e7\u0259 rayonda istiliyin verilm\u0259sin\u0259 ba\u015flan\u0131l\u0131b. Bu bar\u0259d\u0259 Trend-\u0259 \u201cAz\u0259ristilikt\u0259chizat\u201d ASC-nin m\u0259tbuat katibi Elvin Basqall\u0131 deyib. O qeyd edib ki, bunlar \u015eu\u015fa, Xa\u00e7maz, Q\u0259b\u0259l\u0259, Quba, Qusar, Lerik, \u015eamax\u0131, Siy\u0259z\u0259n v\u0259 \u015eabran rayonlar\u0131d\u0131r. \u201cBununla ba\u011fl\u0131 q\u0259rar b\u00f6lg\u0259l\u0259r \u00fczr\u0259 iqlim \u015f\u0259raiti n\u0259z\u0259r\u0259 al\u0131naraq verilib. Bak\u0131 \u015f\u0259h\u0259rin\u0259 v\u0259 dig\u0259r rayonlara istiliyin verilm\u0259sin\u0259 noyabr\u0131n 15-d\u0259 ba\u015flanmas\u0131 n\u0259z\u0259rd\u0259 tutulub\u201d, &#8211; dey\u0259 o qeyd edib.<\/p>\n","protected":false},"author":2,"featured_media":651773,"comment_status":"closed","ping_status":"closed","sticky":false,"template":"","format":"standard","meta":{"om_disable_all_campaigns":false,"_monsterinsights_skip_tracking":false,"_monsterinsights_sitenote_active":false,"_monsterinsights_sitenote_note":"","_monsterinsights_sitenote_category":0},"categories":[1],"tags":[],"aioseo_notices":[],"gutentor_comment":0,"rttpg_featured_image_url":{"full":["https:\/\/arantv.az\/wp-content\/uploads\/2023\/11\/nvv_4686_4_650x410.jpg",620,413,false],"landscape":["https:\/\/arantv.az\/wp-content\/uploads\/2023\/11\/nvv_4686_4_650x410.jpg",620,413,false],"portraits":["https:\/\/arantv.az\/wp-content\/uploads\/2023\/11\/nvv_4686_4_650x410.jpg",620,413,false],"thumbnail":["https:\/\/arantv.az\/wp-content\/uploads\/2023\/11\/nvv_4686_4_650x410-500x280.jpg",500,280,true],"medium":["https:\/\/arantv.az\/wp-content\/uploads\/2023\/11\/nvv_4686_4_650x410-548x365.jpg",548,365,true],"large":["https:\/\/arantv.az\/wp-content\/uploads\/2023\/11\/nvv_4686_4_650x410.jpg",620,413,false],"1536x1536":["https:\/\/arantv.az\/wp-content\/uploads\/2023\/11\/nvv_4686_4_650x410.jpg",620,413,false],"2048x2048":["https:\/\/arantv.az\/wp-content\/uploads\/2023\/11\/nvv_4686_4_650x410.jpg",620,413,false],"post-thumbnail":["https:\/\/arantv.az\/wp-content\/uploads\/2023\/11\/nvv_4686_4_650x410-240x172.jpg",240,172,true],"advps-thumb-one":["https:\/\/arantv.az\/wp-content\/uploads\/2023\/11\/nvv_4686_4_650x410.jpg",620,413,false]},"rttpg_author":{"display_name":"V\u00fcsal Rafiqo\u011flu","author_link":"https:\/\/arantv.az\/?author=2"},"rttpg_comment":0,"rttpg_category":"<a href=\"https:\/\/arantv.az\/?cat=1\" rel=\"category\">C\u0259miyy\u0259t<\/a>","rttpg_excerpt":"Bu g\u00fcnd\u0259n etibar\u0259n bir ne\u00e7\u0259 rayonda istiliyin verilm\u0259sin\u0259 ba\u015flan\u0131l\u0131b. Bu bar\u0259d\u0259 Trend-\u0259 \u201cAz\u0259ristilikt\u0259chizat\u201d ASC-nin m\u0259tbuat katibi Elvin Basqall\u0131 deyib. O qeyd edib ki, bunlar \u015eu\u015fa, Xa\u00e7maz, Q\u0259b\u0259l\u0259, Quba, Qusar, Lerik, \u015eamax\u0131, Siy\u0259z\u0259n v\u0259 \u015eabran rayonlar\u0131d\u0131r. \u201cBununla ba\u011fl\u0131 q\u0259rar b\u00f6lg\u0259l\u0259r \u00fczr\u0259 iqlim \u015f\u0259raiti n\u0259z\u0259r\u0259 al\u0131naraq verilib. Bak\u0131 \u015f\u0259h\u0259rin\u0259 v\u0259 dig\u0259r rayonlara istiliyin verilm\u0259sin\u0259 noyabr\u0131n 15-d\u0259 ba\u015flanmas\u0131&hellip;","_links":{"self":[{"href":"https:\/\/arantv.az\/index.php?rest_route=\/wp\/v2\/posts\/651771"}],"collection":[{"href":"https:\/\/arantv.az\/index.php?rest_route=\/wp\/v2\/posts"}],"about":[{"href":"https:\/\/arantv.az\/index.php?rest_route=\/wp\/v2\/types\/post"}],"author":[{"embeddable":true,"href":"https:\/\/arantv.az\/index.php?rest_route=\/wp\/v2\/users\/2"}],"replies":[{"embeddable":true,"href":"https:\/\/arantv.az\/index.php?rest_route=%2Fwp%2Fv2%2Fcomments&post=651771"}],"version-history":[{"count":0,"href":"https:\/\/arantv.az\/index.php?rest_route=\/wp\/v2\/posts\/651771\/revisions"}],"wp:featuredmedia":[{"embeddable":true,"href":"https:\/\/arantv.az\/index.php?rest_route=\/wp\/v2\/media\/651773"}],"wp:attachment":[{"href":"https:\/\/arantv.az\/index.php?rest_route=%2Fwp%2Fv2%2Fmedia&parent=651771"}],"wp:term":[{"taxonomy":"category","embeddable":true,"href":"https:\/\/arantv.az\/index.php?rest_route=%2Fwp%2Fv2%2Fcategories&post=651771"},{"taxonomy":"post_tag","embeddable":true,"href":"https:\/\/arantv.az\/index.php?rest_route=%2Fwp%2Fv2%2Ftags&post=651771"}],"curies":[{"name":"wp","href":"https:\/\/api.w.org\/{rel}","templated":true}]}}