{"id":651780,"date":"2023-11-01T11:01:57","date_gmt":"2023-11-01T07:01:57","guid":{"rendered":"https:\/\/arantv.az\/?p=651780"},"modified":"2023-11-01T11:01:57","modified_gmt":"2023-11-01T07:01:57","slug":"bmt-bas-katibi-jurnalistl%c9%99rin-qorunmasi-il%c9%99-bagli-cagiris-edib-foto","status":"publish","type":"post","link":"https:\/\/arantv.az\/?p=651780","title":{"rendered":"BMT Ba\u015f katibi jurnalistl\u0259rin qorunmas\u0131 il\u0259 ba\u011fl\u0131 \u00e7a\u011f\u0131r\u0131\u015f edib &#8211; FOTO"},"content":{"rendered":"<p>Birl\u0259\u015fmi\u015f Mill\u0259tl\u0259r T\u0259\u015fkilat\u0131n\u0131n (BMT)\u00a0Ba\u015f katibi Antonio Quterre\u015f jurnalistl\u0259rin qorunmas\u0131 il\u0259 ba\u011fl\u0131 \u00e7a\u011f\u0131r\u0131\u015f edib.<\/p>\n<p>Bu bar\u0259d\u0259 BMT Ba\u015f katibinin \u201cX\u201d hesab\u0131nda payla\u015f\u0131m edilib.<\/p>\n<p>BMT Ba\u015f katibi bildirib ki, \u00f6t\u0259n il \u0259n az\u0131 88 jurnalist \u00f6z i\u015fini yerin\u0259 yetirdiyin\u0259 g\u00f6r\u0259 \u00f6ld\u00fcr\u00fcl\u00fcb.<br \/>\nO, haz\u0131rda Q\u0259zzadak\u0131 m\u00fcharib\u0259nin jurnalistl\u0259r\u0259 a\u011f\u0131r z\u0259rb\u0259 vurdu\u011funu deyib.<\/p>\n<p>\u201cYax\u0131n \u015e\u0259rqd\u0259ki haz\u0131rk\u0131 m\u00fcnaqi\u015f\u0259 jurnalistl\u0259r\u0259 a\u011f\u0131r z\u0259rb\u0259 vurur.<\/p>\n<p>Bizi m\u0259lumatland\u0131ran jurnalistl\u0259ri m\u00fcdafi\u0259 etm\u0259k \u00fc\u00e7\u00fcn daha yax\u015f\u0131 t\u0259minatlara ehtiyac\u0131m\u0131z var\u201d, &#8211; dey\u0259 ba\u015f katib bildirib.<\/p>\n<p>Xat\u0131rladaq ki, \u0130srail v\u0259 HAMAS aras\u0131nda ged\u0259n m\u00fcharib\u0259 v\u0259 Q\u0259zzan\u0131n \u0130srail hava q\u00fcvv\u0259l\u0259ri t\u0259r\u0259find\u0259n bombardman edilm\u0259si n\u0259tic\u0259sind\u0259 indiy\u0259d\u0259k orada \u00f6l\u0259n jurnalistl\u0259rin say\u0131 30-u ke\u00e7ib.<\/p>\n<div>\n<div class=\"twitter-tweet twitter-tweet-rendered\"><iframe id=\"twitter-widget-0\" class=\"\" title=\"Twitter Tweet\" src=\"https:\/\/platform.twitter.com\/embed\/Tweet.html?creatorScreenName=oxuaz&amp;dnt=false&amp;embedId=twitter-widget-0&amp;features=eyJ0ZndfdGltZWxpbmVfbGlzdCI6eyJidWNrZXQiOltdLCJ2ZXJzaW9uIjpudWxsfSwidGZ3X2ZvbGxvd2VyX2NvdW50X3N1bnNldCI6eyJidWNrZXQiOnRydWUsInZlcnNpb24iOm51bGx9LCJ0ZndfdHdlZXRfZWRpdF9iYWNrZW5kIjp7ImJ1Y2tldCI6Im9uIiwidmVyc2lvbiI6bnVsbH0sInRmd19yZWZzcmNfc2Vzc2lvbiI6eyJidWNrZXQiOiJvbiIsInZlcnNpb24iOm51bGx9LCJ0ZndfZm9zbnJfc29mdF9pbnRlcnZlbnRpb25zX2VuYWJsZWQiOnsiYnVja2V0Ijoib24iLCJ2ZXJzaW9uIjpudWxsfSwidGZ3X21peGVkX21lZGlhXzE1ODk3Ijp7ImJ1Y2tldCI6InRyZWF0bWVudCIsInZlcnNpb24iOm51bGx9LCJ0ZndfZXhwZXJpbWVudHNfY29va2llX2V4cGlyYXRpb24iOnsiYnVja2V0IjoxMjA5NjAwLCJ2ZXJzaW9uIjpudWxsfSwidGZ3X3Nob3dfYmlyZHdhdGNoX3Bpdm90c19lbmFibGVkIjp7ImJ1Y2tldCI6Im9uIiwidmVyc2lvbiI6bnVsbH0sInRmd19kdXBsaWNhdGVfc2NyaWJlc190b19zZXR0aW5ncyI6eyJidWNrZXQiOiJvbiIsInZlcnNpb24iOm51bGx9LCJ0ZndfdXNlX3Byb2ZpbGVfaW1hZ2Vfc2hhcGVfZW5hYmxlZCI6eyJidWNrZXQiOiJvbiIsInZlcnNpb24iOm51bGx9LCJ0ZndfdmlkZW9faGxzX2R5bmFtaWNfbWFuaWZlc3RzXzE1MDgyIjp7ImJ1Y2tldCI6InRydWVfYml0cmF0ZSIsInZlcnNpb24iOm51bGx9LCJ0ZndfbGVnYWN5X3RpbWVsaW5lX3N1bnNldCI6eyJidWNrZXQiOnRydWUsInZlcnNpb24iOm51bGx9LCJ0ZndfdHdlZXRfZWRpdF9mcm9udGVuZCI6eyJidWNrZXQiOiJvbiIsInZlcnNpb24iOm51bGx9fQ%3D%3D&amp;frame=false&amp;hideCard=false&amp;hideThread=false&amp;id=1719575029581574377&amp;lang=en&amp;origin=https%3A%2F%2Foxu.az%2Fworld%2F797569&amp;sessionId=960b2e194870f292a1fab33638c5b1e0ebf7d4bc&amp;siteScreenName=oxuaz&amp;theme=light&amp;widgetsVersion=01917f4d1d4cb%3A1696883169554&amp;width=550px\" frameborder=\"0\" scrolling=\"no\" allowfullscreen=\"allowfullscreen\" data-tweet-id=\"1719575029581574377\" data-mce-fragment=\"1\"><\/iframe><\/div>\n<\/div>\n<p>&nbsp;<\/p>\n","protected":false},"excerpt":{"rendered":"<p>Birl\u0259\u015fmi\u015f Mill\u0259tl\u0259r T\u0259\u015fkilat\u0131n\u0131n (BMT)\u00a0Ba\u015f katibi Antonio Quterre\u015f jurnalistl\u0259rin qorunmas\u0131 il\u0259 ba\u011fl\u0131 \u00e7a\u011f\u0131r\u0131\u015f edib. Bu bar\u0259d\u0259 BMT Ba\u015f katibinin \u201cX\u201d hesab\u0131nda payla\u015f\u0131m edilib. BMT Ba\u015f katibi bildirib ki, \u00f6t\u0259n il \u0259n az\u0131 88 jurnalist \u00f6z i\u015fini yerin\u0259 yetirdiyin\u0259 g\u00f6r\u0259 \u00f6ld\u00fcr\u00fcl\u00fcb. O, haz\u0131rda Q\u0259zzadak\u0131 m\u00fcharib\u0259nin jurnalistl\u0259r\u0259 a\u011f\u0131r z\u0259rb\u0259 vurdu\u011funu deyib. \u201cYax\u0131n \u015e\u0259rqd\u0259ki haz\u0131rk\u0131 m\u00fcnaqi\u015f\u0259 jurnalistl\u0259r\u0259 a\u011f\u0131r z\u0259rb\u0259 vurur. Bizi m\u0259lumatland\u0131ran jurnalistl\u0259ri m\u00fcdafi\u0259 etm\u0259k \u00fc\u00e7\u00fcn daha yax\u015f\u0131 t\u0259minatlara ehtiyac\u0131m\u0131z var\u201d, &#8211; dey\u0259 ba\u015f katib bildirib. Xat\u0131rladaq ki, \u0130srail v\u0259 HAMAS aras\u0131nda ged\u0259n m\u00fcharib\u0259 v\u0259 Q\u0259zzan\u0131n \u0130srail hava q\u00fcvv\u0259l\u0259ri t\u0259r\u0259find\u0259n bombardman edilm\u0259si n\u0259tic\u0259sind\u0259 indiy\u0259d\u0259k&hellip;<\/p>\n","protected":false},"author":2,"featured_media":651781,"comment_status":"closed","ping_status":"closed","sticky":false,"template":"","format":"standard","meta":{"om_disable_all_campaigns":false,"_monsterinsights_skip_tracking":false,"_monsterinsights_sitenote_active":false,"_monsterinsights_sitenote_note":"","_monsterinsights_sitenote_category":0},"categories":[7],"tags":[],"aioseo_notices":[],"gutentor_comment":0,"rttpg_featured_image_url":{"full":["https:\/\/arantv.az\/wp-content\/uploads\/2023\/11\/Antonio_Guterres_-1_570_8502.jpg",620,413,false],"landscape":["https:\/\/arantv.az\/wp-content\/uploads\/2023\/11\/Antonio_Guterres_-1_570_8502.jpg",620,413,false],"portraits":["https:\/\/arantv.az\/wp-content\/uploads\/2023\/11\/Antonio_Guterres_-1_570_8502.jpg",620,413,false],"thumbnail":["https:\/\/arantv.az\/wp-content\/uploads\/2023\/11\/Antonio_Guterres_-1_570_8502-500x280.jpg",500,280,true],"medium":["https:\/\/arantv.az\/wp-content\/uploads\/2023\/11\/Antonio_Guterres_-1_570_8502-548x365.jpg",548,365,true],"large":["https:\/\/arantv.az\/wp-content\/uploads\/2023\/11\/Antonio_Guterres_-1_570_8502.jpg",620,413,false],"1536x1536":["https:\/\/arantv.az\/wp-content\/uploads\/2023\/11\/Antonio_Guterres_-1_570_8502.jpg",620,413,false],"2048x2048":["https:\/\/arantv.az\/wp-content\/uploads\/2023\/11\/Antonio_Guterres_-1_570_8502.jpg",620,413,false],"post-thumbnail":["https:\/\/arantv.az\/wp-content\/uploads\/2023\/11\/Antonio_Guterres_-1_570_8502-240x172.jpg",240,172,true],"advps-thumb-one":["https:\/\/arantv.az\/wp-content\/uploads\/2023\/11\/Antonio_Guterres_-1_570_8502.jpg",620,413,false]},"rttpg_author":{"display_name":"V\u00fcsal Rafiqo\u011flu","author_link":"https:\/\/arantv.az\/?author=2"},"rttpg_comment":0,"rttpg_category":"<a href=\"https:\/\/arantv.az\/?cat=7\" rel=\"category\">D\u00fcnya<\/a>","rttpg_excerpt":"Birl\u0259\u015fmi\u015f Mill\u0259tl\u0259r T\u0259\u015fkilat\u0131n\u0131n (BMT)\u00a0Ba\u015f katibi Antonio Quterre\u015f jurnalistl\u0259rin qorunmas\u0131 il\u0259 ba\u011fl\u0131 \u00e7a\u011f\u0131r\u0131\u015f edib. Bu bar\u0259d\u0259 BMT Ba\u015f katibinin \u201cX\u201d hesab\u0131nda payla\u015f\u0131m edilib. BMT Ba\u015f katibi bildirib ki, \u00f6t\u0259n il \u0259n az\u0131 88 jurnalist \u00f6z i\u015fini yerin\u0259 yetirdiyin\u0259 g\u00f6r\u0259 \u00f6ld\u00fcr\u00fcl\u00fcb. O, haz\u0131rda Q\u0259zzadak\u0131 m\u00fcharib\u0259nin jurnalistl\u0259r\u0259 a\u011f\u0131r z\u0259rb\u0259 vurdu\u011funu deyib. \u201cYax\u0131n \u015e\u0259rqd\u0259ki haz\u0131rk\u0131 m\u00fcnaqi\u015f\u0259 jurnalistl\u0259r\u0259 a\u011f\u0131r z\u0259rb\u0259&hellip;","_links":{"self":[{"href":"https:\/\/arantv.az\/index.php?rest_route=\/wp\/v2\/posts\/651780"}],"collection":[{"href":"https:\/\/arantv.az\/index.php?rest_route=\/wp\/v2\/posts"}],"about":[{"href":"https:\/\/arantv.az\/index.php?rest_route=\/wp\/v2\/types\/post"}],"author":[{"embeddable":true,"href":"https:\/\/arantv.az\/index.php?rest_route=\/wp\/v2\/users\/2"}],"replies":[{"embeddable":true,"href":"https:\/\/arantv.az\/index.php?rest_route=%2Fwp%2Fv2%2Fcomments&post=651780"}],"version-history":[{"count":0,"href":"https:\/\/arantv.az\/index.php?rest_route=\/wp\/v2\/posts\/651780\/revisions"}],"wp:featuredmedia":[{"embeddable":true,"href":"https:\/\/arantv.az\/index.php?rest_route=\/wp\/v2\/media\/651781"}],"wp:attachment":[{"href":"https:\/\/arantv.az\/index.php?rest_route=%2Fwp%2Fv2%2Fmedia&parent=651780"}],"wp:term":[{"taxonomy":"category","embeddable":true,"href":"https:\/\/arantv.az\/index.php?rest_route=%2Fwp%2Fv2%2Fcategories&post=651780"},{"taxonomy":"post_tag","embeddable":true,"href":"https:\/\/arantv.az\/index.php?rest_route=%2Fwp%2Fv2%2Ftags&post=651780"}],"curies":[{"name":"wp","href":"https:\/\/api.w.org\/{rel}","templated":true}]}}