{"id":65192,"date":"2019-06-10T09:55:24","date_gmt":"2019-06-10T06:55:24","guid":{"rendered":"http:\/\/arantv.az\/?p=65192"},"modified":"2019-06-10T09:55:24","modified_gmt":"2019-06-10T06:55:24","slug":"hadi-r%c9%99c%c9%99bli-n%c9%99-q%c9%99d%c9%99r-maas-alir-ozu-aciqladi","status":"publish","type":"post","link":"https:\/\/arantv.az\/?p=65192","title":{"rendered":"Hadi R\u0259c\u0259bli n\u0259 q\u0259d\u0259r maa\u015f al\u0131r? &#8211; \u00d6z\u00fc a\u00e7\u0131qlad\u0131"},"content":{"rendered":"<p>&#8220;M\u0259n 15 ya\u015f\u0131ndan i\u015fl\u0259yib b\u00f6y\u00fck o\u011ful kimi ail\u0259ni saxlayanda bunlar harda idil\u0259r?&#8221;<\/p>\n<p>Milli M\u0259clisin \u018fm\u0259k v\u0259 sosial siyas\u0259t komit\u0259sinin s\u0259dri Hadi R\u0259c\u0259blinin verdiyi m\u00fcsahib\u0259ni t\u0259qdim edirik.<\/p>\n<div id=\"AdviadNativeVideo0\" class=\"AdviadNativeVideo\"><\/div>\n<p>&#8211; Hadi m\u00fc\u0259llim, normalda u\u015faqpulunun miqdar\u0131 n\u0259 q\u0259d\u0259r olmal\u0131d\u0131r?<\/p>\n<p>&#8211; M\u0259n bu g\u00fcn o r\u0259q\u0259mi dey\u0259 bilm\u0259r\u0259m. G\u0259r\u0259k istehlak s\u0259b\u0259ti \u00f6yr\u0259nil\u0259. Ya\u015fay\u0131\u015f minimumunda u\u015fa\u011f\u0131n ya\u015fay\u0131\u015f minimumu r\u0259q\u0259mi var.<\/p>\n<p>&#8211; Bu g\u00fcn sizin m\u0259s\u0259l\u0259 il\u0259 ba\u011fl\u0131 t\u0259klifl\u0259riniz konkret n\u0259d\u0259n ibar\u0259tdir?<\/p>\n<p>&#8211; T\u0259klif etmi\u015fik ki, ya\u015fay\u0131\u015f minimumuna yenid\u0259n bax\u0131ls\u0131n. \u0130ndi 180 manatd\u0131r. T\u0259klif edirik ki, \u0259n a\u015fa\u011f\u0131s\u0131 260 manata \u00e7atd\u0131r\u0131ls\u0131n. M\u0259n bu bar\u0259d\u0259 parlamentd\u0259 d\u0259 dan\u0131\u015fm\u0131\u015fam. Ancaq g\u00f6r\u00fcn bu fikirl\u0259rimi s\u0259sl\u0259ndir\u0259n var? \u00c7\u0131x\u0131\u015f edib demi\u015f\u0259m ki, \u00e7\u0259tindir, bel\u0259 ya\u015famaq olmaz. Amma bunlar g\u00f6t\u00fcr\u00fcb \u0259ksin\u0259 yaz\u0131blar. M\u0259nim parlamentin iclas\u0131nda minimum \u0259m\u0259khaqq\u0131 bar\u0259d\u0259 s\u0259sl\u0259ndirdiyim r\u0259q\u0259m bundan \u00e7ox idi. Orta \u0259m\u0259khaqq\u0131n\u0131n \u0259n az\u0131 60 faizini demi\u015fdim. \u0130ndi orta \u0259m\u0259khaqq\u0131n\u0131n m\u0259bl\u0259\u011fi 540 manatd\u0131r.<\/p>\n<p>&#8211; Hadi m\u00fc\u0259llim, Az\u0259rbaycanda oldu\u011fu kimi, AB\u015e-da da konqresmen v\u0259 senatorlara qar\u015f\u0131 q\u0259r\u0259zli v\u0259 q\u0259z\u0259bli m\u00fcnasib\u0259ti sezdinizmi?<\/p>\n<p>&#8211; Birincisi, Amerika qanunvericiliyind\u0259 konqresmenin \u015f\u0259xsiyy\u0259tin\u0259 toxunan adam\u0131 \u0259n s\u0259rt qanunlarla c\u0259zaland\u0131r\u0131rlar. Toxunulmazd\u0131r o adam. S\u0259f\u0259rimiz zaman\u0131 konqresmeni m\u00fc\u015fayi\u0259t ed\u0259nl\u0259ri, k\u00f6m\u0259k\u00e7il\u0259rini d\u0259 g\u00f6rd\u00fck. N\u0259qliyyat vasit\u0259si d\u0259 var, otaq da ayr\u0131l\u0131b. Konqresmen d\u0259 laz\u0131m olan yerd\u0259 s\u00f6z\u00fcn\u00fc deyir.<\/p>\n<p>&#8211; B\u0259s, konqresmenl\u0259rin villas\u0131 nec\u0259, varm\u0131?<\/p>\n<p>&#8211; Villalar\u0131 da var, \u00f6z\u00fc d\u0259 \u00e7oxlu. \u018fg\u0259r villa bizim adamlar\u0131 \u00e7ox q\u0131c\u0131qland\u0131r\u0131rsa, konqresmenl\u0259rin daha n\u0259l\u0259ri, n\u0259l\u0259ri d\u0259 var. Onlar da he\u00e7 n\u0259yi olmayan \u015f\u0259xsi deputat se\u00e7mirl\u0259r. Amma camaat fikir vermir ki, deputat se\u00e7il\u0259nd\u0259 biz h\u0259r birimiz b\u0259yannam\u0259 t\u0259qdim etmi\u015fik, g\u0259lirl\u0259rimizi, m\u00fclkiyy\u0259timizi g\u00f6st\u0259rmi\u015fik. Ad\u0131m\u0131za olan m\u00fclkiyy\u0259t d\u0259, g\u0259lirl\u0259rimiz d\u0259 orda var. Ancaq kim ona bax\u0131r? Kim n\u0259 ist\u0259yir, onu dan\u0131\u015f\u0131r v\u0259 yaz\u0131r.<\/p>\n<p>&#8211; Yeri g\u0259lmi\u015fk\u0259n, sosial \u015f\u0259b\u0259k\u0259l\u0259rd\u0259 yaz\u0131rlar ki, Hadi R\u0259c\u0259blinin &#8220;17 villas\u0131&#8221; var&#8230;<\/p>\n<p>&#8211; (G\u00fcl\u0259r\u0259k) Buyur, buna s\u0259n d\u0259 g\u00fcl\u00fcrs\u0259n, m\u0259n d\u0259. \u00c7\u00fcnki bilirik ki, bel\u0259 \u015fey yoxdur. T\u0259kc\u0259 m\u0259nd\u0259n s\u00f6hb\u0259t getmir. Deputatlara qar\u015f\u0131.. Ax\u0131 anonim demokratiya olar? Ad\u0131n\u0131 yazma, s\u00f6y\u00fc\u015f s\u00f6y&#8230; Onsuz da o t\u0259hqirl\u0259r t\u0259hqir ed\u0259n adama qay\u0131d\u0131r. Ancaq bu, m\u0259g\u0259r demokratiyad\u0131rm\u0131? M\u0259g\u0259r bu, i\u015fl\u0259r\u0259 k\u00f6m\u0259k ed\u0259rmi? \u00d6z\u00fc d\u0259 yalan, nahaq! AB\u015e konqresmenin\u0259 he\u00e7 k\u0259sin ixtiyar\u0131 yoxdur ki, \u0259sass\u0131z n\u0259s\u0259 desin, onu t\u0259hqir etsin, ona art\u0131q s\u00f6z desin, \u00e7\u00fcnki toxunulmaz adamd\u0131r. Bizim se\u00e7icil\u0259rimiz d\u0259 \u00f6zl\u0259rini \u00f6ld\u00fcr\u00fcr ki, bu, n\u0259 allahs\u0131zl\u0131q, n\u0259 \u0259dal\u0259tsizlikdir? Deyirl\u0259r s\u0259n niy\u0259 bizim deputat\u0131m\u0131z\u0131 t\u0259hqir edirs\u0259n? M\u0259n \u00e7ox t\u0259\u0259ss\u00fcf edir\u0259m, parlamentd\u0259ki \u00e7ox l\u0259yaq\u0259tli deputatlar\u0131m\u0131z haqq\u0131nda a\u011fz\u0131nag\u0259l\u0259ni yaz\u0131rlar. Bizim deputatlar\u0131n b\u00f6y\u00fck \u0259ks\u0259riyy\u0259ti z\u0259hm\u0259td\u0259n g\u0259l\u0259n, h\u0259yat\u0131n alt\u0131n\u0131-\u00fcst\u00fcn\u00fc g\u00f6r\u0259n adamlard\u0131r, a\u011f\u0131llar\u0131 \u00fcst\u00fcnd\u0259 olan insanlard\u0131r. B\u0259zil\u0259ri xo\u015fa g\u0259lm\u0259k \u00fc\u00e7\u00fcn populizml\u0259 m\u0259\u015f\u011ful olur, onlar populizmd\u0259n uzaq, real adamlard\u0131r, reall\u0131qla dan\u0131\u015f\u0131rlar. Onda g\u0259r\u0259k ham\u0131s\u0131 durub desin ki, g\u0259lin maa\u015f\u0131 filan q\u0259d\u0259r art\u0131raq, amma bunun h\u0259ddi, d\u0259r\u0259c\u0259si olmal\u0131d\u0131r. Bu q\u0259d\u0259r proses getdi, 3 milyon adama 2 milyard \u0259lav\u0259 v\u0259sait verildi, ancaq c\u0259miyy\u0259td\u0259 buna &#8220;sa\u011f ol&#8221; dey\u0259n oldumu? \u00dcst\u00fcnd\u0259n ke\u00e7dil\u0259r.<\/p>\n<p>Bu g\u00fcn biz qiym\u0259tl\u0259ndirm\u0259yi bacarmal\u0131y\u0131q. Burda deputatlar\u0131n da xidm\u0259ti var, onlar\u0131n \u00e7\u0131x\u0131\u015flar\u0131, fikirl\u0259ri olub. Xo\u015fa g\u0259lm\u0259k \u00fc\u00e7\u00fcn fikirl\u0259ri t\u0259hrif edib yay\u0131rlar, deputatlar\u0131 t\u0259hqir edirl\u0259r. \u0130st\u0259nil\u0259n deputat\u0131n fikirl\u0259rinin t\u0259hrif edilm\u0259sinin, kontekstd\u0259n \u00e7\u0131xar\u0131l\u0131b yay\u0131lmas\u0131n\u0131n \u0259leyhin\u0259y\u0259m. T\u0259klif edir\u0259m ki, deputatla maraqlans\u0131nlar, sonra dan\u0131\u015fs\u0131nlar. El\u015fad, m\u0259n s\u0259ni d\u0259v\u0259t edir\u0259m, ged\u0259k, bizim ev\u0259 bax! Ged\u0259k, m\u0259nim &#8220;17 villam\u0131&#8221; s\u0259n\u0259 g\u00f6st\u0259rim. S\u0259mimi deyir\u0259m, ged\u0259k, bax, g\u00f6r Hadi m\u00fc\u0259llimin n\u0259yi var. Xahi\u015f edir\u0259m, bunlar\u0131 yaz, \u00e7\u0259kinm\u0259!<\/p>\n<p>Bir daha ona qay\u0131d\u0131ram ki, Amerika konqresmenl\u0259ri az\u0259rbaycanl\u0131 deputatlardan he\u00e7 d\u0259 a\u011f\u0131lda, savadda, m\u0259n\u0259viyyatda \u00fcst\u00fcn deyill\u0259r.<\/p>\n<p>&#8211; Amma n\u0259d\u0259ns\u0259 yaz sessiyas\u0131n\u0131n son iclas\u0131nda s\u0259f\u0259r t\u0259\u0259ss\u00fcratlar\u0131n\u0131z\u0131 b\u00f6l\u00fc\u015fm\u0259diniz h\u0259mkarlar\u0131n\u0131zla&#8230;<\/p>\n<p>&#8211; \u0130clasda dan\u0131\u015fmad\u0131m, amma s\u0259drimiz\u0259 v\u0259 beyn\u0259lxalq \u015f\u00f6b\u0259y\u0259 m\u0259lumat verdim. H\u0259m\u00e7inin Kaliforniyadak\u0131 konsulumuza da minn\u0259tdarl\u0131q m\u0259ktubu yazd\u0131m ki, \u00e7ox y\u00fcks\u0259k s\u0259viyy\u0259d\u0259 t\u0259\u015fkil olunmu\u015fdu. T\u0259s\u0259vv\u00fcr edin ki, 28 Mayda Monterey \u015f\u0259h\u0259rinin k\u00fc\u00e7\u0259l\u0259ri Az\u0259rbaycan bayra\u011f\u0131 il\u0259 b\u0259z\u0259dilmi\u015fdi&#8230;<\/p>\n<p>&#8211; Hadi m\u00fc\u0259llim, AB\u015e-da s\u0259f\u0259rd\u0259 olsan\u0131z da, may\u0131n 31-d\u0259 ke\u00e7iril\u0259n iclasa \u00f6z\u00fcn\u00fcz\u00fc \u00e7atd\u0131rd\u0131n\u0131z. Yeri g\u0259lmi\u015fk\u0259n, &#8220;biznes-klas&#8221;da u\u00e7dunuz, yoxsa &#8220;ekonom klas&#8221;da?<\/p>\n<p>&#8211; &#8220;Ekonom klas&#8221;da u\u00e7dum v\u0259 camaat\u0131n i\u00e7ind\u0259 oldum. Bak\u0131dan \u0130stanbula u\u00e7anda biri \u0259yildi qula\u011f\u0131ma dedi ki, Hadi m\u00fc\u0259llim, siz n\u0259 \u0259c\u0259b camaat\u0131n i\u00e7ind\u0259 gedirsiniz. (G\u00fcl\u00fcr) Dedim h\u0259rd\u0259n bel\u0259 u\u00e7uram. &#8220;Ekonom klas&#8221;la u\u00e7ma\u011f\u0131n da xo\u015f t\u0259\u0259ss\u00fcratlar\u0131 var. 31 may gec\u0259 saat 3-d\u0259 Bak\u0131ya qay\u0131td\u0131m. Amma sessiyan\u0131n son iclas\u0131nda 2018-ci ilin d\u00f6vl\u0259t b\u00fcdc\u0259sinin icras\u0131 m\u00fczakir\u0259 olunacaqd\u0131, ist\u0259dim ki, m\u0259n d\u0259 \u00f6z fikirl\u0259rimi diqq\u0259t\u0259 \u00e7atd\u0131r\u0131m.<\/p>\n<p>&#8211; B\u0259zi fikirl\u0259rinizd\u0259n bel\u0259 q\u0259na\u0259t\u0259 g\u0259lm\u0259k olarm\u0131 ki, siz d\u0259 b\u0259zi h\u0259mkarlar\u0131n\u0131z kimi, c\u0259miyy\u0259td\u0259n naraz\u0131s\u0131n\u0131z&#8230;<\/p>\n<p>&#8211; Xeyr, m\u0259n c\u0259miyy\u0259td\u0259n naraz\u0131 deyil\u0259m. C\u0259miyy\u0259tin \u00fcns\u00fcrl\u0259rind\u0259n naraz\u0131yam. Ged\u0259k L\u0259nk\u0259rana, g\u00f6r\u0259k c\u0259miyy\u0259t \u00f6z\u00fcn\u00fc nec\u0259 apar\u0131r.<\/p>\n<p>&#8211; Tahir K\u0259rimli demi\u015fdi ki, n\u0259 q\u0259d\u0259r &#8220;can&#8221; deyiriks\u0259, xalq &#8220;z\u0259h\u0259r&#8221; deyir&#8230;<\/p>\n<p>&#8211; Xalq m\u0259n\u0259 &#8220;z\u0259h\u0259r&#8221; demir, ola bilsin, b\u0259zi \u00fcns\u00fcrl\u0259r desin. Bir misal deyim. Ramazan ay\u0131nda m\u0259n, yolda\u015f\u0131m, o\u011flanlar\u0131m, q\u0131zlar\u0131m, k\u00fcr\u0259k\u0259nl\u0259rim, g\u0259linl\u0259rim oruc tutduq. Bir yerd\u0259 getdik iftar a\u00e7ma\u011fa. \u00c7\u0131xanda taksi saxlatd\u0131rd\u0131m. \u00d6z\u00fcm d\u0259 ev paltar\u0131ndayd\u0131m. Taksi bir az ir\u0259li ke\u00e7di, sonra saxlad\u0131, geri qay\u0131td\u0131. Oturduq. Yolda ba\u015fa d\u00fc\u015fd\u00fcm ki, sifari\u015f\u0259 gedirmi\u015f, tan\u0131y\u0131b, sifari\u015fi l\u0259\u011fv edib. D\u00fc\u015f\u0259nd\u0259 dedi, Hadb m\u00fc\u0259llim, \u00e7ox sa\u011f olun! Bax, c\u0259miyy\u0259t budur. K\u00fctl\u0259 psixologiyas\u0131na uyan, yalanlarla ya\u015fayan, i\u015fl\u0259m\u0259yib g\u0259lir \u0259ld\u0259 etm\u0259k ist\u0259y\u0259nl\u0259rin iddialar\u0131 c\u0259miyy\u0259tin fikri deyil. Hadb R\u0259c\u0259bli 15 ya\u015f\u0131nda i\u015fl\u0259yib b\u00f6y\u00fck o\u011ful kimi ail\u0259ni saxlayanda bunlar harda idil\u0259r? \u0130ndi deyirl\u0259r Hadb R\u0259c\u0259blinin maa\u015f\u0131 \u00e7oxdur.<\/p>\n<p>&#8211; Yeri g\u0259lmi\u015fk\u0259n, maa\u015f\u0131n\u0131z indi n\u0259 q\u0259d\u0259rdir?<\/p>\n<p>&#8211; 4 min manatdan bir az \u00e7ox.<\/p>\n<p>&#8211; 7-8 min deyilirdi.<\/p>\n<p>&#8211; \u00c7ox \u015fi\u015firdirl\u0259r. Orda b\u0259zi c\u00fczi m\u00fcavin\u0259tl\u0259r, \u00f6d\u0259ni\u015fl\u0259r d\u0259 var&#8230;<\/p>\n<p>&#8211; Milli M\u0259clisin yaz sessiyas\u0131n\u0131n son iclas\u0131nda Erm\u0259nistan v\u0259 G\u00fcrc\u00fcstanla paralellik apar\u0131ld\u0131. Minimum \u0259m\u0259khaqq\u0131, orta ayl\u0131q maa\u015f niy\u0259 iqtisadi imkanlar\u0131 qat-qat z\u0259if olan qon\u015fularda daha y\u00fcks\u0259kdir?<\/p>\n<p>&#8211; \u018fvv\u0259la, bir s\u0131ra r\u0259q\u0259ml\u0259r\u0259 g\u00f6r\u0259 biz dig\u0259r \u00f6lk\u0259l\u0259ri \u00fcst\u0259l\u0259yirik. C\u0259nab prezident son \u00e7\u0131x\u0131\u015flar\u0131nda da minimum \u0259m\u0259khaqq\u0131 il\u0259 pensiyalar\u0131n art\u0131r\u0131lmas\u0131 il\u0259 ba\u011fl\u0131 fikirl\u0259r s\u0259sl\u0259ndirdi. Prezidentimiz d\u0259 bunun art\u0131r\u0131lmas\u0131n\u0131 ist\u0259yir. Dig\u0259r t\u0259r\u0259fd\u0259n, Erm\u0259nistan \u0259halisinin yar\u0131s\u0131 \u00f6lk\u0259d\u0259 yoxdur. V\u0259sait real \u0259hali aras\u0131nda b\u00f6l\u00fcn\u00fcr. V\u0259 bel\u0259likl\u0259 r\u0259q\u0259m \u015fi\u015fir. \u0130kincisi, erm\u0259nil\u0259r s\u0259d\u0259q\u0259 pulu il\u0259 dolan\u0131rlar, ordan-burdan pul g\u00f6nd\u0259rirl\u0259r, h\u00f6kum\u0259t \u0259haliy\u0259 paylay\u0131r. H\u0259l\u0259 onlar\u0131n paylad\u0131\u011f\u0131 v\u0259sait d\u0259 bazarla, qiym\u0259tl\u0259rl\u0259 uy\u011funluq t\u0259\u015fkil etmir. Odur ki, bel\u0259 m\u00fcqayis\u0259l\u0259rin \u0259leyhin\u0259y\u0259m.&#8221;Yeni M\u00fcsavat&#8221;<\/p>\n","protected":false},"excerpt":{"rendered":"<p>&#8220;M\u0259n 15 ya\u015f\u0131ndan i\u015fl\u0259yib b\u00f6y\u00fck o\u011ful kimi ail\u0259ni saxlayanda bunlar harda idil\u0259r?&#8221; Milli M\u0259clisin \u018fm\u0259k v\u0259 sosial siyas\u0259t komit\u0259sinin s\u0259dri Hadi R\u0259c\u0259blinin verdiyi m\u00fcsahib\u0259ni t\u0259qdim edirik. &#8211; Hadi m\u00fc\u0259llim, normalda u\u015faqpulunun miqdar\u0131 n\u0259 q\u0259d\u0259r olmal\u0131d\u0131r? &#8211; M\u0259n bu g\u00fcn o r\u0259q\u0259mi dey\u0259 bilm\u0259r\u0259m. G\u0259r\u0259k istehlak s\u0259b\u0259ti \u00f6yr\u0259nil\u0259. Ya\u015fay\u0131\u015f minimumunda u\u015fa\u011f\u0131n ya\u015fay\u0131\u015f minimumu r\u0259q\u0259mi var. &#8211; Bu g\u00fcn sizin m\u0259s\u0259l\u0259 il\u0259 ba\u011fl\u0131 t\u0259klifl\u0259riniz konkret n\u0259d\u0259n ibar\u0259tdir? &#8211; T\u0259klif etmi\u015fik ki, ya\u015fay\u0131\u015f minimumuna yenid\u0259n bax\u0131ls\u0131n. \u0130ndi 180 manatd\u0131r. T\u0259klif edirik ki, \u0259n a\u015fa\u011f\u0131s\u0131 260 manata \u00e7atd\u0131r\u0131ls\u0131n. M\u0259n bu bar\u0259d\u0259 parlamentd\u0259 d\u0259 dan\u0131\u015fm\u0131\u015fam.&hellip;<\/p>\n","protected":false},"author":2,"featured_media":65193,"comment_status":"closed","ping_status":"closed","sticky":false,"template":"","format":"standard","meta":{"om_disable_all_campaigns":false,"_monsterinsights_skip_tracking":false,"_monsterinsights_sitenote_active":false,"_monsterinsights_sitenote_note":"","_monsterinsights_sitenote_category":0},"categories":[1],"tags":[],"aioseo_notices":[],"gutentor_comment":0,"rttpg_featured_image_url":{"full":["https:\/\/arantv.az\/wp-content\/uploads\/2019\/06\/1560148803_1545808149_hadirecebli009.jpg",549,355,false],"landscape":["https:\/\/arantv.az\/wp-content\/uploads\/2019\/06\/1560148803_1545808149_hadirecebli009.jpg",549,355,false],"portraits":["https:\/\/arantv.az\/wp-content\/uploads\/2019\/06\/1560148803_1545808149_hadirecebli009.jpg",549,355,false],"thumbnail":["https:\/\/arantv.az\/wp-content\/uploads\/2019\/06\/1560148803_1545808149_hadirecebli009-150x150.jpg",150,150,true],"medium":["https:\/\/arantv.az\/wp-content\/uploads\/2019\/06\/1560148803_1545808149_hadirecebli009-300x194.jpg",300,194,true],"large":["https:\/\/arantv.az\/wp-content\/uploads\/2019\/06\/1560148803_1545808149_hadirecebli009.jpg",549,355,false],"1536x1536":["https:\/\/arantv.az\/wp-content\/uploads\/2019\/06\/1560148803_1545808149_hadirecebli009.jpg",549,355,false],"2048x2048":["https:\/\/arantv.az\/wp-content\/uploads\/2019\/06\/1560148803_1545808149_hadirecebli009.jpg",549,355,false],"post-thumbnail":["https:\/\/arantv.az\/wp-content\/uploads\/2019\/06\/1560148803_1545808149_hadirecebli009-240x172.jpg",240,172,true],"advps-thumb-one":["https:\/\/arantv.az\/wp-content\/uploads\/2019\/06\/1560148803_1545808149_hadirecebli009.jpg",549,355,false]},"rttpg_author":{"display_name":"V\u00fcsal Rafiqo\u011flu","author_link":"https:\/\/arantv.az\/?author=2"},"rttpg_comment":0,"rttpg_category":"<a href=\"https:\/\/arantv.az\/?cat=1\" rel=\"category\">C\u0259miyy\u0259t<\/a>","rttpg_excerpt":"&#8220;M\u0259n 15 ya\u015f\u0131ndan i\u015fl\u0259yib b\u00f6y\u00fck o\u011ful kimi ail\u0259ni saxlayanda bunlar harda idil\u0259r?&#8221; Milli M\u0259clisin \u018fm\u0259k v\u0259 sosial siyas\u0259t komit\u0259sinin s\u0259dri Hadi R\u0259c\u0259blinin verdiyi m\u00fcsahib\u0259ni t\u0259qdim edirik. &#8211; Hadi m\u00fc\u0259llim, normalda u\u015faqpulunun miqdar\u0131 n\u0259 q\u0259d\u0259r olmal\u0131d\u0131r? &#8211; M\u0259n bu g\u00fcn o r\u0259q\u0259mi dey\u0259 bilm\u0259r\u0259m. G\u0259r\u0259k istehlak s\u0259b\u0259ti \u00f6yr\u0259nil\u0259. Ya\u015fay\u0131\u015f minimumunda u\u015fa\u011f\u0131n ya\u015fay\u0131\u015f minimumu r\u0259q\u0259mi var. &#8211;&hellip;","_links":{"self":[{"href":"https:\/\/arantv.az\/index.php?rest_route=\/wp\/v2\/posts\/65192"}],"collection":[{"href":"https:\/\/arantv.az\/index.php?rest_route=\/wp\/v2\/posts"}],"about":[{"href":"https:\/\/arantv.az\/index.php?rest_route=\/wp\/v2\/types\/post"}],"author":[{"embeddable":true,"href":"https:\/\/arantv.az\/index.php?rest_route=\/wp\/v2\/users\/2"}],"replies":[{"embeddable":true,"href":"https:\/\/arantv.az\/index.php?rest_route=%2Fwp%2Fv2%2Fcomments&post=65192"}],"version-history":[{"count":0,"href":"https:\/\/arantv.az\/index.php?rest_route=\/wp\/v2\/posts\/65192\/revisions"}],"wp:featuredmedia":[{"embeddable":true,"href":"https:\/\/arantv.az\/index.php?rest_route=\/wp\/v2\/media\/65193"}],"wp:attachment":[{"href":"https:\/\/arantv.az\/index.php?rest_route=%2Fwp%2Fv2%2Fmedia&parent=65192"}],"wp:term":[{"taxonomy":"category","embeddable":true,"href":"https:\/\/arantv.az\/index.php?rest_route=%2Fwp%2Fv2%2Fcategories&post=65192"},{"taxonomy":"post_tag","embeddable":true,"href":"https:\/\/arantv.az\/index.php?rest_route=%2Fwp%2Fv2%2Ftags&post=65192"}],"curies":[{"name":"wp","href":"https:\/\/api.w.org\/{rel}","templated":true}]}}