{"id":651956,"date":"2023-11-01T17:10:21","date_gmt":"2023-11-01T13:10:21","guid":{"rendered":"https:\/\/arantv.az\/?p=651956"},"modified":"2023-11-01T17:10:21","modified_gmt":"2023-11-01T13:10:21","slug":"t%c9%99zyiql%c9%99r%c9%99-r%c9%99gm%c9%99n-q%c9%99l%c9%99b%c9%99-ilham-%c9%99liyev-z%c9%99f%c9%99rin-simvoludur-s%c9%99rh","status":"publish","type":"post","link":"https:\/\/arantv.az\/?p=651956","title":{"rendered":"T\u0259zyiql\u0259r\u0259 r\u0259\u011fm\u0259n Q\u018fL\u018fB\u018f: \u0130lham \u018fliyev Z\u018fF\u018fR\u0130N simvoludur &#8211; \u015e\u018fRH"},"content":{"rendered":"<p>Qar\u015f\u0131dan 8 Noyabr &#8211; Z\u0259f\u0259r G\u00fcn\u00fc g\u0259lir. Z\u0259f\u0259r G\u00fcn\u00fc Az\u0259rbaycan\u0131n d\u00f6vl\u0259t m\u00fcst\u0259qilliyinin, suverenliyinin, g\u00fcc\u00fcn\u00fcn v\u0259 q\u00fcdr\u0259tinin r\u0259mzidir.<\/p>\n<p>Bir az tarixi xat\u0131rlayaq. Az\u0259rbaycan\u0131n 2020-ci ilin 44 g\u00fcnl\u00fck m\u00fcharib\u0259sind\u0259 Erm\u0259nistan \u00fcz\u0259rind\u0259 q\u0259l\u0259b\u0259 \u00e7almas\u0131 30 illik i\u015f\u011fala son qoydu.<\/p>\n<p>2020-ci il noyabr\u0131n 10-da \u00dc\u00e7t\u0259r\u0259fli B\u0259yanatla Erm\u0259nistan kapitulyasiya akt\u0131na imza atd\u0131. Bel\u0259likl\u0259, 30 illik i\u015f\u011fala son qoyuldu.<\/p>\n<p>44 g\u00fcnl\u00fck V\u0259t\u0259n m\u00fcharib\u0259sind\u0259 Az\u0259rbaycan\u0131n q\u0259l\u0259b\u0259si regionda \u0259dal\u0259ti b\u0259rq\u0259rar etdi. Prezident, Silahl\u0131 Q\u00fcvv\u0259l\u0259rin Ali Ba\u015f Komandan\u0131\u00a0<strong>\u0130lham \u018fliyev\u00a0<\/strong>v\u0259 Ordumuz bizi q\u0259l\u0259b\u0259d\u0259n-q\u0259l\u0259b\u0259y\u0259 aparan b\u00f6y\u00fck bir n\u0259tic\u0259 \u0259ld\u0259 etdil\u0259r.<\/p>\n<p>Halbuki, m\u00fcharib\u0259 d\u00f6vr\u00fcnd\u0259 Prezident \u0130lham \u018fliyev\u0259 qar\u015f\u0131 t\u0259zyiql\u0259r var idi. M\u0259qs\u0259d Prezident \u0130lham \u018fliyevi planlar\u0131ndan \u00e7\u0259kindirm\u0259k v\u0259 Az\u0259rbaycan\u0131n \u00f6z \u0259razisi \u00fcz\u0259rind\u0259 tam suverenliyini b\u0259rpa etm\u0259sin\u0259 imkan verm\u0259m\u0259k, 2020-ci ilin n\u0259tic\u0259l\u0259ri il\u0259 m\u0259hdudla\u015fma\u011fa m\u0259cbur etm\u0259k olmu\u015fdu.<\/p>\n<p>Ancaq \u0130lham \u018fliyev \u00e7ox prinsipial v\u0259 q\u0259tiyy\u0259tlidir, he\u00e7 bir t\u0259zyiq onun haqq yolundak\u0131 m\u00fcbariz\u0259sini dayand\u0131ra bilm\u0259zdi.<\/p>\n<p>Postm\u00fcnaqi\u015f\u0259 d\u00f6vr\u00fcnd\u0259 d\u0259 Az\u0259rbaycana qar\u015f\u0131 t\u0259zyiql\u0259r\u0259 baxmayaraq, c\u0259nab Prezident \u00f6z s\u00f6z\u00fcn\u00fc dedi v\u0259 dediyi s\u00f6zl\u0259r\u0259 \u0259m\u0259l etdi. Bir daha s\u00fcbut olundu ki, \u0130lham \u018fliyev q\u0259tiyy\u0259tin, Q\u0259l\u0259b\u0259nin, Z\u0259f\u0259rin simvoludur.<\/p>\n<p>\u00c7\u00fcnki o, he\u00e7 vaxt ba\u015flad\u0131\u011f\u0131 i\u015fl\u0259ri yar\u0131m\u00e7\u0131q qoymayan v\u0259 b\u00fct\u00fcn f\u0259aliyy\u0259ti boyunca \u201cn\u0259yi n\u0259 zaman v\u0259 nec\u0259\u201d etm\u0259yin \u0259n yax\u015f\u0131 n\u00fcmun\u0259l\u0259rini g\u00f6st\u0259rib.<\/p>\n<p>Prezidentin suverenlik v\u0259 \u0259razi b\u00fct\u00f6vl\u00fcy\u00fc anlay\u0131\u015f\u0131 he\u00e7 bir zaman m\u00fcharib\u0259nin n\u0259tic\u0259l\u0259ri il\u0259 m\u0259hdudla\u015fmay\u0131b. 10 noyabrdan sonrak\u0131 \u00fc\u00e7 il \u0259rzind\u0259 h\u0259yata ke\u00e7iril\u0259n siyas\u0259t v\u0259 g\u00f6r\u00fcl\u0259n b\u00fct\u00fcn i\u015fl\u0259r prosesin davam\u0131 olub. Bu proses 2023-c\u00fc il sentyabr\u0131n 20-d\u0259 \u00f6z m\u0259ntiqi sonlu\u011funa \u00e7at\u0131b.<\/p>\n<p>T\u0259bii ki, s\u00f6hb\u0259t Az\u0259rbaycan\u0131n Qaraba\u011fda ke\u00e7irdiyi antiterror t\u0259dbirl\u0259rinin n\u0259tic\u0259l\u0259rind\u0259n gedir.<\/p>\n<p>Dem\u0259li, t\u0259zyiql\u0259r\u0259 v\u0259 h\u0259d\u0259l\u0259r\u0259 baxmayaraq, Prezident \u0130lham \u018fliyev uzaqg\u00f6r\u0259nlikl\u0259, praqmatik \u015f\u0259kild\u0259, bar\u0131\u015fmaz prinsipiall\u0131q v\u0259 q\u0259ti irad\u0259 n\u00fcmayi\u015f etdirdi. D\u00f6vl\u0259t ba\u015f\u00e7\u0131s\u0131 n\u0259tic\u0259 olaraq Xank\u0259ndi, Xocal\u0131, Xocav\u0259nd, A\u011fd\u0259r\u0259 \u015f\u0259h\u0259rl\u0259rind\u0259 v\u0259 \u018fsg\u0259ran q\u0259s\u0259b\u0259sind\u0259 D\u00f6vl\u0259t Bayra\u011f\u0131n\u0131 ucaltd\u0131.<\/p>\n<p>Milli lider x\u00fcsusiyy\u0259tl\u0259rinin v\u0259 keyfiyy\u0259tinin da\u015f\u0131y\u0131c\u0131s\u0131 olan \u0130lham \u018fliyev m\u00fcharib\u0259d\u0259n sonrak\u0131 \u00fc\u00e7 il \u0259rzind\u0259 tarixi \u0259h\u0259miyy\u0259t k\u0259sb ed\u0259n bir proses realla\u015fd\u0131rd\u0131 v\u0259 \u00fcz\u0259rin\u0259 g\u00f6t\u00fcrd\u00fcy\u00fc tarixi missiyan\u0131 ba\u015fa \u00e7atd\u0131rd\u0131.<\/p>\n<p>Qaraba\u011fdak\u0131 antiterror t\u0259dbirl\u0259rinin n\u0259tic\u0259l\u0259ri tarixi \u0259h\u0259miyy\u0259tin\u0259 g\u00f6r\u0259 44 g\u00fcnl\u00fck m\u00fcharib\u0259 v\u0259 8 Noyabr &#8211; Z\u0259f\u0259r G\u00fcn\u00fcn\u0259 b\u0259rab\u0259r n\u00f6vb\u0259ti parlaq Q\u0259l\u0259b\u0259dir.<\/p>\n<p>2023-c\u00fc il sentyabr\u0131n 20-d\u0259 \u0259ld\u0259 olunan Q\u0259l\u0259b\u0259 siyasi v\u0259 m\u0259n\u0259vi \u0259h\u0259miyy\u0259tin\u0259 g\u00f6r\u0259 Z\u0259f\u0259r G\u00fcn\u00fcn\u0259 b\u0259rab\u0259r v\u0259 onu tamamlayan tarixi hadis\u0259dir.<\/p>\n<p>\u0130ndi tam \u0259minlikl\u0259 dem\u0259k olar ki, bu g\u00fcn b\u00fct\u00fcn h\u0259yat\u0131n\u0131 Az\u0259rbaycan xalq\u0131na h\u0259sr etmi\u015f v\u0259 \u00f6lk\u0259mizin \u0259razi b\u00fct\u00f6vl\u00fcy\u00fcn\u00fcn b\u0259rpa olunmas\u0131 \u0259n b\u00f6y\u00fck arzusu olan \u00fcmummilli lider Heyd\u0259r \u018fliyevin ruhu \u015fadd\u0131r.<\/p>\n","protected":false},"excerpt":{"rendered":"<p>Qar\u015f\u0131dan 8 Noyabr &#8211; Z\u0259f\u0259r G\u00fcn\u00fc g\u0259lir. Z\u0259f\u0259r G\u00fcn\u00fc Az\u0259rbaycan\u0131n d\u00f6vl\u0259t m\u00fcst\u0259qilliyinin, suverenliyinin, g\u00fcc\u00fcn\u00fcn v\u0259 q\u00fcdr\u0259tinin r\u0259mzidir. Bir az tarixi xat\u0131rlayaq. Az\u0259rbaycan\u0131n 2020-ci ilin 44 g\u00fcnl\u00fck m\u00fcharib\u0259sind\u0259 Erm\u0259nistan \u00fcz\u0259rind\u0259 q\u0259l\u0259b\u0259 \u00e7almas\u0131 30 illik i\u015f\u011fala son qoydu. 2020-ci il noyabr\u0131n 10-da \u00dc\u00e7t\u0259r\u0259fli B\u0259yanatla Erm\u0259nistan kapitulyasiya akt\u0131na imza atd\u0131. Bel\u0259likl\u0259, 30 illik i\u015f\u011fala son qoyuldu. 44 g\u00fcnl\u00fck V\u0259t\u0259n m\u00fcharib\u0259sind\u0259 Az\u0259rbaycan\u0131n q\u0259l\u0259b\u0259si regionda \u0259dal\u0259ti b\u0259rq\u0259rar etdi. Prezident, Silahl\u0131 Q\u00fcvv\u0259l\u0259rin Ali Ba\u015f Komandan\u0131\u00a0\u0130lham \u018fliyev\u00a0v\u0259 Ordumuz bizi q\u0259l\u0259b\u0259d\u0259n-q\u0259l\u0259b\u0259y\u0259 aparan b\u00f6y\u00fck bir n\u0259tic\u0259 \u0259ld\u0259 etdil\u0259r. Halbuki, m\u00fcharib\u0259 d\u00f6vr\u00fcnd\u0259 Prezident \u0130lham \u018fliyev\u0259 qar\u015f\u0131 t\u0259zyiql\u0259r var idi. M\u0259qs\u0259d&hellip;<\/p>\n","protected":false},"author":2,"featured_media":651959,"comment_status":"closed","ping_status":"closed","sticky":false,"template":"","format":"standard","meta":{"om_disable_all_campaigns":false,"_monsterinsights_skip_tracking":false,"_monsterinsights_sitenote_active":false,"_monsterinsights_sitenote_note":"","_monsterinsights_sitenote_category":0},"categories":[4],"tags":[],"aioseo_notices":[],"gutentor_comment":0,"rttpg_featured_image_url":{"full":["https:\/\/arantv.az\/wp-content\/uploads\/2023\/11\/FotoJet-3.jpg",620,413,false],"landscape":["https:\/\/arantv.az\/wp-content\/uploads\/2023\/11\/FotoJet-3.jpg",620,413,false],"portraits":["https:\/\/arantv.az\/wp-content\/uploads\/2023\/11\/FotoJet-3.jpg",620,413,false],"thumbnail":["https:\/\/arantv.az\/wp-content\/uploads\/2023\/11\/FotoJet-3-500x280.jpg",500,280,true],"medium":["https:\/\/arantv.az\/wp-content\/uploads\/2023\/11\/FotoJet-3-548x365.jpg",548,365,true],"large":["https:\/\/arantv.az\/wp-content\/uploads\/2023\/11\/FotoJet-3.jpg",620,413,false],"1536x1536":["https:\/\/arantv.az\/wp-content\/uploads\/2023\/11\/FotoJet-3.jpg",620,413,false],"2048x2048":["https:\/\/arantv.az\/wp-content\/uploads\/2023\/11\/FotoJet-3.jpg",620,413,false],"post-thumbnail":["https:\/\/arantv.az\/wp-content\/uploads\/2023\/11\/FotoJet-3-240x172.jpg",240,172,true],"advps-thumb-one":["https:\/\/arantv.az\/wp-content\/uploads\/2023\/11\/FotoJet-3.jpg",620,413,false]},"rttpg_author":{"display_name":"V\u00fcsal Rafiqo\u011flu","author_link":"https:\/\/arantv.az\/?author=2"},"rttpg_comment":0,"rttpg_category":"<a href=\"https:\/\/arantv.az\/?cat=4\" rel=\"category\">Siyas\u0259t<\/a>","rttpg_excerpt":"Qar\u015f\u0131dan 8 Noyabr &#8211; Z\u0259f\u0259r G\u00fcn\u00fc g\u0259lir. Z\u0259f\u0259r G\u00fcn\u00fc Az\u0259rbaycan\u0131n d\u00f6vl\u0259t m\u00fcst\u0259qilliyinin, suverenliyinin, g\u00fcc\u00fcn\u00fcn v\u0259 q\u00fcdr\u0259tinin r\u0259mzidir. Bir az tarixi xat\u0131rlayaq. Az\u0259rbaycan\u0131n 2020-ci ilin 44 g\u00fcnl\u00fck m\u00fcharib\u0259sind\u0259 Erm\u0259nistan \u00fcz\u0259rind\u0259 q\u0259l\u0259b\u0259 \u00e7almas\u0131 30 illik i\u015f\u011fala son qoydu. 2020-ci il noyabr\u0131n 10-da \u00dc\u00e7t\u0259r\u0259fli B\u0259yanatla Erm\u0259nistan kapitulyasiya akt\u0131na imza atd\u0131. Bel\u0259likl\u0259, 30 illik i\u015f\u011fala son qoyuldu. 44 g\u00fcnl\u00fck&hellip;","_links":{"self":[{"href":"https:\/\/arantv.az\/index.php?rest_route=\/wp\/v2\/posts\/651956"}],"collection":[{"href":"https:\/\/arantv.az\/index.php?rest_route=\/wp\/v2\/posts"}],"about":[{"href":"https:\/\/arantv.az\/index.php?rest_route=\/wp\/v2\/types\/post"}],"author":[{"embeddable":true,"href":"https:\/\/arantv.az\/index.php?rest_route=\/wp\/v2\/users\/2"}],"replies":[{"embeddable":true,"href":"https:\/\/arantv.az\/index.php?rest_route=%2Fwp%2Fv2%2Fcomments&post=651956"}],"version-history":[{"count":0,"href":"https:\/\/arantv.az\/index.php?rest_route=\/wp\/v2\/posts\/651956\/revisions"}],"wp:featuredmedia":[{"embeddable":true,"href":"https:\/\/arantv.az\/index.php?rest_route=\/wp\/v2\/media\/651959"}],"wp:attachment":[{"href":"https:\/\/arantv.az\/index.php?rest_route=%2Fwp%2Fv2%2Fmedia&parent=651956"}],"wp:term":[{"taxonomy":"category","embeddable":true,"href":"https:\/\/arantv.az\/index.php?rest_route=%2Fwp%2Fv2%2Fcategories&post=651956"},{"taxonomy":"post_tag","embeddable":true,"href":"https:\/\/arantv.az\/index.php?rest_route=%2Fwp%2Fv2%2Ftags&post=651956"}],"curies":[{"name":"wp","href":"https:\/\/api.w.org\/{rel}","templated":true}]}}