{"id":651961,"date":"2023-11-01T17:11:34","date_gmt":"2023-11-01T13:11:34","guid":{"rendered":"https:\/\/arantv.az\/?p=651961"},"modified":"2023-11-01T17:11:34","modified_gmt":"2023-11-01T13:11:34","slug":"ic%c9%99ris%c9%99h%c9%99r-sakinl%c9%99rinin-eksponatlarindan-ibar%c9%99t-s%c9%99rginin-acilisi-bas-tutdu-foto","status":"publish","type":"post","link":"https:\/\/arantv.az\/?p=651961","title":{"rendered":"\u0130\u00e7\u0259ri\u015f\u0259h\u0259r sakinl\u0259rinin eksponatlar\u0131ndan ibar\u0259t s\u0259rginin a\u00e7\u0131l\u0131\u015f\u0131 ba\u015f tutdu &#8211; FOTO"},"content":{"rendered":"<p>31 oktyabr 2023-c\u00fc il tarixind\u0259 \u015eirvan\u015fahlar Saray\u0131 Kompleksind\u0259 \u201c\u0130\u00e7\u0259ri\u015f\u0259h\u0259r\u201d D\u00f6vl\u0259t Tarixi-Memarl\u0131q Qoru\u011fu \u0130dar\u0259sinin t\u0259\u015fkilat\u00e7\u0131l\u0131\u011f\u0131 il\u0259 ba\u015f tutan \u201c\u0130\u00e7\u0259ri\u015f\u0259h\u0259rim\u201d adl\u0131 s\u0259rginin a\u00e7\u0131l\u0131\u015f\u0131 olub.<\/p>\n<p><strong>ARANTV.AZ <\/strong>\u00a0x\u0259b\u0259r verir ki, layih\u0259nin unikall\u0131\u011f\u0131 i\u00e7\u0259ri\u015f\u0259h\u0259rli olan sakinl\u0259rin soyk\u00f6k\u00fcnd\u0259n g\u0259l\u0259n d\u0259y\u0259rl\u0259rin v\u0259 onlar\u0131n tarixini ictimaiyy\u0259t\u0259 n\u00fcmayi\u015f edilm\u0259sidir. S\u0259rginin ke\u00e7irilm\u0259sinin \u0259sas m\u0259qs\u0259di \u0130\u00e7\u0259ri\u015f\u0259h\u0259r sakinl\u0259rinin tarixi \u0259srl\u0259r\u0259 s\u00f6yk\u0259n\u0259n milli d\u0259y\u0259rl\u0259rini ya\u015fatmaq v\u0259 onlar\u0131 tan\u0131tmaqd\u0131r.<\/p>\n<p>\u201c\u0130\u00e7\u0259ri\u015f\u0259h\u0259rim\u201d s\u0259rgisind\u0259 n\u00fcmayi\u015f edil\u0259n y\u00fczd\u0259n art\u0131q eksponatlardan \u0259n q\u0259dimi XVIII, \u0259n m\u00fcasiri is\u0259 XX \u0259srin ortalar\u0131na aiddir. Onlar\u0131n aras\u0131nda q\u0259dim musiqi al\u0259tl\u0259ri, analar\u0131m\u0131z\u0131n sevgi il\u0259 yaratd\u0131qlar\u0131 v\u0259 q\u0131z-g\u0259linl\u0259rinin cehizin\u0259 qo\u015fduqlar\u0131 n\u0259fis aksesuarlar, dini \u0259\u015fyalar, s\u0259n\u0259dl\u0259r v\u0259 fotolar var. H\u0259r bir \u0259\u015fya \u00f6z\u00fcnd\u0259 b\u00f6y\u00fck bir tarixi d\u00f6vrl\u0259ri ya\u015fadaraq, q\u0259dim Bak\u0131n\u0131n etnoqrafik l\u00f6vh\u0259l\u0259rini, b\u0259dii s\u0259n\u0259tkarl\u0131q d\u00fcnyas\u0131n\u0131, ail\u0259-m\u0259i\u015f\u0259t \u0259n\u0259n\u0259sini \u0259ks etdirir.<\/p>\n<p>\u201c\u0130\u00e7\u0259ri\u015f\u0259h\u0259rim\u201d s\u0259rgisi 30.11.2023-c\u00fc il tarixin\u0259d\u0259k \u015eirvan\u015fahlar Saray\u0131 Kompleksind\u0259 muzey ziyar\u0259t\u00e7il\u0259ri \u00fc\u00e7\u00fcn a\u00e7\u0131q olacaq.<\/p>\n<p>\u201c\u0130\u00e7\u0259ri\u015f\u0259h\u0259rim\u201d s\u0259rgisin\u0259 giri\u015f s\u0259rb\u0259stdir.<\/p>\n<p>&nbsp;<\/p>\n<div class=\"gallery\">\n<div class=\"gallery-i\"><img src=\"https:\/\/cdn.oxu.az\/uploads\/W1siZiIsIjIwMjMvMTEvMDEvMTQvNDcvMjMvMjZlYmRhOWEtMWY2YS00MDkyLWI4MjgtYzVkYWI5N2QzNWU4LzE0NTUyOGQ4LTU0MWUtNGVlMy04NThkLTQ2YWQ2MzdmYmI5Yy5qcGciXSxbInAiLCJlbmNvZGUiLCJqcGciLCItcXVhbGl0eSA4MCJdLFsicCIsInRodW1iIiwiNTkweDU5MFx1MDAzZSJdXQ?sha=2119be2c42a4f07c\" alt=\"\" \/><\/p>\n<div class=\"gallery-i-caption\"><\/div>\n<\/div>\n<div class=\"gallery-i\"><img src=\"https:\/\/cdn.oxu.az\/uploads\/W1siZiIsIjIwMjMvMTEvMDEvMTQvNDcvMjMvYmRhNDMxYjktZTkzZi00OTBjLTljOWYtOGZhZThmZjcwZDhkLzgzMmJlOWUxLTMyZDUtNDJjOC1iN2FhLWM1YTk1YWM5MzQ2Zi5qcGciXSxbInAiLCJlbmNvZGUiLCJqcGciLCItcXVhbGl0eSA4MCJdLFsicCIsInRodW1iIiwiNTkweDU5MFx1MDAzZSJdXQ?sha=2e957fc094f43481\" alt=\"\" \/><\/p>\n<div class=\"gallery-i-caption\"><\/div>\n<\/div>\n<div class=\"gallery-i\"><img src=\"https:\/\/cdn.oxu.az\/uploads\/W1siZiIsIjIwMjMvMTEvMDEvMTQvNDcvMjMvNmY0MDE2NWUtZDhkMS00MTA3LThkYmEtZjBlMjRjMTY2YmQ5L2UwNTVmNmVjLWQwOTYtNDBmMC1hMDk3LTc1NzhkOTkxOTBmMC5qcGciXSxbInAiLCJlbmNvZGUiLCJqcGciLCItcXVhbGl0eSA4MCJdLFsicCIsInRodW1iIiwiNTkweDU5MFx1MDAzZSJdXQ?sha=47f98d606106fdb2\" alt=\"\" \/><\/div>\n<\/div>\n","protected":false},"excerpt":{"rendered":"<p>31 oktyabr 2023-c\u00fc il tarixind\u0259 \u015eirvan\u015fahlar Saray\u0131 Kompleksind\u0259 \u201c\u0130\u00e7\u0259ri\u015f\u0259h\u0259r\u201d D\u00f6vl\u0259t Tarixi-Memarl\u0131q Qoru\u011fu \u0130dar\u0259sinin t\u0259\u015fkilat\u00e7\u0131l\u0131\u011f\u0131 il\u0259 ba\u015f tutan \u201c\u0130\u00e7\u0259ri\u015f\u0259h\u0259rim\u201d adl\u0131 s\u0259rginin a\u00e7\u0131l\u0131\u015f\u0131 olub. ARANTV.AZ \u00a0x\u0259b\u0259r verir ki, layih\u0259nin unikall\u0131\u011f\u0131 i\u00e7\u0259ri\u015f\u0259h\u0259rli olan sakinl\u0259rin soyk\u00f6k\u00fcnd\u0259n g\u0259l\u0259n d\u0259y\u0259rl\u0259rin v\u0259 onlar\u0131n tarixini ictimaiyy\u0259t\u0259 n\u00fcmayi\u015f edilm\u0259sidir. S\u0259rginin ke\u00e7irilm\u0259sinin \u0259sas m\u0259qs\u0259di \u0130\u00e7\u0259ri\u015f\u0259h\u0259r sakinl\u0259rinin tarixi \u0259srl\u0259r\u0259 s\u00f6yk\u0259n\u0259n milli d\u0259y\u0259rl\u0259rini ya\u015fatmaq v\u0259 onlar\u0131 tan\u0131tmaqd\u0131r. \u201c\u0130\u00e7\u0259ri\u015f\u0259h\u0259rim\u201d s\u0259rgisind\u0259 n\u00fcmayi\u015f edil\u0259n y\u00fczd\u0259n art\u0131q eksponatlardan \u0259n q\u0259dimi XVIII, \u0259n m\u00fcasiri is\u0259 XX \u0259srin ortalar\u0131na aiddir. Onlar\u0131n aras\u0131nda q\u0259dim musiqi al\u0259tl\u0259ri, analar\u0131m\u0131z\u0131n sevgi il\u0259 yaratd\u0131qlar\u0131 v\u0259 q\u0131z-g\u0259linl\u0259rinin cehizin\u0259 qo\u015fduqlar\u0131 n\u0259fis aksesuarlar, dini \u0259\u015fyalar, s\u0259n\u0259dl\u0259r&hellip;<\/p>\n","protected":false},"author":2,"featured_media":651965,"comment_status":"closed","ping_status":"closed","sticky":false,"template":"","format":"standard","meta":{"om_disable_all_campaigns":false,"_monsterinsights_skip_tracking":false,"_monsterinsights_sitenote_active":false,"_monsterinsights_sitenote_note":"","_monsterinsights_sitenote_category":0},"categories":[1],"tags":[],"aioseo_notices":[],"gutentor_comment":0,"rttpg_featured_image_url":{"full":["https:\/\/arantv.az\/wp-content\/uploads\/2023\/11\/111111111111.jpg",620,413,false],"landscape":["https:\/\/arantv.az\/wp-content\/uploads\/2023\/11\/111111111111.jpg",620,413,false],"portraits":["https:\/\/arantv.az\/wp-content\/uploads\/2023\/11\/111111111111.jpg",620,413,false],"thumbnail":["https:\/\/arantv.az\/wp-content\/uploads\/2023\/11\/111111111111-500x280.jpg",500,280,true],"medium":["https:\/\/arantv.az\/wp-content\/uploads\/2023\/11\/111111111111-548x365.jpg",548,365,true],"large":["https:\/\/arantv.az\/wp-content\/uploads\/2023\/11\/111111111111.jpg",620,413,false],"1536x1536":["https:\/\/arantv.az\/wp-content\/uploads\/2023\/11\/111111111111.jpg",620,413,false],"2048x2048":["https:\/\/arantv.az\/wp-content\/uploads\/2023\/11\/111111111111.jpg",620,413,false],"post-thumbnail":["https:\/\/arantv.az\/wp-content\/uploads\/2023\/11\/111111111111-240x172.jpg",240,172,true],"advps-thumb-one":["https:\/\/arantv.az\/wp-content\/uploads\/2023\/11\/111111111111.jpg",620,413,false]},"rttpg_author":{"display_name":"V\u00fcsal Rafiqo\u011flu","author_link":"https:\/\/arantv.az\/?author=2"},"rttpg_comment":0,"rttpg_category":"<a href=\"https:\/\/arantv.az\/?cat=1\" rel=\"category\">C\u0259miyy\u0259t<\/a>","rttpg_excerpt":"31 oktyabr 2023-c\u00fc il tarixind\u0259 \u015eirvan\u015fahlar Saray\u0131 Kompleksind\u0259 \u201c\u0130\u00e7\u0259ri\u015f\u0259h\u0259r\u201d D\u00f6vl\u0259t Tarixi-Memarl\u0131q Qoru\u011fu \u0130dar\u0259sinin t\u0259\u015fkilat\u00e7\u0131l\u0131\u011f\u0131 il\u0259 ba\u015f tutan \u201c\u0130\u00e7\u0259ri\u015f\u0259h\u0259rim\u201d adl\u0131 s\u0259rginin a\u00e7\u0131l\u0131\u015f\u0131 olub. ARANTV.AZ \u00a0x\u0259b\u0259r verir ki, layih\u0259nin unikall\u0131\u011f\u0131 i\u00e7\u0259ri\u015f\u0259h\u0259rli olan sakinl\u0259rin soyk\u00f6k\u00fcnd\u0259n g\u0259l\u0259n d\u0259y\u0259rl\u0259rin v\u0259 onlar\u0131n tarixini ictimaiyy\u0259t\u0259 n\u00fcmayi\u015f edilm\u0259sidir. S\u0259rginin ke\u00e7irilm\u0259sinin \u0259sas m\u0259qs\u0259di \u0130\u00e7\u0259ri\u015f\u0259h\u0259r sakinl\u0259rinin tarixi \u0259srl\u0259r\u0259 s\u00f6yk\u0259n\u0259n milli d\u0259y\u0259rl\u0259rini ya\u015fatmaq v\u0259 onlar\u0131 tan\u0131tmaqd\u0131r.&hellip;","_links":{"self":[{"href":"https:\/\/arantv.az\/index.php?rest_route=\/wp\/v2\/posts\/651961"}],"collection":[{"href":"https:\/\/arantv.az\/index.php?rest_route=\/wp\/v2\/posts"}],"about":[{"href":"https:\/\/arantv.az\/index.php?rest_route=\/wp\/v2\/types\/post"}],"author":[{"embeddable":true,"href":"https:\/\/arantv.az\/index.php?rest_route=\/wp\/v2\/users\/2"}],"replies":[{"embeddable":true,"href":"https:\/\/arantv.az\/index.php?rest_route=%2Fwp%2Fv2%2Fcomments&post=651961"}],"version-history":[{"count":0,"href":"https:\/\/arantv.az\/index.php?rest_route=\/wp\/v2\/posts\/651961\/revisions"}],"wp:featuredmedia":[{"embeddable":true,"href":"https:\/\/arantv.az\/index.php?rest_route=\/wp\/v2\/media\/651965"}],"wp:attachment":[{"href":"https:\/\/arantv.az\/index.php?rest_route=%2Fwp%2Fv2%2Fmedia&parent=651961"}],"wp:term":[{"taxonomy":"category","embeddable":true,"href":"https:\/\/arantv.az\/index.php?rest_route=%2Fwp%2Fv2%2Fcategories&post=651961"},{"taxonomy":"post_tag","embeddable":true,"href":"https:\/\/arantv.az\/index.php?rest_route=%2Fwp%2Fv2%2Ftags&post=651961"}],"curies":[{"name":"wp","href":"https:\/\/api.w.org\/{rel}","templated":true}]}}