{"id":651975,"date":"2023-11-01T17:14:55","date_gmt":"2023-11-01T13:14:55","guid":{"rendered":"https:\/\/arantv.az\/?p=651975"},"modified":"2023-11-01T17:14:55","modified_gmt":"2023-11-01T13:14:55","slug":"payizda-havalarin-isti-kecm%c9%99si-n%c9%99-il%c9%99-%c9%99laq%c9%99dardir-aciqlama","status":"publish","type":"post","link":"https:\/\/arantv.az\/?p=651975","title":{"rendered":"Pay\u0131zda havalar\u0131n isti ke\u00e7m\u0259si n\u0259 il\u0259 \u0259laq\u0259dard\u0131r? &#8211; A\u00c7IQLAMA"},"content":{"rendered":"<p>\u201cOktyabrda v\u0259 noyabr\u0131n \u0259vv\u0259lind\u0259 havan\u0131n isti ke\u00e7m\u0259si normal hald\u0131r\u201d.<\/p>\n<p>Bunu APA-ya a\u00e7\u0131qlamas\u0131nda Co\u011frafiya \u0130nstitutunun X\u0259z\u0259r d\u0259nizinin Hidrometeorologiya \u015f\u00f6b\u0259sinin m\u00fcdiri, co\u011frafiya elml\u0259ri doktoru S\u0259id S\u0259f\u0259rov deyib.<\/p>\n<p>O bildirib ki, bu tip t\u0259bi\u0259t hadis\u0259si hava k\u00fctl\u0259l\u0259rinin h\u0259r\u0259k\u0259t xarakterind\u0259n as\u0131l\u0131d\u0131r:<\/p>\n<p>\u201cBilirik ki, hans\u0131sa \u0259raziy\u0259 hava k\u00fctl\u0259l\u0259ri \u015fimaldan daxil olarsa, orada hava soyuyur, bu h\u0259r\u0259k\u0259tlilik c\u0259nubdan \u015fimala do\u011fru oldu\u011fu zaman is\u0259\u00a0hans\u0131 ay olmas\u0131ndan as\u0131l\u0131 olmayaraq, havan\u0131n q\u0259fil isindiyini m\u00fc\u015fahid\u0259 edirik. Buna g\u00f6r\u0259 b\u0259z\u0259n n\u0259inki oktyabr, noyabr ay\u0131nda, el\u0259c\u0259 d\u0259 yanvar, fevral aylar\u0131nda da havan\u0131n q\u0259fil isindiyini g\u00f6r\u0259 bilirik. Y\u0259ni bu c\u00fcr hallar havan\u0131n h\u0259r\u0259k\u0259t istiqam\u0259ti il\u0259 ba\u011fl\u0131d\u0131r. Buna t\u0259\u0259cc\u00fcbl\u0259nm\u0259k laz\u0131m deyil\u201d.<\/p>\n<p>Lokal istil\u0259\u015fm\u0259l\u0259r bar\u0259d\u0259 dan\u0131\u015fan S\u0259id S\u0259f\u0259rov deyib ki, bu, fyon hadis\u0259si il\u0259 \u0259laq\u0259dard\u0131r:<\/p>\n<p>\u201cFyon hadis\u0259si zaman\u0131 hava k\u00fctl\u0259l\u0259ri h\u0259r hans\u0131 bir mane\u0259ni, m\u0259s\u0259l\u0259n, t\u0259p\u0259ni v\u0259 ya da\u011f silsil\u0259l\u0259rini a\u015fandan sonra havan\u0131n temperaturu artma\u011fa ba\u015flay\u0131r v\u0259 bu, g\u00fccl\u00fc k\u00fcl\u0259kl\u0259 m\u00fc\u015fayi\u0259t olunur. Bu hadis\u0259 Bak\u0131 \u015f\u0259h\u0259ri \u00fc\u00e7\u00fcn xarakterik olmasa da, daha \u00e7ox da\u011fl\u0131q v\u0259 da\u011f\u0259t\u0259yi \u0259razil\u0259rd\u0259 m\u00fc\u015fahid\u0259 olunur\u201d.<\/p>\n<p>Havan\u0131n pay\u0131z aylar\u0131nda isti ke\u00e7m\u0259sinin qlobal istil\u0259\u015fm\u0259nin t\u0259zah\u00fcr\u00fc olub-olmamas\u0131 bar\u0259d\u0259 sual\u0131m\u0131z\u0131 cavabland\u0131ran S\u0259id S\u0259f\u0259rov deyib ki, qlobal istil\u0259\u015fm\u0259 \u00fcmumi bir fondur v\u0259 b\u00fct\u00fcn d\u00fcnyada bunun t\u0259zah\u00fcrl\u0259ri \u00f6z\u00fcn\u00fc g\u00f6st\u0259rir, lakin bu, b\u00fct\u00fcn aylar \u00fc\u00e7\u00fcn eyni deyil:<\/p>\n<p>\u201cOrta statistik r\u0259q\u0259ml\u0259r\u0259 g\u00f6r\u0259, havan\u0131n orta temperaturunun artmas\u0131 mart, avqust v\u0259 oktyabr ay\u0131nda daha \u00e7ox m\u00fc\u015fahid\u0259 olunur. Bu hal b\u0259z\u0259n noyabr ay\u0131nda m\u00fc\u015fahid\u0259 edils\u0259 d\u0259, n\u0259z\u0259r\u0259\u00e7arpacaq q\u0259d\u0259r deyil. M\u0259s\u0259l\u0259n, son 30 ild\u0259 Bak\u0131 \u015f\u0259h\u0259ri \u00fczr\u0259 oktyabr ay\u0131nda havan\u0131n orta ayl\u0131q temperaturunun iqlim normas\u0131na nisb\u0259t\u0259n artmas\u0131\u00a0t\u0259xmin\u0259n\u00a01,5 d\u0259r\u0259c\u0259 olubsa, noyabr ay\u0131nda bu r\u0259q\u0259m s\u0131f\u0131ra yax\u0131n olub. Y\u0259ni hans\u0131sa ay daxilind\u0259 ayr\u0131-ayr\u0131 g\u00fcnl\u0259rd\u0259 v\u0259 ya m\u00fcdd\u0259td\u0259 havan\u0131n temperaturunun bu v\u0259 ya dig\u0259r d\u0259r\u0259c\u0259d\u0259 artmas\u0131 v\u0259 ya azalmas\u0131 qlobal istil\u0259\u015fm\u0259 il\u0259 ba\u011fl\u0131 deyil. Bu, atmosferin \u00fcmumi sirkulyasiyas\u0131 x\u00fcsusiyy\u0259tl\u0259ri il\u0259 \u0259laq\u0259dard\u0131r, bunu birba\u015fa qlobal istil\u0259\u015fm\u0259 il\u0259 \u0259laq\u0259l\u0259ndirm\u0259k do\u011fru deyil\u201d.<\/p>\n","protected":false},"excerpt":{"rendered":"<p>\u201cOktyabrda v\u0259 noyabr\u0131n \u0259vv\u0259lind\u0259 havan\u0131n isti ke\u00e7m\u0259si normal hald\u0131r\u201d. Bunu APA-ya a\u00e7\u0131qlamas\u0131nda Co\u011frafiya \u0130nstitutunun X\u0259z\u0259r d\u0259nizinin Hidrometeorologiya \u015f\u00f6b\u0259sinin m\u00fcdiri, co\u011frafiya elml\u0259ri doktoru S\u0259id S\u0259f\u0259rov deyib. O bildirib ki, bu tip t\u0259bi\u0259t hadis\u0259si hava k\u00fctl\u0259l\u0259rinin h\u0259r\u0259k\u0259t xarakterind\u0259n as\u0131l\u0131d\u0131r: \u201cBilirik ki, hans\u0131sa \u0259raziy\u0259 hava k\u00fctl\u0259l\u0259ri \u015fimaldan daxil olarsa, orada hava soyuyur, bu h\u0259r\u0259k\u0259tlilik c\u0259nubdan \u015fimala do\u011fru oldu\u011fu zaman is\u0259\u00a0hans\u0131 ay olmas\u0131ndan as\u0131l\u0131 olmayaraq, havan\u0131n q\u0259fil isindiyini m\u00fc\u015fahid\u0259 edirik. Buna g\u00f6r\u0259 b\u0259z\u0259n n\u0259inki oktyabr, noyabr ay\u0131nda, el\u0259c\u0259 d\u0259 yanvar, fevral aylar\u0131nda da havan\u0131n q\u0259fil isindiyini g\u00f6r\u0259 bilirik. Y\u0259ni bu c\u00fcr hallar havan\u0131n h\u0259r\u0259k\u0259t&hellip;<\/p>\n","protected":false},"author":2,"featured_media":337617,"comment_status":"closed","ping_status":"closed","sticky":false,"template":"","format":"standard","meta":{"om_disable_all_campaigns":false,"_monsterinsights_skip_tracking":false,"_monsterinsights_sitenote_active":false,"_monsterinsights_sitenote_note":"","_monsterinsights_sitenote_category":0},"categories":[22],"tags":[],"aioseo_notices":[],"gutentor_comment":0,"rttpg_featured_image_url":{"full":["https:\/\/arantv.az\/wp-content\/uploads\/2021\/05\/yayfesli.jpg",800,450,false],"landscape":["https:\/\/arantv.az\/wp-content\/uploads\/2021\/05\/yayfesli.jpg",800,450,false],"portraits":["https:\/\/arantv.az\/wp-content\/uploads\/2021\/05\/yayfesli.jpg",800,450,false],"thumbnail":["https:\/\/arantv.az\/wp-content\/uploads\/2021\/05\/yayfesli-500x280.jpg",500,280,true],"medium":["https:\/\/arantv.az\/wp-content\/uploads\/2021\/05\/yayfesli-649x365.jpg",649,365,true],"large":["https:\/\/arantv.az\/wp-content\/uploads\/2021\/05\/yayfesli.jpg",640,360,false],"1536x1536":["https:\/\/arantv.az\/wp-content\/uploads\/2021\/05\/yayfesli.jpg",800,450,false],"2048x2048":["https:\/\/arantv.az\/wp-content\/uploads\/2021\/05\/yayfesli.jpg",800,450,false],"post-thumbnail":["https:\/\/arantv.az\/wp-content\/uploads\/2021\/05\/yayfesli-240x172.jpg",240,172,true],"advps-thumb-one":["https:\/\/arantv.az\/wp-content\/uploads\/2021\/05\/yayfesli.jpg",800,450,false]},"rttpg_author":{"display_name":"V\u00fcsal Rafiqo\u011flu","author_link":"https:\/\/arantv.az\/?author=2"},"rttpg_comment":0,"rttpg_category":"<a href=\"https:\/\/arantv.az\/?cat=22\" rel=\"category\">Hava<\/a>","rttpg_excerpt":"\u201cOktyabrda v\u0259 noyabr\u0131n \u0259vv\u0259lind\u0259 havan\u0131n isti ke\u00e7m\u0259si normal hald\u0131r\u201d. Bunu APA-ya a\u00e7\u0131qlamas\u0131nda Co\u011frafiya \u0130nstitutunun X\u0259z\u0259r d\u0259nizinin Hidrometeorologiya \u015f\u00f6b\u0259sinin m\u00fcdiri, co\u011frafiya elml\u0259ri doktoru S\u0259id S\u0259f\u0259rov deyib. O bildirib ki, bu tip t\u0259bi\u0259t hadis\u0259si hava k\u00fctl\u0259l\u0259rinin h\u0259r\u0259k\u0259t xarakterind\u0259n as\u0131l\u0131d\u0131r: \u201cBilirik ki, hans\u0131sa \u0259raziy\u0259 hava k\u00fctl\u0259l\u0259ri \u015fimaldan daxil olarsa, orada hava soyuyur, bu h\u0259r\u0259k\u0259tlilik c\u0259nubdan \u015fimala do\u011fru oldu\u011fu&hellip;","_links":{"self":[{"href":"https:\/\/arantv.az\/index.php?rest_route=\/wp\/v2\/posts\/651975"}],"collection":[{"href":"https:\/\/arantv.az\/index.php?rest_route=\/wp\/v2\/posts"}],"about":[{"href":"https:\/\/arantv.az\/index.php?rest_route=\/wp\/v2\/types\/post"}],"author":[{"embeddable":true,"href":"https:\/\/arantv.az\/index.php?rest_route=\/wp\/v2\/users\/2"}],"replies":[{"embeddable":true,"href":"https:\/\/arantv.az\/index.php?rest_route=%2Fwp%2Fv2%2Fcomments&post=651975"}],"version-history":[{"count":0,"href":"https:\/\/arantv.az\/index.php?rest_route=\/wp\/v2\/posts\/651975\/revisions"}],"wp:featuredmedia":[{"embeddable":true,"href":"https:\/\/arantv.az\/index.php?rest_route=\/wp\/v2\/media\/337617"}],"wp:attachment":[{"href":"https:\/\/arantv.az\/index.php?rest_route=%2Fwp%2Fv2%2Fmedia&parent=651975"}],"wp:term":[{"taxonomy":"category","embeddable":true,"href":"https:\/\/arantv.az\/index.php?rest_route=%2Fwp%2Fv2%2Fcategories&post=651975"},{"taxonomy":"post_tag","embeddable":true,"href":"https:\/\/arantv.az\/index.php?rest_route=%2Fwp%2Fv2%2Ftags&post=651975"}],"curies":[{"name":"wp","href":"https:\/\/api.w.org\/{rel}","templated":true}]}}