{"id":651980,"date":"2023-11-01T17:18:33","date_gmt":"2023-11-01T13:18:33","guid":{"rendered":"https:\/\/arantv.az\/?p=651980"},"modified":"2023-11-01T17:18:33","modified_gmt":"2023-11-01T13:18:33","slug":"bu-ild%c9%99n-az%c9%99rbaycanda-gizir-hazirligi-kurslarinin-mudd%c9%99ti-2-il-olacaq","status":"publish","type":"post","link":"https:\/\/arantv.az\/?p=651980","title":{"rendered":"Bu ild\u0259n Az\u0259rbaycanda gizir haz\u0131rl\u0131\u011f\u0131 kurslar\u0131n\u0131n m\u00fcdd\u0259ti 2 il olacaq"},"content":{"rendered":"<p>&#8220;Yeni h\u0259rbi t\u0259hsil sistemind\u0259 gizirl\u0259rin haz\u0131rlanmas\u0131 \u00fczr\u0259 yeni t\u0259l\u0259bl\u0259r m\u00fc\u0259yy\u0259nl\u0259\u015fdirilib. Bu ild\u0259n etibar\u0259n gizir haz\u0131rl\u0131\u011f\u0131 kurslar\u0131n\u0131n m\u00fcdd\u0259ti 2 il olacaq&#8221;.<\/p>\n<p><strong>ARANTV.AZ-\u0131n x\u0259b\u0259rin\u0259 g\u00f6r\u0259, <\/strong>bunu Milli M\u00fcdafi\u0259 Universitetinin rektoru, professor, general-leytenant Heyd\u0259r Piriyev deyib.<\/p>\n<p>Onun s\u00f6zl\u0259rin\u0259 g\u00f6r\u0259, bu m\u00fcdd\u0259t ist\u0259r h\u0259rbi bilikl\u0259rin, t\u0259cr\u00fcbi v\u0259rdi\u015fl\u0259rin \u00f6yr\u0259dilm\u0259si, a\u015f\u0131lanmas\u0131 bax\u0131m\u0131ndan, ist\u0259rs\u0259 d\u0259 orta t\u0259hsil alm\u0131\u015f g\u0259ncin h\u0259rb\u00e7i kimi formala\u015fmas\u0131 bax\u0131m\u0131ndan h\u0259rb\u00e7i kadr kimi haz\u0131rl\u0131\u011f\u0131nda \u0259n optimal m\u00fcdd\u0259tdir:<\/p>\n<p>&#8220;Gizir haz\u0131rl\u0131\u011f\u0131 kursuna tam orta t\u0259hsilli g\u0259ncl\u0259r q\u0259bul olunur. Bu kurs art\u0131q f\u0259aliyy\u0259t\u0259 ba\u015flay\u0131b.\u0130st\u0259r zabit haz\u0131rl\u0131\u011f\u0131, ist\u0259rs\u0259 d\u0259 gizir haz\u0131rl\u0131\u011f\u0131, bu kurslarda t\u0259hsil almaq ist\u0259y\u0259nl\u0259rin, daha d\u0259qiq des\u0259k, g\u0259l\u0259c\u0259kd\u0259 zabit, gizir olmaq ist\u0259y\u0259nl\u0259rin v\u0259t\u0259np\u0259rv\u0259rliyi il\u0259 \u015f\u0259rtl\u0259nir&#8221;.<\/p>\n","protected":false},"excerpt":{"rendered":"<p>&#8220;Yeni h\u0259rbi t\u0259hsil sistemind\u0259 gizirl\u0259rin haz\u0131rlanmas\u0131 \u00fczr\u0259 yeni t\u0259l\u0259bl\u0259r m\u00fc\u0259yy\u0259nl\u0259\u015fdirilib. Bu ild\u0259n etibar\u0259n gizir haz\u0131rl\u0131\u011f\u0131 kurslar\u0131n\u0131n m\u00fcdd\u0259ti 2 il olacaq&#8221;. ARANTV.AZ-\u0131n x\u0259b\u0259rin\u0259 g\u00f6r\u0259, bunu Milli M\u00fcdafi\u0259 Universitetinin rektoru, professor, general-leytenant Heyd\u0259r Piriyev deyib. Onun s\u00f6zl\u0259rin\u0259 g\u00f6r\u0259, bu m\u00fcdd\u0259t ist\u0259r h\u0259rbi bilikl\u0259rin, t\u0259cr\u00fcbi v\u0259rdi\u015fl\u0259rin \u00f6yr\u0259dilm\u0259si, a\u015f\u0131lanmas\u0131 bax\u0131m\u0131ndan, ist\u0259rs\u0259 d\u0259 orta t\u0259hsil alm\u0131\u015f g\u0259ncin h\u0259rb\u00e7i kimi formala\u015fmas\u0131 bax\u0131m\u0131ndan h\u0259rb\u00e7i kadr kimi haz\u0131rl\u0131\u011f\u0131nda \u0259n optimal m\u00fcdd\u0259tdir: &#8220;Gizir haz\u0131rl\u0131\u011f\u0131 kursuna tam orta t\u0259hsilli g\u0259ncl\u0259r q\u0259bul olunur. Bu kurs art\u0131q f\u0259aliyy\u0259t\u0259 ba\u015flay\u0131b.\u0130st\u0259r zabit haz\u0131rl\u0131\u011f\u0131, ist\u0259rs\u0259 d\u0259 gizir haz\u0131rl\u0131\u011f\u0131, bu kurslarda t\u0259hsil almaq ist\u0259y\u0259nl\u0259rin, daha d\u0259qiq&hellip;<\/p>\n","protected":false},"author":2,"featured_media":651988,"comment_status":"closed","ping_status":"closed","sticky":false,"template":"","format":"standard","meta":{"om_disable_all_campaigns":false,"_monsterinsights_skip_tracking":false,"_monsterinsights_sitenote_active":false,"_monsterinsights_sitenote_note":"","_monsterinsights_sitenote_category":0},"categories":[10],"tags":[],"aioseo_notices":[],"gutentor_comment":0,"rttpg_featured_image_url":{"full":["https:\/\/arantv.az\/wp-content\/uploads\/2023\/11\/6f4920ea169884365241882084910711802.jpg",975,540,false],"landscape":["https:\/\/arantv.az\/wp-content\/uploads\/2023\/11\/6f4920ea169884365241882084910711802.jpg",975,540,false],"portraits":["https:\/\/arantv.az\/wp-content\/uploads\/2023\/11\/6f4920ea169884365241882084910711802.jpg",975,540,false],"thumbnail":["https:\/\/arantv.az\/wp-content\/uploads\/2023\/11\/6f4920ea169884365241882084910711802-500x280.jpg",500,280,true],"medium":["https:\/\/arantv.az\/wp-content\/uploads\/2023\/11\/6f4920ea169884365241882084910711802-660x365.jpg",660,365,true],"large":["https:\/\/arantv.az\/wp-content\/uploads\/2023\/11\/6f4920ea169884365241882084910711802-840x465.jpg",640,354,true],"1536x1536":["https:\/\/arantv.az\/wp-content\/uploads\/2023\/11\/6f4920ea169884365241882084910711802.jpg",975,540,false],"2048x2048":["https:\/\/arantv.az\/wp-content\/uploads\/2023\/11\/6f4920ea169884365241882084910711802.jpg",975,540,false],"post-thumbnail":["https:\/\/arantv.az\/wp-content\/uploads\/2023\/11\/6f4920ea169884365241882084910711802-240x172.jpg",240,172,true],"advps-thumb-one":["https:\/\/arantv.az\/wp-content\/uploads\/2023\/11\/6f4920ea169884365241882084910711802.jpg",975,540,false]},"rttpg_author":{"display_name":"V\u00fcsal Rafiqo\u011flu","author_link":"https:\/\/arantv.az\/?author=2"},"rttpg_comment":0,"rttpg_category":"<a href=\"https:\/\/arantv.az\/?cat=10\" rel=\"category\">C\u0259bh\u0259d\u0259n X\u0259b\u0259r<\/a>","rttpg_excerpt":"&#8220;Yeni h\u0259rbi t\u0259hsil sistemind\u0259 gizirl\u0259rin haz\u0131rlanmas\u0131 \u00fczr\u0259 yeni t\u0259l\u0259bl\u0259r m\u00fc\u0259yy\u0259nl\u0259\u015fdirilib. Bu ild\u0259n etibar\u0259n gizir haz\u0131rl\u0131\u011f\u0131 kurslar\u0131n\u0131n m\u00fcdd\u0259ti 2 il olacaq&#8221;. ARANTV.AZ-\u0131n x\u0259b\u0259rin\u0259 g\u00f6r\u0259, bunu Milli M\u00fcdafi\u0259 Universitetinin rektoru, professor, general-leytenant Heyd\u0259r Piriyev deyib. Onun s\u00f6zl\u0259rin\u0259 g\u00f6r\u0259, bu m\u00fcdd\u0259t ist\u0259r h\u0259rbi bilikl\u0259rin, t\u0259cr\u00fcbi v\u0259rdi\u015fl\u0259rin \u00f6yr\u0259dilm\u0259si, a\u015f\u0131lanmas\u0131 bax\u0131m\u0131ndan, ist\u0259rs\u0259 d\u0259 orta t\u0259hsil alm\u0131\u015f g\u0259ncin h\u0259rb\u00e7i kimi formala\u015fmas\u0131&hellip;","_links":{"self":[{"href":"https:\/\/arantv.az\/index.php?rest_route=\/wp\/v2\/posts\/651980"}],"collection":[{"href":"https:\/\/arantv.az\/index.php?rest_route=\/wp\/v2\/posts"}],"about":[{"href":"https:\/\/arantv.az\/index.php?rest_route=\/wp\/v2\/types\/post"}],"author":[{"embeddable":true,"href":"https:\/\/arantv.az\/index.php?rest_route=\/wp\/v2\/users\/2"}],"replies":[{"embeddable":true,"href":"https:\/\/arantv.az\/index.php?rest_route=%2Fwp%2Fv2%2Fcomments&post=651980"}],"version-history":[{"count":0,"href":"https:\/\/arantv.az\/index.php?rest_route=\/wp\/v2\/posts\/651980\/revisions"}],"wp:featuredmedia":[{"embeddable":true,"href":"https:\/\/arantv.az\/index.php?rest_route=\/wp\/v2\/media\/651988"}],"wp:attachment":[{"href":"https:\/\/arantv.az\/index.php?rest_route=%2Fwp%2Fv2%2Fmedia&parent=651980"}],"wp:term":[{"taxonomy":"category","embeddable":true,"href":"https:\/\/arantv.az\/index.php?rest_route=%2Fwp%2Fv2%2Fcategories&post=651980"},{"taxonomy":"post_tag","embeddable":true,"href":"https:\/\/arantv.az\/index.php?rest_route=%2Fwp%2Fv2%2Ftags&post=651980"}],"curies":[{"name":"wp","href":"https:\/\/api.w.org\/{rel}","templated":true}]}}