{"id":651984,"date":"2023-11-01T17:17:53","date_gmt":"2023-11-01T13:17:53","guid":{"rendered":"https:\/\/arantv.az\/?p=651984"},"modified":"2023-11-01T17:17:53","modified_gmt":"2023-11-01T13:17:53","slug":"qalib-xalq-q%c9%99tiyy%c9%99tli-s%c9%99rk%c9%99rd%c9%99-muz%c9%99ff%c9%99r-ordu-tarixi-v%c9%99-sanli-z%c9%99f%c9%99r","status":"publish","type":"post","link":"https:\/\/arantv.az\/?p=651984","title":{"rendered":"Qalib xalq, Q\u0259tiyy\u0259tli S\u0259rk\u0259rd\u0259, M\u00fcz\u0259ff\u0259r Ordu, Tarixi v\u0259 \u015fanl\u0131 Z\u018fF\u018fR!"},"content":{"rendered":"<p>2020-ci il sentyabr\u0131n 27-d\u0259 ba\u015flayan v\u0259 44 g\u00fcn davam ed\u0259n V\u0259t\u0259n m\u00fchari\u00adb\u0259sind\u0259 Prezident, m\u00fcz\u0259ff\u0259r Ali Ba\u015f Komandan \u0130lham \u018fliyevin yaratd\u0131\u011f\u0131 ordu ill\u0259rl\u0259 i\u015f\u011fal alt\u0131nda qalan torpaqlar\u0131m\u0131z\u0131 d\u00fc\u015fm\u0259nd\u0259n qar\u0131\u015f-qar\u0131\u015f t\u0259mizl\u0259di, V\u0259t\u0259n b\u00fct\u00f6vl\u0259\u015fdi. M\u0259hz o g\u00fcnl\u0259rd\u0259 d\u00f6vl\u0259t ba\u015f\u00e7\u0131s\u0131 xalq\u0131n \u00fcr\u0259yind\u0259n ke\u00e7\u0259n s\u00f6zl\u0259ri deyirdi: \u201cBu Q\u0259l\u0259b\u0259 bizim xalq\u0131m\u0131za yara\u015f\u0131r, igid o\u011fullar\u0131m\u0131za yara\u015f\u0131r, d\u00f6vl\u0259timiz\u0259 yara\u015f\u0131r v\u0259 bu Q\u0259l\u0259b\u0259 g\u00fcc\u00fcm\u00fcz\u00fc g\u00f6st\u0259rir\u201d. M\u0259hz o g\u00fcc V\u0259t\u0259n m\u00fcharib\u0259sind\u0259n ke\u00e7\u0259n 3 ilin tamam\u0131nda \u0259razi b\u00fct\u00f6vl\u00fcy\u00fc \u00fcz\u0259rind\u0259 d\u00f6vl\u0259tin suverenliyini t\u0259min etdi.<\/p>\n<p>Bu g\u00fcn Qaraba\u011fda ba\u015f ver\u0259nl\u0259r, q\u0259hr\u0259man ordumuzun c\u0259mi bir sutkaya u\u011furla ba\u015fa \u00e7atd\u0131rd\u0131\u011f\u0131 lokal antiterror \u0259m\u0259liyyat\u0131 s\u00fcbut etdi ki, Az\u0259rbaycanla he\u00e7 bir halda \u015f\u0259rt, h\u0259d\u0259 dilind\u0259 dan\u0131\u015f\u00admaq olmaz. 30 illik d\u00fcy\u00fcn\u00fc t\u0259kba\u015f\u0131na a\u00e7an bir \u00f6lk\u0259nin qar\u015f\u0131s\u0131nda hans\u0131sa qeyri-konstruktiv t\u0259l\u0259bl\u0259r qoymaq, ya\u00adlan\u00e7\u0131 s\u00fclh t\u0259\u015f\u0259bb\u00fcsl\u0259ri ir\u0259li s\u00fcrm\u0259k yaln\u0131z Erm\u0259nistan\u0131n ziyan\u0131na i\u015fl\u0259yir, bunlar\u0131n he\u00e7 biri Az\u0259rbaycan\u0131 \u00f6z h\u0259d\u0259f\u00adl\u0259rind\u0259n yay\u0131nd\u0131rm\u0131r.<\/p>\n<p>V\u0259t\u0259n m\u00fcharib\u0259sind\u0259 B\u00f6y\u00fck Q\u0259l\u0259b\u0259mizd\u0259n yazark\u0259n qeyd edilm\u0259si vacib olan amill\u0259rd\u0259n biri d\u0259 ulu \u00f6nd\u0259r Heyd\u0259r \u018fliyevin t\u0259m\u0259lini qoydu\u011fu ordu quruculu\u011fu siyas\u0259tinin Az\u0259rbaycan Respublikas\u0131n\u0131n Prezidenti, Silahl\u0131 Q\u00fcvv\u0259l\u0259rin M\u00fcz\u0259ff\u0259r Ali Ba\u015f Komandan\u0131 \u0130lham \u018fliyev t\u0259r\u0259find\u0259n yeni d\u00f6vr\u00fcn t\u0259l\u0259bl\u0259ri s\u0259viyy\u0259sind\u0259 inamla, u\u011furla davam edilm\u0259sidir. Prezident \u0130lham \u018fliyevin son ill\u0259rd\u0259 q\u0259bul etdiyi q\u0259rarlar, atd\u0131\u011f\u0131 inaml\u0131 add\u0131mlar q\u00fcdr\u0259tli ordu yaratmaq istiqam\u0259tind\u0259 g\u0259r\u0259k olan b\u00fct\u00fcn z\u0259ruri t\u0259dbirl\u0259rin h\u0259yata ke\u00e7irilm\u0259sini t\u0259min edib. D\u00f6vl\u0259t ba\u015f\u00e7\u0131s\u0131 t\u0259r\u0259find\u0259n prioritet elan edil\u0259n ordu quruculu\u011fu say\u0259sind\u0259 \u0259rs\u0259y\u0259 g\u0259l\u0259n nizami Az\u0259rbaycan Ordusu d\u00f6vl\u0259t\u00e7iliyimizin qarant\u0131 olmaqla yana\u015f\u0131, \u00f6lk\u0259mizin d\u00fcnya miqyas\u0131nda maraq v\u0259 m\u0259nafeyinin, milli t\u0259hl\u00fck\u0259sizliyinin laz\u0131mi s\u0259viyy\u0259d\u0259 qorunmas\u0131n\u0131, h\u0259m\u00e7inin m\u00fcst\u0259qil siyas\u0259t yeritm\u0259sini t\u0259min etm\u0259y\u0259 imkan yarad\u0131b. H\u0259m\u00e7inin qeyd etm\u0259k laz\u0131md\u0131r ki, Prezident \u0130lham \u018fliyevin diqq\u0259t v\u0259 qay\u011f\u0131s\u0131 say\u0259sind\u0259 maddi-sosial v\u0259 texniki c\u0259h\u0259td\u0259n h\u0259rt\u0259r\u0259fli t\u0259chiz olunan, \u0259n m\u00fcasir silahlarla silahlanm\u0131\u015f, d\u00fcnyan\u0131n 50 \u0259n g\u00fccl\u00fc ordular\u0131 s\u0131ras\u0131nda \u00f6z\u00fcn\u0259 layiqli yer tutan Az\u0259rbaycan Ordusu \u0259rs\u0259y\u0259 g\u0259lib. Keyfiyy\u0259tli t\u0259\u015fkil edil\u0259n, s\u0259m\u0259r\u0259li ke\u00e7iril\u0259n t\u0259liml\u0259rd\u0259 t\u0259cr\u00fcb\u0259 toplayan, pe\u015f\u0259karl\u0131\u011f\u0131n\u0131 y\u00fcks\u0259ld\u0259n m\u00fcasir Ordu, d\u00f6y\u00fc\u015f \u0259m\u0259liyyatlar\u0131n\u0131n s\u0259ri\u015ft\u0259li, d\u00fczg\u00fcn, eyni zamanda, h\u0259rbin b\u00fct\u00fcn qanunlar\u0131na uy\u011fun olaraq planla\u015fd\u0131rmas\u0131, h\u0259yata ke\u00e7irilm\u0259si v\u0259 h\u0259rt\u0259r\u0259fli, planl\u0131 \u015f\u0259kild\u0259 haz\u0131rl\u0131q \u00f6lk\u0259mizin d\u00f6y\u00fc\u015f meydan\u0131nda q\u0259l\u0259b\u0259 qazanmas\u0131n\u0131 s\u0259ciyy\u0259l\u0259ndir\u0259n faktorlard\u0131r. M\u0259hz sadalad\u0131\u011f\u0131m\u0131z bu m\u00fcsb\u0259t x\u00fcsusiyy\u0259tl\u0259rin n\u0259tic\u0259si olaraq d\u00fc\u015fm\u0259nin ill\u0259rl\u0259 yaratd\u0131\u011f\u0131 \u201cm\u0259\u011flubedilm\u0259z ordu\u201d mifi 44 g\u00fcn \u0259rzind\u0259 b\u00fct\u00fcn d\u00fcnyan\u0131n g\u00f6z\u00fc qar\u015f\u0131s\u0131nda fiaskoya u\u011frad\u0131. V\u0259t\u0259n m\u00fcharib\u0259sinin ilk g\u00fcnl\u0259rind\u0259n taktiki \u00fcst\u00fcnl\u00fcy\u00fc \u0259l\u0259 alan Az\u0259rbaycan Ordusunun q\u0259lbi v\u0259t\u0259n e\u015fqi il\u0259 d\u00f6y\u00fcn\u0259n \u015f\u0259xsi hey\u0259ti h\u0259r g\u00fcn ya\u015fay\u0131\u015f m\u0259nt\u0259q\u0259l\u0259rimizi, strateji y\u00fcks\u0259klikl\u0259ri azad etm\u0259kl\u0259 daha bir u\u011fura, yeni q\u0259l\u0259b\u0259y\u0259 imza atmaqla n\u00f6vb\u0259ti g\u00fcnl\u0259rd\u0259 d\u00fc\u015fm\u0259n \u00fcz\u0259rind\u0259 tam \u00fcst\u00fcnl\u00fcy\u0259 nail oldu. Bununla da \u015fanl\u0131 Ordumuz Z\u0259f\u0259r G\u00fcn\u00fcn\u00fcn sevincini ya\u015fama\u011f\u0131 v\u0259 haqq-\u0259dal\u0259tin b\u0259rpas\u0131n\u0131 bizl\u0259r\u0259 n\u0259sib etdi. Bacar\u0131ql\u0131, t\u0259cr\u00fcb\u0259li komandanl\u0131q alt\u0131nda idar\u0259 edil\u0259n d\u00f6y\u00fc\u015fl\u0259r\u0259 at\u0131lan c\u0259sur h\u0259rb\u00e7il\u0259rimiz d\u00fc\u015fm\u0259nin ill\u0259rl\u0259 haz\u0131rlad\u0131\u011f\u0131 e\u015felonla\u015fd\u0131r\u0131lm\u0131\u015f m\u00fcdafi\u0259 x\u0259ttini q\u0131sa m\u00fcdd\u0259td\u0259 yararaq ir\u0259lil\u0259m\u0259y\u0259 ba\u015flad\u0131. D\u00f6y\u00fc\u015f meydan\u0131ndan vahim\u0259 i\u00e7ind\u0259 qa\u00e7an d\u00fc\u015fm\u0259nin y\u00fczl\u0259rl\u0259 m\u00fcxt\u0259lif d\u00f6y\u00fc\u015f texnikas\u0131, silah-sursat\u0131 m\u0259hv edildi v\u0259 q\u0259nim\u0259t kimi \u0259l\u0259 ke\u00e7irildi. H\u0259m canl\u0131 q\u00fcvv\u0259, h\u0259m d\u0259 d\u00f6y\u00fc\u015f texnikas\u0131 sardan b\u00f6y\u00fck itkil\u0259r\u0259 m\u0259ruz qalan Erm\u0259nistan ordusu darmada\u011f\u0131n edildi v\u0259 \u201cD\u0259mir yumruq\u201d \u0259m\u0259liyyat\u0131 Az\u0259rbaycan\u0131n \u015eanl\u0131 Q\u0259l\u0259b\u0259si il\u0259 ba\u015fa \u00e7atd\u0131.<\/p>\n<p>Biz indi bir mill\u0259t olaraq yenid\u0259n do\u011fuluruq. Xalq\u0131m\u0131zda qeyri-adi ruh y\u00fcks\u0259kliyi var. M\u0259hz bu \u0259hval-ruhiyy\u0259 il\u0259 30 il \u0259rzind\u0259 da\u011f\u0131d\u0131lm\u0131\u015f \u015f\u0259h\u0259r v\u0259 rayonlar\u0131m\u0131z \u00f6z he\u00adsab\u0131m\u0131za yenid\u0259n qurulur, insanlar\u0131m\u0131\u00adz\u0131n \u00f6z do\u011fma yurdlar\u0131na qay\u0131tmas\u0131 il\u0259 azad Qaraba\u011fda h\u0259yat yenid\u0259n canla\u00adn\u0131r. Bundan sonra bizim h\u0259r u\u011furumu\u00adzun ad\u0131 \u201cZ\u0259f\u0259r\u201d olacaq. 30 illik Qaraba\u011f h\u0259sr\u0259tinin t\u00fck\u0259n\u0259n \u00fcmidi bu m\u00f6ht\u0259\u015f\u0259m z\u0259f\u0259ri ger\u00e7\u0259y\u0259 \u00e7evir\u0259n, ona \u0259b\u0259di \u00f6m\u00fcr ver\u0259n liderin say\u0259sind\u0259 \u00f6lm\u0259di, \u0259ksin\u0259, \u201cd\u0259mir yumruq\u201d \u0259b\u0259diyy\u0259t qazand\u0131. \u0130ndi ill\u0259rl\u0259 \u0259sir olan ruhumuz azadd\u0131r. Bu azadl\u0131\u011f\u0131n q\u00fcdr\u0259ti bizim birliyimizd\u0259, xalq\u0131m\u0131z\u0131n h\u00fcn\u0259rind\u0259, tarixd\u0259n g\u0259l\u0259n q\u0259hr\u0259manl\u0131\u011f\u0131ndad\u0131r.<\/p>\n<p><strong>Ya\u015fas\u0131n Az\u0259rbaycan! Ya\u015fas\u0131n \u015fanl\u0131 Az\u0259rbaycan Ordusu! Ya\u015fas\u0131n Ali Ba\u015f Komandan!<\/strong><\/p>\n<p><img src=\"https:\/\/ikisahil.az\/upload\/\/2023\/11\/01\/\/-4cf33e1816988349467390265811103364.jpg\" alt=\"\" \/><\/p>\n<p><strong>\u0130sa \u0130sayev,\u00a0<\/strong><\/p>\n<p><em>YAP Naftalan \u015f\u0259h\u0259r t\u0259\u015fkilat\u0131n\u0131n f\u0259al g\u0259nc \u00fczv\u00fc, V\u0259t\u0259n M\u00fcharib\u0259si veteran\u0131<\/em><\/p>\n","protected":false},"excerpt":{"rendered":"<p>2020-ci il sentyabr\u0131n 27-d\u0259 ba\u015flayan v\u0259 44 g\u00fcn davam ed\u0259n V\u0259t\u0259n m\u00fchari\u00adb\u0259sind\u0259 Prezident, m\u00fcz\u0259ff\u0259r Ali Ba\u015f Komandan \u0130lham \u018fliyevin yaratd\u0131\u011f\u0131 ordu ill\u0259rl\u0259 i\u015f\u011fal alt\u0131nda qalan torpaqlar\u0131m\u0131z\u0131 d\u00fc\u015fm\u0259nd\u0259n qar\u0131\u015f-qar\u0131\u015f t\u0259mizl\u0259di, V\u0259t\u0259n b\u00fct\u00f6vl\u0259\u015fdi. M\u0259hz o g\u00fcnl\u0259rd\u0259 d\u00f6vl\u0259t ba\u015f\u00e7\u0131s\u0131 xalq\u0131n \u00fcr\u0259yind\u0259n ke\u00e7\u0259n s\u00f6zl\u0259ri deyirdi: \u201cBu Q\u0259l\u0259b\u0259 bizim xalq\u0131m\u0131za yara\u015f\u0131r, igid o\u011fullar\u0131m\u0131za yara\u015f\u0131r, d\u00f6vl\u0259timiz\u0259 yara\u015f\u0131r v\u0259 bu Q\u0259l\u0259b\u0259 g\u00fcc\u00fcm\u00fcz\u00fc g\u00f6st\u0259rir\u201d. M\u0259hz o g\u00fcc V\u0259t\u0259n m\u00fcharib\u0259sind\u0259n ke\u00e7\u0259n 3 ilin tamam\u0131nda \u0259razi b\u00fct\u00f6vl\u00fcy\u00fc \u00fcz\u0259rind\u0259 d\u00f6vl\u0259tin suverenliyini t\u0259min etdi. Bu g\u00fcn Qaraba\u011fda ba\u015f ver\u0259nl\u0259r, q\u0259hr\u0259man ordumuzun c\u0259mi bir sutkaya u\u011furla ba\u015fa \u00e7atd\u0131rd\u0131\u011f\u0131 lokal antiterror \u0259m\u0259liyyat\u0131 s\u00fcbut etdi&hellip;<\/p>\n","protected":false},"author":2,"featured_media":651985,"comment_status":"closed","ping_status":"closed","sticky":false,"template":"","format":"standard","meta":{"om_disable_all_campaigns":false,"_monsterinsights_skip_tracking":false,"_monsterinsights_sitenote_active":false,"_monsterinsights_sitenote_note":"","_monsterinsights_sitenote_category":0},"categories":[19],"tags":[],"aioseo_notices":[],"gutentor_comment":0,"rttpg_featured_image_url":{"full":["https:\/\/arantv.az\/wp-content\/uploads\/2023\/11\/6e3adb1a166479298224109955410913324.jpg",975,540,false],"landscape":["https:\/\/arantv.az\/wp-content\/uploads\/2023\/11\/6e3adb1a166479298224109955410913324.jpg",975,540,false],"portraits":["https:\/\/arantv.az\/wp-content\/uploads\/2023\/11\/6e3adb1a166479298224109955410913324.jpg",975,540,false],"thumbnail":["https:\/\/arantv.az\/wp-content\/uploads\/2023\/11\/6e3adb1a166479298224109955410913324-500x280.jpg",500,280,true],"medium":["https:\/\/arantv.az\/wp-content\/uploads\/2023\/11\/6e3adb1a166479298224109955410913324-660x365.jpg",660,365,true],"large":["https:\/\/arantv.az\/wp-content\/uploads\/2023\/11\/6e3adb1a166479298224109955410913324-840x465.jpg",640,354,true],"1536x1536":["https:\/\/arantv.az\/wp-content\/uploads\/2023\/11\/6e3adb1a166479298224109955410913324.jpg",975,540,false],"2048x2048":["https:\/\/arantv.az\/wp-content\/uploads\/2023\/11\/6e3adb1a166479298224109955410913324.jpg",975,540,false],"post-thumbnail":["https:\/\/arantv.az\/wp-content\/uploads\/2023\/11\/6e3adb1a166479298224109955410913324-240x172.jpg",240,172,true],"advps-thumb-one":["https:\/\/arantv.az\/wp-content\/uploads\/2023\/11\/6e3adb1a166479298224109955410913324.jpg",975,540,false]},"rttpg_author":{"display_name":"V\u00fcsal Rafiqo\u011flu","author_link":"https:\/\/arantv.az\/?author=2"},"rttpg_comment":0,"rttpg_category":"<a href=\"https:\/\/arantv.az\/?cat=19\" rel=\"category\">G\u00fcnd\u0259m<\/a>","rttpg_excerpt":"2020-ci il sentyabr\u0131n 27-d\u0259 ba\u015flayan v\u0259 44 g\u00fcn davam ed\u0259n V\u0259t\u0259n m\u00fchari\u00adb\u0259sind\u0259 Prezident, m\u00fcz\u0259ff\u0259r Ali Ba\u015f Komandan \u0130lham \u018fliyevin yaratd\u0131\u011f\u0131 ordu ill\u0259rl\u0259 i\u015f\u011fal alt\u0131nda qalan torpaqlar\u0131m\u0131z\u0131 d\u00fc\u015fm\u0259nd\u0259n qar\u0131\u015f-qar\u0131\u015f t\u0259mizl\u0259di, V\u0259t\u0259n b\u00fct\u00f6vl\u0259\u015fdi. M\u0259hz o g\u00fcnl\u0259rd\u0259 d\u00f6vl\u0259t ba\u015f\u00e7\u0131s\u0131 xalq\u0131n \u00fcr\u0259yind\u0259n ke\u00e7\u0259n s\u00f6zl\u0259ri deyirdi: \u201cBu Q\u0259l\u0259b\u0259 bizim xalq\u0131m\u0131za yara\u015f\u0131r, igid o\u011fullar\u0131m\u0131za yara\u015f\u0131r, d\u00f6vl\u0259timiz\u0259 yara\u015f\u0131r v\u0259 bu Q\u0259l\u0259b\u0259 g\u00fcc\u00fcm\u00fcz\u00fc&hellip;","_links":{"self":[{"href":"https:\/\/arantv.az\/index.php?rest_route=\/wp\/v2\/posts\/651984"}],"collection":[{"href":"https:\/\/arantv.az\/index.php?rest_route=\/wp\/v2\/posts"}],"about":[{"href":"https:\/\/arantv.az\/index.php?rest_route=\/wp\/v2\/types\/post"}],"author":[{"embeddable":true,"href":"https:\/\/arantv.az\/index.php?rest_route=\/wp\/v2\/users\/2"}],"replies":[{"embeddable":true,"href":"https:\/\/arantv.az\/index.php?rest_route=%2Fwp%2Fv2%2Fcomments&post=651984"}],"version-history":[{"count":0,"href":"https:\/\/arantv.az\/index.php?rest_route=\/wp\/v2\/posts\/651984\/revisions"}],"wp:featuredmedia":[{"embeddable":true,"href":"https:\/\/arantv.az\/index.php?rest_route=\/wp\/v2\/media\/651985"}],"wp:attachment":[{"href":"https:\/\/arantv.az\/index.php?rest_route=%2Fwp%2Fv2%2Fmedia&parent=651984"}],"wp:term":[{"taxonomy":"category","embeddable":true,"href":"https:\/\/arantv.az\/index.php?rest_route=%2Fwp%2Fv2%2Fcategories&post=651984"},{"taxonomy":"post_tag","embeddable":true,"href":"https:\/\/arantv.az\/index.php?rest_route=%2Fwp%2Fv2%2Ftags&post=651984"}],"curies":[{"name":"wp","href":"https:\/\/api.w.org\/{rel}","templated":true}]}}