{"id":651992,"date":"2023-11-01T18:24:14","date_gmt":"2023-11-01T14:24:14","guid":{"rendered":"https:\/\/arantv.az\/?p=651992"},"modified":"2023-11-01T18:24:14","modified_gmt":"2023-11-01T14:24:14","slug":"makronun-avanturasina-aldanan-pasinyan-fransa-silahlari-ir%c9%99vani-xilas-ed%c9%99-bilm%c9%99z-s%c9%99rh-foto","status":"publish","type":"post","link":"https:\/\/arantv.az\/?p=651992","title":{"rendered":"Makronun avant\u00fcras\u0131na aldanan Pa\u015finyan: Fransa silahlar\u0131 \u0130r\u0259van\u0131 xilas ed\u0259 bilm\u0259z &#8211; \u015e\u018fRH + FOTO"},"content":{"rendered":"<p>Xarici v\u0259 daxili siyas\u0259td\u0259 u\u011fursuzlu\u011fa d\u00fc\u00e7ar olan Fransan\u0131n \u0259sl simas\u0131 Erm\u0259nistan-Az\u0259rbaycan m\u00fcnaqi\u015f\u0259sinin h\u0259llind\u0259n sonra tam \u015f\u0259kild\u0259 \u00fcz\u0259 \u00e7\u0131xd\u0131. \u00d6z\u00fcn\u00fc demokrat, insan haqlar\u0131n\u0131n m\u00fcdafi\u0259\u00e7isi kimi g\u00f6st\u0259rm\u0259y\u0259 \u00e7al\u0131\u015fan Fransa Prezident Emmanuel Makronun timsal\u0131nda art\u0131q \u0259sl mahiyy\u0259tini ortaya qoyub. AT\u018fT-in ke\u00e7mi\u015f Minsk qrupu \u00e7\u0259r\u00e7iv\u0259sind\u0259 30 il m\u00fcnaqi\u015f\u0259nin h\u0259llind\u0259 guya vasit\u0259\u00e7ilik ed\u0259n Yelisey saray\u0131 44 g\u00fcnl\u00fck m\u00fcharib\u0259 zaman\u0131 v\u0259 ondan sonrak\u0131 ill\u0259r \u0259rzind\u0259 birt\u0259r\u0259fli qaydada i\u015f\u011fal\u00e7\u0131 d\u00f6vl\u0259tin yan\u0131nda durdu.<\/p>\n<p>Fransa bu g\u00fcn d\u0259 b\u00f6lg\u0259d\u0259 g\u0259rginliyi art\u0131r\u0131r, m\u00fcharib\u0259d\u0259 kapitulyasiya akt\u0131na imza atan Erm\u0259nistana m\u00fcasir silahlar verm\u0259kl\u0259 onu yenid\u0259n m\u00fcharib\u0259y\u0259 s\u00f6vq etm\u0259y\u0259 \u00e7al\u0131\u015f\u0131r. Bundan ba\u015fqa, r\u0259smi Paris d\u0259f\u0259l\u0259rl\u0259 beyn\u0259lxalq t\u0259\u015fkilatlarda Az\u0259rbaycana qar\u015f\u0131 u\u011fursuz sanksiyalar\u0131n q\u0259bul edilm\u0259sin\u0259 c\u0259hdl\u0259r g\u00f6st\u0259rib. \u018fslind\u0259, Fransa Erm\u0259nistana qar\u015f\u0131 da s\u0259mimi deyil. Fransa hakimiyy\u0259tinin n\u0259 erm\u0259nil\u0259r\u0259 x\u00fcsusi r\u0259\u011fb\u0259ti var, n\u0259 d\u0259 onlar\u0131n rifah\u0131 \u00fc\u00e7\u00fcn \u00e7al\u0131\u015f\u0131r. \u018fksi olsayd\u0131, Fransa bu g\u00fcn C\u0259nubi Qafqazda s\u00fclh yaranmas\u0131nda maraql\u0131 olard\u0131. Paris \u00fc\u00e7 ildir ki, m\u0259hz Makronun say\u0259sind\u0259 birt\u0259r\u0259fli qaydada Erm\u0259nistan\u0131n yan\u0131nda dayan\u0131b. Erm\u0259nistan u\u011frunda Rusiya il\u0259 m\u00fcbariz\u0259y\u0259 qo\u015fulan Makron r\u0259smi \u0130r\u0259vandan \u00f6z \u00e7irkin m\u0259qs\u0259dl\u0259ri \u00fc\u00e7\u00fcn istifad\u0259 edir, onu silahland\u0131r\u0131b \u0259razisind\u0259 h\u0259rbi kontingent yerl\u0259\u015fdirm\u0259y\u0259 \u00e7al\u0131\u015f\u0131r. Erm\u0259nistan da anlam\u0131r ki, Yelisey saray\u0131nda haz\u0131rlanan \u201cerm\u0259ni plan\u0131\u201d \u00f6zl\u00fcy\u00fcnd\u0259 riyakar, \u00e7irkin h\u0259d\u0259fl\u0259ri n\u0259z\u0259rd\u0259 tutur. Bu plan onun m\u0259hvin\u0259 hesablan\u0131b. \u0130r\u0259van-Paris h\u0259rbi sazi\u015fi is\u0259 onun \u00e7\u00f6k\u00fc\u015f\u00fcn\u00fc s\u00fcr\u0259tl\u0259ndir\u0259c\u0259k.<\/p>\n<p><img src=\"https:\/\/cdn.oxu.az\/uploads\/W1siZiIsIjIwMjMvMTEvMDEvMTYvMzYvMDMvNTM5NjYyZjAtM2ZlZi00YWQ4LThmM2EtMGI5ZTA3YWRmYmQ2L2YwYjdhMDUxLTAwYjAtMzYzZS1hZDBkLTg3M2Y3OGE3ZWUwNi5qcGciXSxbInAiLCJlbmNvZGUiLCJqcGciLCItcXVhbGl0eSA4MCJdLFsicCIsInRodW1iIiwiNTkweDU5MFx1MDAzZSJdXQ?sha=8e1743ad152657a9\" alt=\"\" \/><\/p>\n<p>B\u0259s Erm\u0259nistan \u00fc\u00e7\u00fcn Fransa silah\u0131 n\u0259 dem\u0259kdir, onun \u00f6z\u00fcn\u00fcn iddia etdiyi kimi, t\u0259hl\u00fck\u0259sizliyini t\u0259min ed\u0259c\u0259kmi? Erm\u0259ni c\u0259miyy\u0259tind\u0259 art\u0131q bu m\u0259s\u0259l\u0259d\u0259 pessimizm h\u00f6km s\u00fcr\u00fcr. Yerli mediada d\u0259rc olunan materiallarda da frans\u0131z silah\u0131n\u0131n \u00f6lk\u0259nin m\u00fcdafi\u0259 qabiliyy\u0259tinin m\u00f6hk\u0259ml\u0259ndirilm\u0259sind\u0259 \u0259h\u0259miyy\u0259tsizliyi \u0259sas x\u0259tt kimi ke\u00e7ir. M\u0259s\u0259l\u0259n, \u201cYerkramas\u201d n\u0259\u015frinin frans\u0131z-erm\u0259ni h\u0259rbi \u0259m\u0259kda\u015fl\u0131\u011f\u0131na h\u0259sr olunan ara\u015fd\u0131rmas\u0131nda \u0259sas tezis bundan ibar\u0259tdir. Qeyd olunur ki, \u0130r\u0259van\u0131n Moskva il\u0259 h\u0259rbi ittifaq sazi\u015fi imzalayaca\u011f\u0131 m\u0259s\u0259l\u0259si pu\u00e7 olub. Lakin Rusiya Erm\u0259nistanla Az\u0259rbaycan aras\u0131nda ya\u015fanan m\u00fcnaqi\u015f\u0259y\u0259 m\u00fcdaxil\u0259 etm\u0259m\u0259kl\u0259 \u0130r\u0259van\u0131n \u00fcmidl\u0259rini m\u0259hv etdi. Daha he\u00e7 kim h\u0259rbi sazi\u015fd\u0259n dan\u0131\u015fm\u0131r. Erm\u0259nistan\u0131n ba\u015f naziri Nikol Pa\u015finyan\u0131n Q\u0259rb\u0259 \u00fcz tutmas\u0131 il\u0259 d\u0259 m\u0259s\u0259l\u0259 k\u00f6k\u00fcnd\u0259n d\u0259yi\u015fib. \u0130r\u0259van art\u0131q Moskvan\u0131 Paris v\u0259 Nyu-Delhi il\u0259 \u0259v\u0259zl\u0259yib. H\u0259r iki \u00f6lk\u0259 &#8211; Fransa v\u0259 Hindistan Erm\u0259nistana h\u0259rbi atta\u015fe t\u0259yin edib, silah t\u0259dar\u00fck\u00fcn\u00fc t\u0259sdiq edibl\u0259r.<\/p>\n<p>N\u0259\u015fr yaz\u0131r ki, Fransa radarlar\u0131 v\u0259 hava h\u00fccumundan m\u00fcdafi\u0259 vasit\u0259l\u0259rinin effektiv olaca\u011f\u0131 bir s\u0131ra faktorlardan as\u0131l\u0131 olacaq. \u018fn \u0259sas\u0131, bunun \u00fc\u00e7\u00fcn yeni m\u00fcharib\u0259nin ba\u015f verm\u0259si laz\u0131md\u0131r. Erm\u0259nistan is\u0259 yeni m\u00fcharib\u0259y\u0259 ba\u015flama\u011fa c\u00fcr\u0259t ed\u0259c\u0259k halda deyil.<\/p>\n<p><img src=\"https:\/\/cdn.oxu.az\/uploads\/W1siZiIsIjIwMjMvMTEvMDEvMTYvMzYvMDMvZWZmYjk3ODctMzY1NC00ZTE3LWI2MTUtYTg3MjEwNTViMzg0LzFiNTgwZDI0LWI5ZGItM2I2Yy04Y2Y3LTY1MTlhZmIyNmI3Ni5qcGciXSxbInAiLCJlbmNvZGUiLCJqcGciLCItcXVhbGl0eSA4MCJdLFsicCIsInRodW1iIiwiNTkweDU5MFx1MDAzZSJdXQ?sha=d07df03983544c3a\" alt=\"\" \/><\/p>\n<p>Rusiyal\u0131 politoloq Dmitri Trenin d\u0259 bu q\u0259na\u0259td\u0259dir. O, Erm\u0259nistan m\u0259tbuat\u0131na m\u00fcsahib\u0259sind\u0259 bildirib ki, bu sisteml\u0259rin i\u015fl\u0259k olmayaca\u011f\u0131n\u0131 t\u0259sdiq ed\u0259n \u0259sas faktorlardan biri C\u0259nubi Qafqaz\u0131n relyefidir. M\u0259s\u0259l\u0259n, Ukrayna d\u00fcz\u0259nlik, Qafqaz is\u0259 da\u011flardan ibar\u0259tdir. Dig\u0259r rusiyal\u0131 ekspert Dmitri Stefanovi\u00e7 is\u0259 Fransa h\u0259rbi texnikas\u0131n\u0131n Rusiya silah\u0131ndan daha keyfiyy\u0259tli olmas\u0131 fikri il\u0259 raz\u0131la\u015fm\u0131r: \u201cBu, Q\u0259rb t\u0259bli\u011fat ma\u015f\u0131n\u0131n\u0131n ortaya atd\u0131\u011f\u0131 fikirdir\u201d.<\/p>\n<p>Erm\u0259ni n\u0259\u015fri bu q\u0259na\u0259t\u0259 g\u0259lir ki, Fransan\u0131n radar sisteml\u0259rinin \u00f6lk\u0259 \u00fc\u00e7\u00fcn he\u00e7 bir effekti olmayacaq.<\/p>\n<p>\u201cM\u0259n ba\u015fa d\u00fc\u015fm\u00fcr\u0259m ki, Erm\u0259nistanda a\u015fa\u011f\u0131 h\u00fcnd\u00fcrl\u00fckd\u0259 h\u0259d\u0259fl\u0259ri vura bil\u0259n \u00fc\u00e7 frans\u0131z radar\u0131n\u0131n v\u0259 insan da\u015f\u0131na bil\u0259n zenit-raket kompleksl\u0259rinin al\u0131nmas\u0131 il\u0259 ba\u011fl\u0131 niy\u0259 bel\u0259 hay-k\u00fcy qald\u0131r\u0131l\u0131b? Onlar\u0131 rus istehsall\u0131 \u201c\u0130qla\u201d v\u0259 \u201cVerba\u201d il\u0259 m\u00fcqayis\u0259 etm\u0259k olar. Radarlara g\u0259linc\u0259, onlar\u0131n etibarl\u0131 \u00f6rt\u00fcy\u00fc yoxdur. Elektron d\u00f6y\u00fc\u015f, hava h\u00fccumundan m\u00fcdafi\u0259 raketl\u0259ri v\u0259 s. t\u0259yyar\u0259l\u0259r \u00fc\u00e7\u00fcn asan h\u0259d\u0259f\u0259 \u00e7evril\u0259c\u0259k. Bunlar yaln\u0131z h\u0259d\u0259fl\u0259ri m\u00fc\u0259yy\u0259n etm\u0259y\u0259 qadir olan radarlard\u0131r, onlar\u0131 s\u0131radan \u00e7\u0131xarmaq iqtidar\u0131nda deyil\u201d, &#8211; dey\u0259 anonimlik \u015f\u0259rti il\u0259 vaxtil\u0259 Erm\u0259nistan\u0131n h\u0259rbi s\u0259naye kompleksi m\u0259s\u0259l\u0259l\u0259ri il\u0259 m\u0259\u015f\u011ful olmu\u015f ke\u00e7mi\u015f m\u0259murlardan biri VERELQ n\u0259\u015frin\u0259 bildirib.<\/p>\n<p><img src=\"https:\/\/cdn.oxu.az\/uploads\/W1siZiIsIjIwMjMvMTEvMDEvMTYvMzYvMDMvMzFiNDdmOWItNTg5NC00YjAzLWFkZDAtZmZmYzE3ZTMwOWVkLzZmOWEzOGZiLTQzZTQtM2VlZC04ODNjLWIxMDkwYzQ0YTljZC5qcGciXSxbInAiLCJlbmNvZGUiLCJqcGciLCItcXVhbGl0eSA4MCJdLFsicCIsInRodW1iIiwiNTkweDU5MFx1MDAzZSJdXQ?sha=fb1ec3f8aef24d57\" alt=\"\" \/><\/p>\n<p>Xat\u0131rladaq ki, Fransa v\u0259 Erm\u0259nistan aras\u0131nda imzalanan h\u0259rbi sazi\u015f\u0259 g\u00f6r\u0259, Paris \u0130r\u0259vana \u201cThales\u201d \u015firk\u0259tinin istehsal\u0131 olan \u00fc\u00e7 \u201cGround Master 200\u201d (GM200) radar sistemi v\u0259 \u201cMistral\u201d yax\u0131nm\u0259nzilli hava h\u00fccumundan m\u00fcdafi\u0259 sisteml\u0259ri ver\u0259c\u0259k. \u201cBu silahlar m\u00fcdafi\u0259 xarakterlidir\u201d dem\u0259kl\u0259 r\u0259smi Paris Erm\u0259nistan\u0131 ba\u015fqa \u00f6lk\u0259y\u0259 qar\u015f\u0131 silahland\u0131rmad\u0131\u011f\u0131n\u0131 g\u00f6st\u0259rm\u0259y\u0259 \u00e7al\u0131\u015f\u0131r.<\/p>\n<p>Bel\u0259likl\u0259, C\u0259nubi Qafqazda Fransan\u0131n t\u0259siri v\u0259 Erm\u0259nistan\u0131n \u0259li il\u0259 h\u0259rbi g\u0259rginlik riski artmaqdad\u0131r. T\u0259\u0259ss\u00fcf do\u011furan hal ondan ibar\u0259tdir ki, Q\u0259rb qurumlar\u0131 da buna g\u00f6z yumurlar. Q\u0259rbin s\u00f6z sahibi olan n\u00fcfuzlu qurumlar\u0131, d\u00f6vl\u0259tl\u0259ri anlamaq ist\u0259mirl\u0259r ki, bu siyas\u0259t Erm\u0259nistan\u0131n aqressiv iddialar\u0131n\u0131n g\u00fccl\u0259nm\u0259sin\u0259 g\u0259tirib \u00e7\u0131xaracaq v\u0259 bu da b\u00fct\u00fcn regionun sabitliyini t\u0259hl\u00fck\u0259 alt\u0131na salacaq.<\/p>\n<p><strong>\u201cReport\u201d \u0130nformasiya Agentliyi<\/strong><\/p>\n","protected":false},"excerpt":{"rendered":"<p>Xarici v\u0259 daxili siyas\u0259td\u0259 u\u011fursuzlu\u011fa d\u00fc\u00e7ar olan Fransan\u0131n \u0259sl simas\u0131 Erm\u0259nistan-Az\u0259rbaycan m\u00fcnaqi\u015f\u0259sinin h\u0259llind\u0259n sonra tam \u015f\u0259kild\u0259 \u00fcz\u0259 \u00e7\u0131xd\u0131. \u00d6z\u00fcn\u00fc demokrat, insan haqlar\u0131n\u0131n m\u00fcdafi\u0259\u00e7isi kimi g\u00f6st\u0259rm\u0259y\u0259 \u00e7al\u0131\u015fan Fransa Prezident Emmanuel Makronun timsal\u0131nda art\u0131q \u0259sl mahiyy\u0259tini ortaya qoyub. AT\u018fT-in ke\u00e7mi\u015f Minsk qrupu \u00e7\u0259r\u00e7iv\u0259sind\u0259 30 il m\u00fcnaqi\u015f\u0259nin h\u0259llind\u0259 guya vasit\u0259\u00e7ilik ed\u0259n Yelisey saray\u0131 44 g\u00fcnl\u00fck m\u00fcharib\u0259 zaman\u0131 v\u0259 ondan sonrak\u0131 ill\u0259r \u0259rzind\u0259 birt\u0259r\u0259fli qaydada i\u015f\u011fal\u00e7\u0131 d\u00f6vl\u0259tin yan\u0131nda durdu. Fransa bu g\u00fcn d\u0259 b\u00f6lg\u0259d\u0259 g\u0259rginliyi art\u0131r\u0131r, m\u00fcharib\u0259d\u0259 kapitulyasiya akt\u0131na imza atan Erm\u0259nistana m\u00fcasir silahlar verm\u0259kl\u0259 onu yenid\u0259n m\u00fcharib\u0259y\u0259 s\u00f6vq etm\u0259y\u0259 \u00e7al\u0131\u015f\u0131r. Bundan ba\u015fqa, r\u0259smi&hellip;<\/p>\n","protected":false},"author":2,"featured_media":651993,"comment_status":"closed","ping_status":"closed","sticky":false,"template":"","format":"standard","meta":{"om_disable_all_campaigns":false,"_monsterinsights_skip_tracking":false,"_monsterinsights_sitenote_active":false,"_monsterinsights_sitenote_note":"","_monsterinsights_sitenote_category":0},"categories":[4],"tags":[],"aioseo_notices":[],"gutentor_comment":0,"rttpg_featured_image_url":{"full":["https:\/\/arantv.az\/wp-content\/uploads\/2023\/11\/5a9b7f00-11f9-3f37-bff1-fdb459eef9fd_850.jpg",620,413,false],"landscape":["https:\/\/arantv.az\/wp-content\/uploads\/2023\/11\/5a9b7f00-11f9-3f37-bff1-fdb459eef9fd_850.jpg",620,413,false],"portraits":["https:\/\/arantv.az\/wp-content\/uploads\/2023\/11\/5a9b7f00-11f9-3f37-bff1-fdb459eef9fd_850.jpg",620,413,false],"thumbnail":["https:\/\/arantv.az\/wp-content\/uploads\/2023\/11\/5a9b7f00-11f9-3f37-bff1-fdb459eef9fd_850-500x280.jpg",500,280,true],"medium":["https:\/\/arantv.az\/wp-content\/uploads\/2023\/11\/5a9b7f00-11f9-3f37-bff1-fdb459eef9fd_850-548x365.jpg",548,365,true],"large":["https:\/\/arantv.az\/wp-content\/uploads\/2023\/11\/5a9b7f00-11f9-3f37-bff1-fdb459eef9fd_850.jpg",620,413,false],"1536x1536":["https:\/\/arantv.az\/wp-content\/uploads\/2023\/11\/5a9b7f00-11f9-3f37-bff1-fdb459eef9fd_850.jpg",620,413,false],"2048x2048":["https:\/\/arantv.az\/wp-content\/uploads\/2023\/11\/5a9b7f00-11f9-3f37-bff1-fdb459eef9fd_850.jpg",620,413,false],"post-thumbnail":["https:\/\/arantv.az\/wp-content\/uploads\/2023\/11\/5a9b7f00-11f9-3f37-bff1-fdb459eef9fd_850-240x172.jpg",240,172,true],"advps-thumb-one":["https:\/\/arantv.az\/wp-content\/uploads\/2023\/11\/5a9b7f00-11f9-3f37-bff1-fdb459eef9fd_850.jpg",620,413,false]},"rttpg_author":{"display_name":"V\u00fcsal Rafiqo\u011flu","author_link":"https:\/\/arantv.az\/?author=2"},"rttpg_comment":0,"rttpg_category":"<a href=\"https:\/\/arantv.az\/?cat=4\" rel=\"category\">Siyas\u0259t<\/a>","rttpg_excerpt":"Xarici v\u0259 daxili siyas\u0259td\u0259 u\u011fursuzlu\u011fa d\u00fc\u00e7ar olan Fransan\u0131n \u0259sl simas\u0131 Erm\u0259nistan-Az\u0259rbaycan m\u00fcnaqi\u015f\u0259sinin h\u0259llind\u0259n sonra tam \u015f\u0259kild\u0259 \u00fcz\u0259 \u00e7\u0131xd\u0131. \u00d6z\u00fcn\u00fc demokrat, insan haqlar\u0131n\u0131n m\u00fcdafi\u0259\u00e7isi kimi g\u00f6st\u0259rm\u0259y\u0259 \u00e7al\u0131\u015fan Fransa Prezident Emmanuel Makronun timsal\u0131nda art\u0131q \u0259sl mahiyy\u0259tini ortaya qoyub. AT\u018fT-in ke\u00e7mi\u015f Minsk qrupu \u00e7\u0259r\u00e7iv\u0259sind\u0259 30 il m\u00fcnaqi\u015f\u0259nin h\u0259llind\u0259 guya vasit\u0259\u00e7ilik ed\u0259n Yelisey saray\u0131 44 g\u00fcnl\u00fck m\u00fcharib\u0259 zaman\u0131 v\u0259&hellip;","_links":{"self":[{"href":"https:\/\/arantv.az\/index.php?rest_route=\/wp\/v2\/posts\/651992"}],"collection":[{"href":"https:\/\/arantv.az\/index.php?rest_route=\/wp\/v2\/posts"}],"about":[{"href":"https:\/\/arantv.az\/index.php?rest_route=\/wp\/v2\/types\/post"}],"author":[{"embeddable":true,"href":"https:\/\/arantv.az\/index.php?rest_route=\/wp\/v2\/users\/2"}],"replies":[{"embeddable":true,"href":"https:\/\/arantv.az\/index.php?rest_route=%2Fwp%2Fv2%2Fcomments&post=651992"}],"version-history":[{"count":0,"href":"https:\/\/arantv.az\/index.php?rest_route=\/wp\/v2\/posts\/651992\/revisions"}],"wp:featuredmedia":[{"embeddable":true,"href":"https:\/\/arantv.az\/index.php?rest_route=\/wp\/v2\/media\/651993"}],"wp:attachment":[{"href":"https:\/\/arantv.az\/index.php?rest_route=%2Fwp%2Fv2%2Fmedia&parent=651992"}],"wp:term":[{"taxonomy":"category","embeddable":true,"href":"https:\/\/arantv.az\/index.php?rest_route=%2Fwp%2Fv2%2Fcategories&post=651992"},{"taxonomy":"post_tag","embeddable":true,"href":"https:\/\/arantv.az\/index.php?rest_route=%2Fwp%2Fv2%2Ftags&post=651992"}],"curies":[{"name":"wp","href":"https:\/\/api.w.org\/{rel}","templated":true}]}}