{"id":652001,"date":"2023-11-01T18:27:10","date_gmt":"2023-11-01T14:27:10","guid":{"rendered":"https:\/\/arantv.az\/?p=652001"},"modified":"2023-11-01T18:27:10","modified_gmt":"2023-11-01T14:27:10","slug":"%c9%99dliyy%c9%99-naziri-m%c9%99hk%c9%99m%c9%99-huquq-surasinin-uzvluyund%c9%99n-xaric-edilib","status":"publish","type":"post","link":"https:\/\/arantv.az\/?p=652001","title":{"rendered":"\u018fdliyy\u0259 naziri M\u0259hk\u0259m\u0259-H\u00fcquq \u015euras\u0131n\u0131n \u00fczvl\u00fcy\u00fcnd\u0259n xaric edilib"},"content":{"rendered":"<p>Az\u0259rbaycan\u0131n \u0259dliyy\u0259 naziri M\u0259hk\u0259m\u0259-H\u00fcquq \u015euras\u0131n\u0131n \u00fczvl\u00fcy\u00fcnd\u0259n xaric edilib.<\/p>\n<p><a href=\"https:\/\/president.az\/az\/articles\/view\/62064\" target=\"_blank\" rel=\"noopener\"><strong>President.az<\/strong><\/a>-\u0131n x\u0259b\u0259rin\u0259 g\u00f6r\u0259, bununla ba\u011fl\u0131 Prezident\u00a0<strong>\u0130lham \u018fliyev<\/strong>\u00a0m\u00fcvafiq F\u0259rman imzalay\u0131b.<\/p>\n<p>Qeyd olunur ki, \u201cM\u0259hk\u0259m\u0259-H\u00fcquq \u015euras\u0131 haqq\u0131nda\u201d Az\u0259rbaycan Respublikas\u0131n\u0131n Qanununda d\u0259yi\u015fiklik edilm\u0259si bar\u0259d\u0259\u201d Az\u0259rbaycan Respublikas\u0131n\u0131n 2023-c\u00fc il 9 iyun tarixli 905-VIQD n\u00f6mr\u0259li Qanununun icras\u0131 il\u0259 \u0259laq\u0259dar Az\u0259rbaycan Respublikas\u0131 Prezidentinin 2006-c\u0131 il 18 aprel tarixli 391 n\u00f6mr\u0259li F\u0259rman\u0131 il\u0259 t\u0259sdiq edilmi\u015f \u201cAz\u0259rbaycan Respublikas\u0131n\u0131n \u018fdliyy\u0259 Nazirliyi haqq\u0131nda \u018fsasnam\u0259\u201dnin 16.20-ci b\u0259ndi l\u0259\u011fv edilir.<\/p>\n<p>H\u0259min b\u0259ndd\u0259 qeyd olunurdu ki, \u0259dliyy\u0259 naziri M\u0259hk\u0259m\u0259-H\u00fcquq \u015euras\u0131n\u0131n \u00fczv\u00fc olmaqla onun i\u015find\u0259 i\u015ftirak edir.<\/p>\n","protected":false},"excerpt":{"rendered":"<p>Az\u0259rbaycan\u0131n \u0259dliyy\u0259 naziri M\u0259hk\u0259m\u0259-H\u00fcquq \u015euras\u0131n\u0131n \u00fczvl\u00fcy\u00fcnd\u0259n xaric edilib. President.az-\u0131n x\u0259b\u0259rin\u0259 g\u00f6r\u0259, bununla ba\u011fl\u0131 Prezident\u00a0\u0130lham \u018fliyev\u00a0m\u00fcvafiq F\u0259rman imzalay\u0131b. Qeyd olunur ki, \u201cM\u0259hk\u0259m\u0259-H\u00fcquq \u015euras\u0131 haqq\u0131nda\u201d Az\u0259rbaycan Respublikas\u0131n\u0131n Qanununda d\u0259yi\u015fiklik edilm\u0259si bar\u0259d\u0259\u201d Az\u0259rbaycan Respublikas\u0131n\u0131n 2023-c\u00fc il 9 iyun tarixli 905-VIQD n\u00f6mr\u0259li Qanununun icras\u0131 il\u0259 \u0259laq\u0259dar Az\u0259rbaycan Respublikas\u0131 Prezidentinin 2006-c\u0131 il 18 aprel tarixli 391 n\u00f6mr\u0259li F\u0259rman\u0131 il\u0259 t\u0259sdiq edilmi\u015f \u201cAz\u0259rbaycan Respublikas\u0131n\u0131n \u018fdliyy\u0259 Nazirliyi haqq\u0131nda \u018fsasnam\u0259\u201dnin 16.20-ci b\u0259ndi l\u0259\u011fv edilir. H\u0259min b\u0259ndd\u0259 qeyd olunurdu ki, \u0259dliyy\u0259 naziri M\u0259hk\u0259m\u0259-H\u00fcquq \u015euras\u0131n\u0131n \u00fczv\u00fc olmaqla onun i\u015find\u0259 i\u015ftirak edir.<\/p>\n","protected":false},"author":2,"featured_media":278635,"comment_status":"closed","ping_status":"closed","sticky":false,"template":"","format":"standard","meta":{"om_disable_all_campaigns":false,"_monsterinsights_skip_tracking":false,"_monsterinsights_sitenote_active":false,"_monsterinsights_sitenote_note":"","_monsterinsights_sitenote_category":0},"categories":[4],"tags":[],"aioseo_notices":[],"gutentor_comment":0,"rttpg_featured_image_url":{"full":["https:\/\/arantv.az\/wp-content\/uploads\/2021\/01\/edliyye-en-esas-.jpg",620,397,false],"landscape":["https:\/\/arantv.az\/wp-content\/uploads\/2021\/01\/edliyye-en-esas-.jpg",620,397,false],"portraits":["https:\/\/arantv.az\/wp-content\/uploads\/2021\/01\/edliyye-en-esas-.jpg",620,397,false],"thumbnail":["https:\/\/arantv.az\/wp-content\/uploads\/2021\/01\/edliyye-en-esas--150x150.jpg",150,150,true],"medium":["https:\/\/arantv.az\/wp-content\/uploads\/2021\/01\/edliyye-en-esas--300x192.jpg",300,192,true],"large":["https:\/\/arantv.az\/wp-content\/uploads\/2021\/01\/edliyye-en-esas-.jpg",620,397,false],"1536x1536":["https:\/\/arantv.az\/wp-content\/uploads\/2021\/01\/edliyye-en-esas-.jpg",620,397,false],"2048x2048":["https:\/\/arantv.az\/wp-content\/uploads\/2021\/01\/edliyye-en-esas-.jpg",620,397,false],"post-thumbnail":["https:\/\/arantv.az\/wp-content\/uploads\/2021\/01\/edliyye-en-esas--240x172.jpg",240,172,true],"advps-thumb-one":["https:\/\/arantv.az\/wp-content\/uploads\/2021\/01\/edliyye-en-esas-.jpg",620,397,false]},"rttpg_author":{"display_name":"V\u00fcsal Rafiqo\u011flu","author_link":"https:\/\/arantv.az\/?author=2"},"rttpg_comment":0,"rttpg_category":"<a href=\"https:\/\/arantv.az\/?cat=4\" rel=\"category\">Siyas\u0259t<\/a>","rttpg_excerpt":"Az\u0259rbaycan\u0131n \u0259dliyy\u0259 naziri M\u0259hk\u0259m\u0259-H\u00fcquq \u015euras\u0131n\u0131n \u00fczvl\u00fcy\u00fcnd\u0259n xaric edilib. President.az-\u0131n x\u0259b\u0259rin\u0259 g\u00f6r\u0259, bununla ba\u011fl\u0131 Prezident\u00a0\u0130lham \u018fliyev\u00a0m\u00fcvafiq F\u0259rman imzalay\u0131b. Qeyd olunur ki, \u201cM\u0259hk\u0259m\u0259-H\u00fcquq \u015euras\u0131 haqq\u0131nda\u201d Az\u0259rbaycan Respublikas\u0131n\u0131n Qanununda d\u0259yi\u015fiklik edilm\u0259si bar\u0259d\u0259\u201d Az\u0259rbaycan Respublikas\u0131n\u0131n 2023-c\u00fc il 9 iyun tarixli 905-VIQD n\u00f6mr\u0259li Qanununun icras\u0131 il\u0259 \u0259laq\u0259dar Az\u0259rbaycan Respublikas\u0131 Prezidentinin 2006-c\u0131 il 18 aprel tarixli 391 n\u00f6mr\u0259li F\u0259rman\u0131 il\u0259 t\u0259sdiq&hellip;","_links":{"self":[{"href":"https:\/\/arantv.az\/index.php?rest_route=\/wp\/v2\/posts\/652001"}],"collection":[{"href":"https:\/\/arantv.az\/index.php?rest_route=\/wp\/v2\/posts"}],"about":[{"href":"https:\/\/arantv.az\/index.php?rest_route=\/wp\/v2\/types\/post"}],"author":[{"embeddable":true,"href":"https:\/\/arantv.az\/index.php?rest_route=\/wp\/v2\/users\/2"}],"replies":[{"embeddable":true,"href":"https:\/\/arantv.az\/index.php?rest_route=%2Fwp%2Fv2%2Fcomments&post=652001"}],"version-history":[{"count":0,"href":"https:\/\/arantv.az\/index.php?rest_route=\/wp\/v2\/posts\/652001\/revisions"}],"wp:featuredmedia":[{"embeddable":true,"href":"https:\/\/arantv.az\/index.php?rest_route=\/wp\/v2\/media\/278635"}],"wp:attachment":[{"href":"https:\/\/arantv.az\/index.php?rest_route=%2Fwp%2Fv2%2Fmedia&parent=652001"}],"wp:term":[{"taxonomy":"category","embeddable":true,"href":"https:\/\/arantv.az\/index.php?rest_route=%2Fwp%2Fv2%2Fcategories&post=652001"},{"taxonomy":"post_tag","embeddable":true,"href":"https:\/\/arantv.az\/index.php?rest_route=%2Fwp%2Fv2%2Ftags&post=652001"}],"curies":[{"name":"wp","href":"https:\/\/api.w.org\/{rel}","templated":true}]}}