{"id":652111,"date":"2023-11-02T08:51:52","date_gmt":"2023-11-02T04:51:52","guid":{"rendered":"https:\/\/arantv.az\/?p=652111"},"modified":"2023-11-02T08:51:52","modified_gmt":"2023-11-02T04:51:52","slug":"pensiya-yasi-yen%c9%99-artirila-bil%c9%99r-m%c9%99murlarin-arzusu-yoxsa","status":"publish","type":"post","link":"https:\/\/arantv.az\/?p=652111","title":{"rendered":"Pensiya ya\u015f\u0131 yen\u0259 art\u0131r\u0131la bil\u0259r &#8211; m\u0259murlar\u0131n arzusu, yoxsa&#8230;"},"content":{"rendered":"<p><strong>Az\u0259rbaycanda c\u0259miyy\u0259ti ciddi \u015f\u0259kild\u0259 narahat ed\u0259n m\u0259s\u0259l\u0259l\u0259rd\u0259n biri d\u0259 pensiya ya\u015f\u0131n\u0131n ilb\u0259il art\u0131r\u0131lmas\u0131d\u0131r. Haz\u0131rda ki\u015fil\u0259r \u00fc\u00e7\u00fcn pensiya ya\u015f\u0131 65, qad\u0131nlar \u00fc\u00e7\u00fcn is\u0259 63.5-dir. Bu siyas\u0259tin yum\u015fald\u0131lmas\u0131n\u0131n, pensiya ya\u015f\u0131n\u0131n azald\u0131lmas\u0131n\u0131n z\u0259ruriliyind\u0259n daha \u00e7ox dan\u0131\u015f\u0131ld\u0131\u011f\u0131 halda, deputat, Milli M\u0259clisin \u018fm\u0259k v\u0259 sosial siyas\u0259t komit\u0259sinin s\u0259dri Musa Quliyev s\u0259rt m\u00f6vqe il\u0259 \u00e7\u0131x\u0131\u015f edib.<\/strong><\/p>\n<p>O deyib: \u201cPensiya ya\u015f\u0131n\u0131n azald\u0131lmas\u0131 bu g\u00fcn g\u00fcnd\u0259md\u0259 deyil v\u0259 y\u0259qin ki, g\u0259l\u0259c\u0259kd\u0259 d\u0259 aktual olmayacaq. D\u00fcnyada h\u0259l\u0259 pensiya ya\u015f\u0131n\u0131n azald\u0131ld\u0131\u011f\u0131 \u00f6lk\u0259 yoxdur\u201d.<\/p>\n<p>Deputat h\u0259tta pensiya ya\u015f\u0131n\u0131n daha da art\u0131r\u0131lmas\u0131n\u0131 istina etm\u0259yib. Komit\u0259 s\u0259dri bildirib ki, pensiya ya\u015f\u0131n\u0131n art\u0131r\u0131lmas\u0131 b\u00fct\u00fcn d\u00fcnyada m\u00fc\u015fahid\u0259 olunur: \u201c\u00dcmumiyy\u0259tl\u0259, insan \u00f6mr\u00fc uzan\u0131r. Az\u0259rbaycanda 2021-ci ill\u0259rd\u0259 bir q\u0259d\u0259r azalma oldu. Bu da h\u0259m COV\u0130D, h\u0259m d\u0259 V\u0259t\u0259n m\u00fcharib\u0259sind\u0259 g\u0259nc insanlar\u0131n d\u00fcnyas\u0131n\u0131 d\u0259yi\u015fm\u0259si il\u0259 ba\u011fl\u0131 idi. Bu da orta \u00f6m\u00fcr uzunlu\u011funa \u00f6z t\u0259sirini g\u00f6st\u0259rdi. Az\u0259rbaycanda orta \u00f6m\u00fcr kifay\u0259t q\u0259d\u0259r dinamik \u015f\u0259kild\u0259 art\u0131r. 2040, b\u0259lk\u0259 d\u0259 2045-ci ild\u0259 bizim orta \u00f6m\u00fcr 80 ya\u015fa g\u0259lib \u00e7atacaq. Buna g\u00f6r\u0259 d\u0259 pensiya ya\u015f\u0131 m\u0259s\u0259l\u0259si bir g\u00fcnl\u00fck, bir illik, ya da be\u015f illik layih\u0259 deyil. \u018fn az\u0131 30 illik d\u00f6vr\u00fc \u0259hat\u0259 edir. Biz 30 il\u0259 uy\u011fun olaraq \u0259m\u0259k bazar\u0131n\u0131, s\u0131\u011forta sistemini, D\u00f6vl\u0259t Sosial M\u00fcdafi\u0259 Fondunun imkanlar\u0131n\u0131, insanlar\u0131n ya\u015f\u0131n\u0131 n\u0259z\u0259r\u0259 almal\u0131 v\u0259 buna uy\u011fun da bir qiym\u0259t g\u00f6t\u00fcrm\u0259liyik\u201d.<\/p>\n<p>Real h\u0259yatda g\u00f6rd\u00fckl\u0259rimiz, x\u00fcsus\u0259n ki\u015fil\u0259rin \u00fcr\u0259k x\u0259st\u0259likl\u0259rind\u0259n pensiya ya\u015f\u0131 \u0259r\u0259f\u0259sind\u0259, b\u0259z\u0259n pensiya ya\u015f\u0131na \u00e7atmam\u0131\u015f, 70-i haqlamam\u0131\u015f \u00f6lm\u0259si statistik olaraq artmaqdad\u0131r. Bel\u0259 olan halda n\u0259y\u0259 g\u00f6r\u0259 pensiya siyas\u0259ti daha da s\u0259rtl\u0259\u015fdirilir? Bunun \u00f6z\u00fc insanlara psixoloji basq\u0131 kimi d\u0259 qiym\u0259tl\u0259ndirilir. Eyni zamanda iddialar da var ki, pensiya ya\u015f\u0131n\u0131n art\u0131r\u0131lmas\u0131 y\u00fcks\u0259k v\u0259zif\u0259l\u0259r tutan \u015f\u0259xsl\u0259rin postunda daha \u00e7ox qalmas\u0131 arzusundan da qaynaqlan\u0131r. Y\u0259ni m\u0259murlara pensiya ya\u015f\u0131n\u0131n \u00e7ox olmas\u0131 s\u0259rf edir v\u0259 ona g\u00f6r\u0259 h\u00f6kum\u0259t t\u0259msil\u00e7il\u0259ri bu istiqam\u0259td\u0259 siyas\u0259tin s\u0259rtl\u0259\u015fm\u0259sin\u0259 t\u0259sir edirl\u0259r.<\/p>\n<p><img loading=\"lazy\" src=\"https:\/\/ichef.bbci.co.uk\/news\/640\/cpsprodpb\/956E\/production\/_111245283_natiqcfrli.png\" alt=\"Neftin indiki qiym\u0259tind\u0259 devalvasiya qa\u00e7\u0131lmazd\u0131r&quot;- Natiq C\u0259f\u0259rli - BBC News  Az\u0259rbaycanca\" width=\"757\" height=\"426\" \/><\/p>\n<p><strong>Natiq C\u0259f\u0259rli: \u201cT\u0259qa\u00fcdl\u0259r qaneedici s\u0259viyy\u0259y\u0259 \u00e7atd\u0131qdan sonra ya\u015f m\u0259s\u0259l\u0259si m\u00fczakir\u0259 oluna bil\u0259r\u201d<\/strong><\/p>\n<p>\u0130qtisad\u00e7\u0131 ekspert Natiq C\u0259f\u0259rli \u201cYeni M\u00fcsavat\u201da m\u00f6vzunu \u015f\u0259rh ed\u0259rk\u0259n bildirdi ki, Az\u0259rbaycanda m\u00fczakir\u0259 olunmal\u0131 \u0259sas m\u0259s\u0259l\u0259 pensiya ya\u015f\u0131n\u0131n yuxar\u0131 olmas\u0131 deyil, pensiyalar\u0131n m\u0259bl\u0259\u011finin a\u015fa\u011f\u0131 olmas\u0131d\u0131r. Ekspert qeyd etdi ki, ya\u015fl\u0131 insanlar\u0131n \u0259ks\u0259riyy\u0259ti pensiyaya \u00e7\u0131xmaq ist\u0259mir: \u201cMaa\u015flar y\u00fcks\u0259k, t\u0259qa\u00fcdl\u0259r is\u0259 a\u015fa\u011f\u0131d\u0131r. T\u0259qa\u00fcdl\u0259r qaneedici s\u0259viyy\u0259y\u0259 \u00e7atd\u0131qdan sonra ya\u015f m\u0259s\u0259l\u0259si m\u00fczakir\u0259 oluna bil\u0259r. Sistemin \u00f6z\u00fcnd\u0259 olan \u0259n b\u00f6y\u00fck probleml\u0259rd\u0259n biri t\u0259qa\u00fcd\u00fcn y\u0131\u011f\u0131m hiss\u0259sidir. Qanunvericiliy\u0259 g\u00f6r\u0259, minimum t\u0259qa\u00fcd artd\u0131qca t\u0259qa\u00fcd kapital\u0131n\u0131n y\u0131\u011f\u0131m hiss\u0259si d\u0259 art\u0131r. Haz\u0131rda bu r\u0259q\u0259m 40 min 320 AZN-dir. Az\u0259rbaycanda o q\u0259d\u0259r d\u0259 y\u00fcks\u0259k \u0259m\u0259k haqq\u0131 yoxdur ki, t\u0259qa\u00fcd ya\u015f\u0131na \u00e7atana kimi bu m\u0259bl\u0259\u011f y\u0131\u011f\u0131ls\u0131n v\u0259 normal t\u0259qa\u00fcd verilsin. \u0130lk n\u00f6vb\u0259d\u0259 bu m\u0259s\u0259l\u0259 h\u0259llini tapmal\u0131d\u0131r. Bundan ba\u015fqa, s\u00f6z\u00fcged\u0259n v\u0259sait t\u0259qa\u00fcd\u00e7\u00fcl\u0259rin \u00f6z v\u0259saiti hesab\u0131na y\u0131\u011f\u0131l\u0131r. T\u0259qa\u00fcd\u00e7\u00fcl\u0259r zaman\u0131 g\u0259l\u0259nd\u0259 bu m\u0259bl\u0259\u011fd\u0259n istifad\u0259 ed\u0259 bilm\u0259lidirl\u0259r, eyni zamanda v\u0259r\u0259s\u0259lik h\u00fcququ olmal\u0131d\u0131r. M\u0259bl\u0259\u011fin varisl\u0259r\u0259 \u00f6t\u00fcr\u00fclm\u0259si \u00fc\u00e7\u00fcn qanuni \u0259saslar yarad\u0131lmal\u0131d\u0131r. Y\u0259ni bu q\u0259d\u0259r ciddi problem var ik\u0259n pensiya ya\u015f\u0131 ikinci d\u0259r\u0259c\u0259li m\u0259s\u0259l\u0259dir\u201d.<\/p>\n<p>Sosial T\u0259dqiqatlar M\u0259rk\u0259zinin (STM) icra\u00e7\u0131 direktoru Sahib M\u0259mm\u0259dov is\u0259 hesab edir ki, pensiya ya\u015f\u0131n\u0131n art\u0131r\u0131lmas\u0131 \u0259v\u0259zin\u0259, daha k\u00f6kl\u00fc islahatlar apar\u0131lmal\u0131d\u0131r. S.M\u0259mm\u0259dovun fikrinc\u0259, pensiya islahatlar\u0131 sah\u0259sind\u0259 \u0259n ciddi probleml\u0259rd\u0259n biri qeyri-r\u0259smi \u0259m\u0259k bazar\u0131n\u0131n h\u0259cminin y\u00fcks\u0259k olmas\u0131d\u0131r: \u201cT\u0259qa\u00fcd ya\u015f\u0131n\u0131n art\u0131r\u0131lmas\u0131 prosesi davam edir. Ki\u015fil\u0259r \u00fc\u00e7\u00fcn pensiya ya\u015f\u0131 65 olaraq m\u00fc\u0259yy\u0259n edilib, qad\u0131nlar\u0131n pensiya ya\u015f\u0131 is\u0259 2027-ci il\u0259d\u0259k 65-\u0259 \u00e7atd\u0131r\u0131lacaq.<\/p>\n<p><img src=\"https:\/\/qht.az\/Images\/original\/e49c45aaeb3c4b1f8edf61df32b70ec81362023947958.jpg\" alt=\"Sahib M\u0259mm\u0259dov: Biznes qurumlar\u0131 QHT-l\u0259ri maliyy\u0259l\u0259\u015fdir\u0259n qurumlar s\u0131ras\u0131na  qat\u0131lmal\u0131d\u0131r\" \/><\/p>\n<p><strong>Sahib M\u0259mm\u0259dov: \u201cPensiya ya\u015f\u0131n\u0131n art\u0131r\u0131lmas\u0131 \u0259v\u0259zin\u0259, daha k\u00f6kl\u00fc islahatlar apar\u0131lmal\u0131d\u0131r\u201d<\/strong><\/p>\n<p>Bu h\u0259dd h\u0259r il yar\u0131m il art\u0131r\u0131lacaq. Yax\u0131n ill\u0259rd\u0259 pensiya ya\u015f\u0131n\u0131n daha da art\u0131r\u0131lmas\u0131 m\u0259s\u0259l\u0259sin\u0259 bax\u0131laca\u011f\u0131n\u0131 d\u00fc\u015f\u00fcnm\u00fcr\u0259m, \u00e7\u00fcnki bu, sosial \u0259dal\u0259tsizlik olar. Pensiya ya\u015f\u0131na \u00e7atmadan v\u0259fat ed\u0259n insanlar\u0131n say\u0131n\u0131 n\u0259z\u0259r\u0259 alsaq, bu, real g\u00f6r\u00fcnm\u00fcr. Pensiyadan sonrak\u0131 orta ya\u015f h\u0259ddi 7-8 ildir. Pensiya ya\u015f\u0131 bizd\u0259n daha yuxar\u0131 h\u0259dd\u0259 olan \u00f6lk\u0259l\u0259r var. M\u0259s\u0259l\u0259n, Avropa \u00f6lk\u0259l\u0259ri, Yaponiya, amma orada pensiyadan sonrak\u0131 \u00f6m\u00fcr daha uzundur. Pensiya ya\u015f\u0131n\u0131n yax\u0131n ill\u0259rd\u0259 azald\u0131laca\u011f\u0131n\u0131 ehtimal etmir\u0259m. Pensiya ya\u015f\u0131 ona g\u00f6r\u0259 art\u0131r\u0131l\u0131r ki, D\u00f6vl\u0259t Sosial M\u00fcdafi\u0259 Fondunun v\u0259saiti kifay\u0259t q\u0259d\u0259r deyil. D\u00fcnya standart\u0131nda 3-4 n\u0259f\u0259r i\u015fl\u0259y\u0259n\u0259 nisb\u0259td\u0259 1 n\u0259f\u0259r pensiya\u00e7\u0131 olmal\u0131d\u0131r. Bizd\u0259 is\u0259 bu r\u0259q\u0259m a\u015fa\u011f\u0131d\u0131r. M\u0259s\u0259l\u0259n, 130 n\u0259f\u0259r i\u015fl\u0259y\u0259n\u0259 nisb\u0259td\u0259 100 t\u0259qa\u00fcd\u00e7\u00fc var. Buna g\u00f6r\u0259 d\u0259 Sosial M\u00fcdafi\u0259 Fondunda v\u0259sait \u00e7at\u0131\u015fmazl\u0131\u011f\u0131 yaran\u0131r. Az\u0259rbaycanda 1,7 milyon n\u0259f\u0259r muzdlu i\u015f\u00e7iy\u0259 nisb\u0259td\u0259 1 milyon 300 min n\u0259f\u0259r t\u0259qa\u00fcd\u00e7\u00fc var. Y\u0131\u011f\u0131m kifay\u0259t q\u0259d\u0259r deyil, \u00e7\u00fcnki qeyri-formal \u0259m\u0259k bazar\u0131n\u0131n h\u0259cmi y\u00fcks\u0259k olaraq qal\u0131r&#8221;.<\/p>\n<p><strong>O ki qald\u0131 pensiya ya\u015f\u0131n\u0131n azald\u0131lmas\u0131na, S.M\u0259mm\u0259dov hesab edir ki, indiki v\u0259ziyy\u0259td\u0259 bu real deyil:<\/strong>\u00a0\u201cBunun \u00fc\u00e7\u00fcn d\u00f6vl\u0259t b\u00fcdc\u0259sind\u0259n transferl\u0259r olmal\u0131d\u0131r.\u00a0 H\u00f6kum\u0259tin bunu ed\u0259c\u0259yini d\u00fc\u015f\u00fcnm\u00fcr\u0259m. Amma m\u00fc\u0259yy\u0259n kateqoriyalar \u00fc\u00e7\u00fcn g\u00fcz\u0259\u015ft t\u0259tbiq edil\u0259 bil\u0259r. Qanunvericilikd\u0259 inc\u0259s\u0259n\u0259tin x\u00fcsusi sah\u0259l\u0259rinin, yeralt\u0131, \u0259m\u0259k \u015f\u0259raiti x\u00fcsusil\u0259 z\u0259r\u0259rli v\u0259 a\u011f\u0131r olan i\u015fl\u0259rd\u0259 az\u0131 12 il 6 ay \u00e7al\u0131\u015fm\u0131\u015f ki\u015fil\u0259rin v\u0259 az\u0131 10 il \u00e7al\u0131\u015fm\u0131\u015f qad\u0131nlar\u0131n ya\u015f h\u0259ddi 5 il azald\u0131lmaqla ya\u015fa g\u00f6r\u0259 \u0259m\u0259k pensiyas\u0131 h\u00fcququ vard\u0131r. Eyni zamanda t\u0259klif edir\u0259m ki, qeyri-formal \u0259m\u0259k bazar\u0131n\u0131n h\u0259cmi azald\u0131ls\u0131n. Muzdlu i\u015f\u00e7il\u0259rin \u0259ks\u0259riyy\u0259ti vergi orqanlar\u0131nda qeydiyyatdan ke\u00e7m\u0259yib.\u00a0 K\u00f6lg\u0259 iqtisadiyyat\u0131n\u0131n h\u0259cmi azald\u0131lmal\u0131d\u0131r\u201d.<\/p>\n<p>Xat\u0131rladaq ki, \u0259m\u0259k v\u0259 \u0259halinin sosial m\u00fcdafi\u0259si naziri Sahil Babayev son a\u00e7\u0131qlamalar\u0131ndan birind\u0259 bildirmi\u015fdi ki, Az\u0259rbaycanda effektiv pensiya ya\u015f\u0131 62-dir: \u201c65 ya\u015f normativ ya\u015fd\u0131r. Eyni zamanda qanunvericilikl\u0259 n\u0259z\u0259rd\u0259 tutulmu\u015f \u00e7oxsayl\u0131 g\u00fcz\u0259\u015ftl\u0259r n\u0259tic\u0259sind\u0259 effektiv ya\u015f 62-dir. Bu, d\u00fcnyada \u0259n a\u015fa\u011f\u0131 ya\u015flardan biridir. \u00d6m\u00fcr uzunlu\u011fu pariteti il\u0259 g\u00f6t\u00fcrs\u0259k, Az\u0259rbaycanda effektiv pensiyada olma m\u00fcdd\u0259ti 15 ildir. Bu da pensiyada olman\u0131n \u0259n y\u00fcks\u0259k r\u0259q\u0259ml\u0259rind\u0259n biridir. \u018fg\u0259r biz pensiya sistemini, sosial t\u0259minat sistemini da\u011f\u0131tmaq ist\u0259yiriks\u0259, ist\u0259nil\u0259n opportunist ill\u0259r, r\u0259q\u0259ml\u0259r s\u0259sl\u0259ndiril\u0259 bil\u0259r. G\u0259lin dey\u0259k, 30 ya\u015f\u0131ndan pensiya olacaq. Bunun alt\u0131nda n\u0259z\u0259ri, elmi t\u0259hlil olmal\u0131d\u0131r. D\u00fcnyada \u0259n uzunm\u00fcdd\u0259tli pensiya d\u00f6vrl\u0259rind\u0259n biri Az\u0259rbaycandad\u0131r. Bu da 15 ildir. X\u00fcsusi g\u00fcz\u0259\u015ftli t\u0259b\u0259q\u0259 h\u0259rb\u00e7il\u0259r, \u0259lilliyi olan insanlar\u0131m\u0131z v\u0259 dig\u0259rl\u0259ri \u00fc\u00e7\u00fcn pensiya d\u00f6vr\u00fc 18 ildir. Bu da d\u00fcnyada \u0259n uzunm\u00fcdd\u0259tli pensiya d\u00f6vl\u0259rind\u0259n biri hesab olunur. Bu r\u0259q\u0259ml\u0259r 1 milyon 100 min pensiya\u00e7\u0131n\u0131n aras\u0131nda olan r\u0259q\u0259ml\u0259rdir\u201d.<\/p>\n<p>Haz\u0131rda Az\u0259rbaycanda ki\u015fil\u0259rin pensiya ya\u015f\u0131 65, qad\u0131nlar\u0131nk\u0131 is\u0259 63.5-dir. Qad\u0131nlar\u0131n pensiya ya\u015f\u0131 t\u0259dric\u0259n &#8211; 2027-ci il\u0259d\u0259k 65-\u0259 \u00e7atd\u0131r\u0131lacaq.<\/p>\n","protected":false},"excerpt":{"rendered":"<p>Az\u0259rbaycanda c\u0259miyy\u0259ti ciddi \u015f\u0259kild\u0259 narahat ed\u0259n m\u0259s\u0259l\u0259l\u0259rd\u0259n biri d\u0259 pensiya ya\u015f\u0131n\u0131n ilb\u0259il art\u0131r\u0131lmas\u0131d\u0131r. Haz\u0131rda ki\u015fil\u0259r \u00fc\u00e7\u00fcn pensiya ya\u015f\u0131 65, qad\u0131nlar \u00fc\u00e7\u00fcn is\u0259 63.5-dir. Bu siyas\u0259tin yum\u015fald\u0131lmas\u0131n\u0131n, pensiya ya\u015f\u0131n\u0131n azald\u0131lmas\u0131n\u0131n z\u0259ruriliyind\u0259n daha \u00e7ox dan\u0131\u015f\u0131ld\u0131\u011f\u0131 halda, deputat, Milli M\u0259clisin \u018fm\u0259k v\u0259 sosial siyas\u0259t komit\u0259sinin s\u0259dri Musa Quliyev s\u0259rt m\u00f6vqe il\u0259 \u00e7\u0131x\u0131\u015f edib. O deyib: \u201cPensiya ya\u015f\u0131n\u0131n azald\u0131lmas\u0131 bu g\u00fcn g\u00fcnd\u0259md\u0259 deyil v\u0259 y\u0259qin ki, g\u0259l\u0259c\u0259kd\u0259 d\u0259 aktual olmayacaq. D\u00fcnyada h\u0259l\u0259 pensiya ya\u015f\u0131n\u0131n azald\u0131ld\u0131\u011f\u0131 \u00f6lk\u0259 yoxdur\u201d. Deputat h\u0259tta pensiya ya\u015f\u0131n\u0131n daha da art\u0131r\u0131lmas\u0131n\u0131 istina etm\u0259yib. Komit\u0259 s\u0259dri bildirib ki, pensiya ya\u015f\u0131n\u0131n art\u0131r\u0131lmas\u0131 b\u00fct\u00fcn&hellip;<\/p>\n","protected":false},"author":2,"featured_media":652116,"comment_status":"closed","ping_status":"closed","sticky":false,"template":"","format":"standard","meta":{"om_disable_all_campaigns":false,"_monsterinsights_skip_tracking":false,"_monsterinsights_sitenote_active":false,"_monsterinsights_sitenote_note":"","_monsterinsights_sitenote_category":0},"categories":[26],"tags":[],"aioseo_notices":[],"gutentor_comment":0,"rttpg_featured_image_url":{"full":["https:\/\/arantv.az\/wp-content\/uploads\/2023\/11\/ab5a79d19ab79823ee0c01ab9556890f.jpg",620,412,false],"landscape":["https:\/\/arantv.az\/wp-content\/uploads\/2023\/11\/ab5a79d19ab79823ee0c01ab9556890f.jpg",620,412,false],"portraits":["https:\/\/arantv.az\/wp-content\/uploads\/2023\/11\/ab5a79d19ab79823ee0c01ab9556890f.jpg",620,412,false],"thumbnail":["https:\/\/arantv.az\/wp-content\/uploads\/2023\/11\/ab5a79d19ab79823ee0c01ab9556890f-500x280.jpg",500,280,true],"medium":["https:\/\/arantv.az\/wp-content\/uploads\/2023\/11\/ab5a79d19ab79823ee0c01ab9556890f-549x365.jpg",549,365,true],"large":["https:\/\/arantv.az\/wp-content\/uploads\/2023\/11\/ab5a79d19ab79823ee0c01ab9556890f.jpg",620,412,false],"1536x1536":["https:\/\/arantv.az\/wp-content\/uploads\/2023\/11\/ab5a79d19ab79823ee0c01ab9556890f.jpg",620,412,false],"2048x2048":["https:\/\/arantv.az\/wp-content\/uploads\/2023\/11\/ab5a79d19ab79823ee0c01ab9556890f.jpg",620,412,false],"post-thumbnail":["https:\/\/arantv.az\/wp-content\/uploads\/2023\/11\/ab5a79d19ab79823ee0c01ab9556890f-240x172.jpg",240,172,true],"advps-thumb-one":["https:\/\/arantv.az\/wp-content\/uploads\/2023\/11\/ab5a79d19ab79823ee0c01ab9556890f.jpg",620,412,false]},"rttpg_author":{"display_name":"V\u00fcsal Rafiqo\u011flu","author_link":"https:\/\/arantv.az\/?author=2"},"rttpg_comment":0,"rttpg_category":"<a href=\"https:\/\/arantv.az\/?cat=26\" rel=\"category\">Sosial<\/a>","rttpg_excerpt":"Az\u0259rbaycanda c\u0259miyy\u0259ti ciddi \u015f\u0259kild\u0259 narahat ed\u0259n m\u0259s\u0259l\u0259l\u0259rd\u0259n biri d\u0259 pensiya ya\u015f\u0131n\u0131n ilb\u0259il art\u0131r\u0131lmas\u0131d\u0131r. Haz\u0131rda ki\u015fil\u0259r \u00fc\u00e7\u00fcn pensiya ya\u015f\u0131 65, qad\u0131nlar \u00fc\u00e7\u00fcn is\u0259 63.5-dir. Bu siyas\u0259tin yum\u015fald\u0131lmas\u0131n\u0131n, pensiya ya\u015f\u0131n\u0131n azald\u0131lmas\u0131n\u0131n z\u0259ruriliyind\u0259n daha \u00e7ox dan\u0131\u015f\u0131ld\u0131\u011f\u0131 halda, deputat, Milli M\u0259clisin \u018fm\u0259k v\u0259 sosial siyas\u0259t komit\u0259sinin s\u0259dri Musa Quliyev s\u0259rt m\u00f6vqe il\u0259 \u00e7\u0131x\u0131\u015f edib. O deyib: \u201cPensiya ya\u015f\u0131n\u0131n azald\u0131lmas\u0131&hellip;","_links":{"self":[{"href":"https:\/\/arantv.az\/index.php?rest_route=\/wp\/v2\/posts\/652111"}],"collection":[{"href":"https:\/\/arantv.az\/index.php?rest_route=\/wp\/v2\/posts"}],"about":[{"href":"https:\/\/arantv.az\/index.php?rest_route=\/wp\/v2\/types\/post"}],"author":[{"embeddable":true,"href":"https:\/\/arantv.az\/index.php?rest_route=\/wp\/v2\/users\/2"}],"replies":[{"embeddable":true,"href":"https:\/\/arantv.az\/index.php?rest_route=%2Fwp%2Fv2%2Fcomments&post=652111"}],"version-history":[{"count":0,"href":"https:\/\/arantv.az\/index.php?rest_route=\/wp\/v2\/posts\/652111\/revisions"}],"wp:featuredmedia":[{"embeddable":true,"href":"https:\/\/arantv.az\/index.php?rest_route=\/wp\/v2\/media\/652116"}],"wp:attachment":[{"href":"https:\/\/arantv.az\/index.php?rest_route=%2Fwp%2Fv2%2Fmedia&parent=652111"}],"wp:term":[{"taxonomy":"category","embeddable":true,"href":"https:\/\/arantv.az\/index.php?rest_route=%2Fwp%2Fv2%2Fcategories&post=652111"},{"taxonomy":"post_tag","embeddable":true,"href":"https:\/\/arantv.az\/index.php?rest_route=%2Fwp%2Fv2%2Ftags&post=652111"}],"curies":[{"name":"wp","href":"https:\/\/api.w.org\/{rel}","templated":true}]}}